{"id":7663,"date":"2021-10-06T09:00:00","date_gmt":"2021-10-06T12:00:00","guid":{"rendered":"http:\/\/latinoamerica21.com\/?p=7663"},"modified":"2021-10-17T18:38:36","modified_gmt":"2021-10-17T21:38:36","slug":"los-anti-vacuna-y-su-libertad-para-contagiarnos","status":"publish","type":"post","link":"https:\/\/latinoamerica21.com\/es\/los-anti-vacuna-y-su-libertad-para-contagiarnos\/","title":{"rendered":"Los anti-vacuna y su \u201clibertad\u201d para contagiarnos"},"content":{"rendered":"\n<p><strong><em>Coautor Federico Finchelstein<\/em><\/strong><\/p>\n\n\n\n<p>En plena pandemia, Jair Bolsonaro, as\u00ed como Donald Trump, ha buscado beneficiarse pol\u00edticamente negando la ciencia y promoviendo el avance de la enfermedad. Pero en Austria, los anti-vacuna han ido m\u00e1s all\u00e1. En el pa\u00eds alpino los esc\u00e9pticos del Covid-19 ya tienen su partido y recientemente ganaron esca\u00f1os en el parlamento regional en un hecho in\u00e9dito que se enmarca en un fen\u00f3meno mas amplio, la politizaci\u00f3n extremista de la enfermedad.<\/p>\n\n\n\n<p>Como con Bolsonaro en Brasil, pero de forma aun m\u00e1s exclusiva, el objetivo central de este nuevo partido es la oposici\u00f3n a la campa\u00f1a de vacunaci\u00f3n del gobierno austr\u00edaco y el rechazo a las nuevas restricciones que requieren prueba de inoculaci\u00f3n para ingresar a restaurantes y otros espacios cerrados.<\/p>\n\n\n\n<p>A nivel global, <a href=\"http:\/\/latinoamerica21.com\/es\/vacunas-y-verdades-en-el-mundo-de-la-posverdad\/\" target=\"_blank\" rel=\"noreferrer noopener\">el movimiento anti-vacunas est\u00e1 compuesto por un grupo muy ecl\u00e9ctico de personas atra\u00eddas por el miedo<\/a>. Desde padres que se piensan progresistas y consideran que junto a sus hijos viven vidas saludables por lo que no enfermar\u00e1n, y por ende no necesitan incorporar a sus cuerpos elementos extra\u00f1os que pueden provocarles efectos negativos, hasta grupos de extrema derecha cuya paranoia les lleva a fantasear con conspiraciones de gobiernos, magnates y la industria farmac\u00e9utica quienes supuestamente esconden la verdad. Ante estos temores, los anti-vacuna prefieren la enfermedad o el riesgo potencial a la enfermedad.<\/p>\n\n\n\n<p><strong>El primer partido anti-vacuna<\/strong><strong><\/strong><\/p>\n\n\n\n<p>El partido austriaco anti-vacuna adopt\u00f3 como nombre una trinidad, \u201cPueblo, Libertad, Derechos\u201d. De momento es un partido minoritario, y las libertades y derechos que reclama son los mismos de los anti-vacuna a nivel global, que son libertad y derecho para contagiarse y por ende contagiarnos.<\/p>\n\n\n\n<p>Como se\u00f1ala el <a href=\"https:\/\/www.ft.com\/content\/afbc2a99-8b90-4a31-a8c3-70965b25a6d8\"><em>Financial Times<\/em><\/a><em>,<\/em><em> <\/em>este efecto menor puede tener repercusiones mayores en el futuro. Austria es, adem\u00e1s, el pa\u00eds que primero nos regal\u00f3 a Adolf Hitler y luego, a fines del siglo pasado, a J\u00f6rg Haider, unos de los primeros populistas de extrema derecha que lleg\u00f3 al poder en una coalici\u00f3n de gobierno en el a\u00f1o 2000. En esos a\u00f1os, en que la cercan\u00eda al fascismo era algo t\u00f3xico, Austria fue muy criticada en la Comunidad Europea y se convirti\u00f3 en una suerte de paria internacional. Hoy el contexto es muy distinto.<\/p>\n\n\n\n<p>L\u00edderes como Donald Trump y su disc\u00edpulo, Jair Bolsonaro, son claramente pro-Covid en el sentido de que sus pol\u00edticas y mentiras beneficiaron la propagaci\u00f3n de la pandemia, primero en sus pa\u00edses y luego a nivel global. Si bien Bolsonaro es claramente anti-vacuna, Trump es ambivalente y tiende a apoyar el profundo rechazo de sus votantes a las vacunas. Una de sus fantas\u00edas vincula a la vacuna triple viral \u2014que protege contra el sarampi\u00f3n, paperas y rubeola\u2014 con el diagn\u00f3stico de autismo en ni\u00f1os.\u00a0 Este miedo infundado a las vacunas lo difundi\u00f3 exitosamente a trav\u00e9s de sus mensajes en Twitter, lo cual no quit\u00f3 que al abandonar la Casa Blanca recibiera su vacuna anti-covid. \u00a0<\/p>\n\n\n\n<p>Tanto Bolsonaro como Trump hacen pol\u00edtica con el Covid-19 pero tambi\u00e9n tienen otras prioridades antidemocr\u00e1ticas en su agenda. A saber: negar resultados electorales, fomentar la xenofobia, militarizar la pol\u00edtica, reprimir y victimizar minor\u00edas, inmigrantes y periodistas, planificar auto-golpes pasados y futuros, y sobre todo tratar de no ir a la c\u00e1rcel por las sospechas de il\u00edcitos y corrupci\u00f3n que los acechan.<\/p>\n\n\n\n<p>La candidata repetida post-fascista a la presidencia de Francia, Marine Le Pen, y su partido presentaron \u201cel libro negro del Coronavirus\u201d dedicado a todas las v\u00edctimas del virus. La paradoja es que a la vez que denuncian las \u201cmentiras\u201d y las medidas sanitarias del gobierno franc\u00e9s, presentan la libertad como el derecho a ignorar la ciencia sobre la enfermedad.<\/p>\n\n\n\n<p>En este sentido, todos ellos se sit\u00faan a la derecha de Haider y m\u00e1s cercanos a Hitler. Para los fascistas, las palabras est\u00e1n al servicio de mentiras simples y absolutas, que en realidad son mentiras mayores. La gran mentira sobre el Covid, as\u00ed como la gran mentira sobre las elecciones y el golpe fallido, definen la historia del trumpismo de la misma forma que las mentiras antisemitas definieron al nazismo. Pero es necesario recordar que los nazis utilizaban la enfermedad como met\u00e1fora, y a veces tambi\u00e9n como realidad contra sus enemigos.<\/p>\n\n\n\n<p>En su libro <em>Mi Lucha, <\/em>Hitler afirm\u00f3 que para quienes quer\u00edan la libertad de la \u201csangre alemana\u201d era necesaria \u201cliberarla\u201d del \u201cvirus extranjero\u201d representado por el \u201cproblema jud\u00edo\u201d. Como se\u00f1ala Branko Marcetic en un texto publicado en la revista <em>Jacobin<\/em>, <a href=\"https:\/\/jacobinmag.com\/2021\/09\/vaccine-mandates-covid-pandemic-german-nazi-inoculation-policy\">contrariamente a los supuestos precedentes fascistas de los mandatos para las vacunaciones de los anti-vacunas y la extrema derecha de Europa<\/a>, Estados Unidos y Am\u00e9rica Latina, los nazis en realidad relajaron las vacunaciones para los alemanes y restringieron totalmente la vacunaci\u00f3n para personas consideradas inferiores.<\/p>\n\n\n\n<p>Los nazis dejaron de vacunar con el prop\u00f3sito de fomentar la enfermedad y la muerte entre los ajenos, no con los propios. En esto sus herederos se diferencian, promueven entre sus seguidores la desinformaci\u00f3n sobre la vacunaci\u00f3n y las mentiras sobre las medidas sanitarias y formas de contagio, lo cual ha provocado una mayor incidencia de muertes entre sus propios seguidores.<\/p>\n\n\n\n<p>Hitler defini\u00f3 que su pol\u00edtica buscaba construir los primeros pelda\u00f1os para que su naci\u00f3n \u201cascendiera al templo de la libertad\u201d, la misma \u201clibertad\u201d a la que hace referencia el partido Pro-Covid de Austria cuyo lema es \u201cno creas en todo lo que te dicen.\u201d De todas las lecciones que ha dejado la pandemia, las met\u00e1foras de la enfermedad y la ignorancia de la ciencia son de las m\u00e1s preocupantes. Y es que quienes hablan de libertad como licencia para contagiar al resto de la sociedad son en realidad sus mayores enemigos.<\/p>\n\n\n\n<p><em><sub>*Este texto es una reedici\u00f3n de un texto publicado originalmente en Clar\u00edn, Argentina<\/sub><\/em><\/p>\n\n\n\n<p><em><sub>Federico Finchelstein es profesor de Historia de New School for Social Research (Nueva York). Doctor por Cornell Univ. Autor de varios libros sobre fascismo, populismo, dictaduras y el Holocausto. Su \u00faltimo libro es \u00abBrief History of Fascist Lies\u00bb (2020).<\/sub><\/em><\/p>\n","protected":false},"excerpt":{"rendered":"<p>Coautor Federico Finchelstein<br \/>\nEn plena pandemia, Jair Bolsonaro, as\u00ed como Donald Trump, ha buscado beneficiarse pol\u00edticamente negando la ciencia y promoviendo el avance de la enfermedad. Pero en Austria, los anti-vacuna han ido m\u00e1s all\u00e1, crearon su propio partido y recientemente ganaron esca\u00f1os en el parlamento regional.<\/p>\n","protected":false},"author":164,"featured_media":7664,"comment_status":"closed","ping_status":"closed","sticky":false,"template":"","format":"standard","meta":{"_acf_changed":false,"episode_type":"","audio_file":"","cover_image":"","cover_image_id":"","duration":"","filesize":"","filesize_raw":"","date_recorded":"","explicit":"","block":"","itunes_episode_number":"","itunes_title":"","itunes_season_number":"","itunes_episode_type":"","footnotes":""},"categories":[16599],"tags":[],"gps":[],"class_list":{"0":"post-7663","1":"post","2":"type-post","3":"status-publish","4":"format-standard","5":"has-post-thumbnail","7":"category-internet-es"},"acf":[],"_links":{"self":[{"href":"https:\/\/latinoamerica21.com\/es\/wp-json\/wp\/v2\/posts\/7663","targetHints":{"allow":["GET"]}}],"collection":[{"href":"https:\/\/latinoamerica21.com\/es\/wp-json\/wp\/v2\/posts"}],"about":[{"href":"https:\/\/latinoamerica21.com\/es\/wp-json\/wp\/v2\/types\/post"}],"author":[{"embeddable":true,"href":"https:\/\/latinoamerica21.com\/es\/wp-json\/wp\/v2\/users\/164"}],"replies":[{"embeddable":true,"href":"https:\/\/latinoamerica21.com\/es\/wp-json\/wp\/v2\/comments?post=7663"}],"version-history":[{"count":0,"href":"https:\/\/latinoamerica21.com\/es\/wp-json\/wp\/v2\/posts\/7663\/revisions"}],"wp:featuredmedia":[{"embeddable":true,"href":"https:\/\/latinoamerica21.com\/es\/wp-json\/wp\/v2\/media\/7664"}],"wp:attachment":[{"href":"https:\/\/latinoamerica21.com\/es\/wp-json\/wp\/v2\/media?parent=7663"}],"wp:term":[{"taxonomy":"category","embeddable":true,"href":"https:\/\/latinoamerica21.com\/es\/wp-json\/wp\/v2\/categories?post=7663"},{"taxonomy":"post_tag","embeddable":true,"href":"https:\/\/latinoamerica21.com\/es\/wp-json\/wp\/v2\/tags?post=7663"},{"taxonomy":"gps","embeddable":true,"href":"https:\/\/latinoamerica21.com\/es\/wp-json\/wp\/v2\/gps?post=7663"}],"curies":[{"name":"wp","href":"https:\/\/api.w.org\/{rel}","templated":true}]}}