{"id":7743,"date":"2021-10-11T09:00:00","date_gmt":"2021-10-11T12:00:00","guid":{"rendered":"http:\/\/latinoamerica21.com\/?p=7743"},"modified":"2023-10-24T07:44:28","modified_gmt":"2023-10-24T10:44:28","slug":"bajo-el-gobierno-de-bolsonaro-1000-dias-de-mentiras-y-una-verdad","status":"publish","type":"post","link":"https:\/\/latinoamerica21.com\/es\/bajo-el-gobierno-de-bolsonaro-1000-dias-de-mentiras-y-una-verdad\/","title":{"rendered":"Bajo el gobierno de Bolsonaro: 1000 d\u00edas de mentiras y una verdad"},"content":{"rendered":"\n<p><strong><em>Coautor Andr\u00e9 Rodrigues <\/em><\/strong><\/p>\n\n\n\n<p>El 27 de septiembre de 2021, Jair Bolsonaro cumpli\u00f3 mil d\u00edas en el Poder Ejecutivo. En este breve art\u00edculo destacaremos dos aspectos importantes que son estructurales en su trayectoria: el presidente miliciano y el presidente falso. De hecho, ambos son parte estructural de la presidencia de Bolsonaro.<\/p>\n\n\n\n<p><strong>\u00bfQui\u00e9n es Jair Bolsonaro?<\/strong><\/p>\n\n\n\n<p>Bolsonaro es un pol\u00edtico antidemocr\u00e1tico. Ha crecido a partir de una baja representaci\u00f3n, cosida por una red de relaciones que oscilan entre el mundo institucional y el mundo del crimen. <a href=\"https:\/\/congressoemfoco.uol.com.br\/eleicoes\/na-camara-bolsonaro-prioriza-militares-e-ignora-saude-e-educacao\/\">En casi 30 a\u00f1os como legislador, s\u00f3lo tuvo un proyecto que se convirti\u00f3 en ley<\/a>. Por otro lado, siempre trabaj\u00f3 para aumentar su propio patrimonio y el de su familia.<\/p>\n\n\n\n<p>Un rasgo distintivo es el escaso compromiso con el inter\u00e9s p\u00fablico y el bienestar social. Bolsonaro ha construido su imagen pol\u00edtica como el outsider cuya lucha contra cualquier cosa que se parezca a la democracia significa la afirmaci\u00f3n de un orden social y autoritario.<\/p>\n\n\n\n<p>Esta postura se presenta en su lenguaje pol\u00edtico bajo las banderas de \u00abla libertad por encima de la vida\u00bb, \u00abla familia tradicional\u00bb y \u00abDios por encima de todo\u00bb. Emblemas de un orden que no se construye con palabras igualitarias, sino con la fuerza &#8211; de las armas, o del discurso m\u00e1gico-religioso. Su construcci\u00f3n como pol\u00edtico tuvo lugar en la representaci\u00f3n de lo que permanece en la sombra, del odio. Sectores que siempre han existido en las democracias y que dif\u00edcilmente ser\u00edan canalizados por ella.<\/p>\n\n\n\n<p>Por lo tanto, un aspecto tr\u00e1gico para la democracia brasile\u00f1a es la ideolog\u00eda miliciana que mueve su l\u00f3gica y sus acciones. Es la creencia de que no hay otro instrumento para la construcci\u00f3n del orden que el poder de matar y que cualquier l\u00edmite legal a este poder debe ser rechazado como una amenaza a ese orden.<\/p>\n\n\n\n<p>Esta ideolog\u00eda piensa la pol\u00edtica a trav\u00e9s de la l\u00f3gica de las organizaciones criminales. Los acuerdos subterr\u00e1neos con sectores privados y el saqueo de la m\u00e1quina p\u00fablica son recurrentes en las investigaciones de la prensa y los organismos de control sobre el gobierno de Bolsonaro.<\/p>\n\n\n\n<p>Dos episodios expresan esto de forma n\u00edtida. El primero fueron las <a href=\"https:\/\/www.bbc.com\/portuguese\/brasil-58479785\">manifestaciones antidemocr\u00e1ticas que Bolsonaro promovi\u00f3 el 7 de septiembre de 2021<\/a>, cuya agenda principal era el cierre del Supremo Tribunal Federal (STF). La infraestructura y las herramientas de movilizaci\u00f3n de estas manifestaciones fueron financiadas por sectores del empresariado y del agronegocio que tienen relaciones turbias con el presidente, su familia y sus aliados. La elecci\u00f3n del STF como objetivo se explica por su actuaci\u00f3n en defensa de la democracia, poniendo l\u00edmites a las constantes desviaciones en la forma de actuar del presidente.&nbsp;<\/p>\n\n\n\n<p>El segundo episodio fue revelado por la Comisi\u00f3n Parlamentaria de Investigaci\u00f3n (CPI) del Senado Federal que investiga las acciones del Gobierno Federal sobre la pandemia. Las investigaciones de la CPI mostraron que <a href=\"https:\/\/g1.globo.com\/politica\/cpi-da-covid\/noticia\/2021\/09\/14\/juristas-indicam-em-parecer-a-cpi-que-bolsonaro-cometeu-crime-de-responsabilidade-na-pandemia.ghtml\">Bolsonaro promovi\u00f3 una pol\u00edtica de propagaci\u00f3n del virus teniendo como estrategia la apuesta por la inmunidad de reba\u00f1o y la adopci\u00f3n del llamado \u00abtratamiento precoz\u00bb<\/a>, con medicamentos sin eficacia para el tratamiento del Covid-19.<\/p>\n\n\n\n<p>La CPI revel\u00f3 tambi\u00e9n que esta pol\u00edtica se practicaba mediante un acuerdo en el que participaban empresas sanitarias privadas, el Ministerio de Salud, el Consejo Federal de Medicina y algunos empresarios de otros sectores que formaban, seg\u00fan los senadores de la CPI, <a href=\"https:\/\/g1.globo.com\/politica\/cpi-da-covid\/noticia\/2021\/09\/28\/cpi-advogada-diz-que-prevent-e-medicos-do-gabinete-paralelo-fizeram-pacto-pro-hidroxicloroquina-para-evitar-lockdown.ghtml\">un \u00abgabinete paralelo\u00bb o \u00abgabinete en la sombra\u00bb<\/a>.&nbsp;<\/p>\n\n\n\n<p>En este proceso, una empresa sanitaria privada que integraba el \u00abgabinete paralelo\u00bb <a href=\"https:\/\/www12.senado.leg.br\/noticias\/materias\/2021\/09\/28\/advogada-diz-a-cpi-que-prevent-obrigava-medicos-a-receitar-kit-covid\">promovi\u00f3 estudios clandestinos en humanos, con pr\u00e1cticas eugenistas<\/a>, para probar la eficacia de la hidroxicloroquina y otros f\u00e1rmacos que formaban parte del llamado <a href=\"http:\/\/latinoamerica21.com\/br\/o-apagamento-do-social-no-brasil\/\">\u00abkit covid\u00bb<\/a>.<\/p>\n\n\n\n<p>Bolsonaro, su familia y sus compinches de los negocios y el crimen ocupan Brasilia como una fuerza invasora. Las fuerzas antidemocr\u00e1ticas del siglo XXI no siempre operan con tanques en la calle. Las milicias digitales, la ret\u00f3rica de la destrucci\u00f3n, la ideolog\u00eda miliciana, los militares en los despachos y la connivencia empresarial secuestran las democracias.<\/p>\n\n\n\n<p><strong>Un presidente falso y el regreso de Brasil al mapa del hambre<\/strong><\/p>\n\n\n\n<p>La postura de Bolsonaro, desde el principio, fue falsa. Era un militar que sali\u00f3 por la puerta de atr\u00e1s, pero act\u00faa como si fuera un militar de \u00e9xito. Falso.<\/p>\n\n\n\n<p>Como legislador siempre fue falso. Nadie lo tom\u00f3 en serio. En concreto, no hizo nada m\u00e1s all\u00e1 de robar fondos p\u00fablicos, como indican las acusaciones sobre las <a href=\"https:\/\/noticias.uol.com.br\/reportagens-especiais\/ex-cunhada-implica-jair-bolsonaro\/\">tramas de empleados fantasmas en su despacho y en el de sus hijos<\/a>.<\/p>\n\n\n\n<p>La campa\u00f1a presidencial fue falsa. No hubo debate, sino muchos medios de comunicaci\u00f3n tratando de enmascarar a la bestia incivilizada que era la punta de lanza de las \u00e9lites econ\u00f3micas y los militares deseosos de volver al poder.<\/p>\n\n\n\n<p>En la trayectoria de los 1000 d\u00edas, a imagen y semejanza de la experiencia Trump, desde el centro del poder se cre\u00f3 una estructura de noticias falsas para mantener y guiar su gobierno. Desde su toma de posesi\u00f3n, como muestra <a href=\"https:\/\/www.aosfatos.org\/noticias\/aos-mil-dias-de-governo-2-a-cada-3-declaracoes-falsas-de-bolsonaro-sao-repetidas\/\">la encuesta del portal Aos Fatos, el presidente ha dicho 3.989 falsedades y tergiversaciones, casi cuatro mentiras por d\u00eda de gobierno<\/a>. Un Pinocho de carne y hueso. El presidente habl\u00f3 poco de cualquier pol\u00edtica p\u00fablica que no fuera una ofensa para alg\u00fan sector de la sociedad o alguna instituci\u00f3n de la democracia.<\/p>\n\n\n\n<p>Las noticias falsas movilizaban a una masa que se convirti\u00f3 en el segmento de la sociedad al que dirig\u00eda su gobierno. Un 20% del electorado. As\u00ed, Brasil vio c\u00f3mo el presidente atacaba a todos los que no estaban alineados con estos sectores fan\u00e1ticos y desinformados a prop\u00f3sito. Las universidades se convirtieron desde el principio en uno de sus objetivos prioritarios: espacios de diversidad y b\u00fasqueda de la verdad, constituyen, por definici\u00f3n, una amenaza para la mentira como forma de gobierno.<\/p>\n\n\n\n<p>En la \u00faltima Asamblea General de las Naciones Unidas, el discurso del presidente se dirigi\u00f3 a su sector fan\u00e1tico, olvidando que el mundo entero estaba escuchando. <a href=\"https:\/\/noticias.uol.com.br\/confere\/ultimas-noticias\/2021\/09\/21\/mentiras-bolsonaro-discurso-na-onu.htm\">Su discurso estuvo estructurado a base de mentiras y desinformaci\u00f3n, demostrando hasta qu\u00e9 punto desprecia la democracia y la propia sociedad<\/a>. Lejos de las obligaciones t\u00edpicas de los presidentes, Bolsonaro tiene m\u00e1s que ver con un administrador de un grupo de WhatsApp que con un estadista que dirige el rumbo de uno de los mayores pa\u00edses del planeta. Un pa\u00eds con gran importancia en la regi\u00f3n, donde, hace a\u00f1os, marc\u00f3 el rumbo del Cono Sur.<\/p>\n\n\n\n<p>Pero lo que no se puede ocultar con las noticias falsas es <a href=\"https:\/\/www.istoedinheiro.com.br\/mais-de-116-milhoes-de-brasileiros-nao-tem-comida-suficiente-ou-passam-fome-diz-pesquisa\/\">el hambre (y la inseguridad alimentaria) que afecta a m\u00e1s de 116 millones de brasile\u00f1os<\/a>. Con una econom\u00eda devastada que s\u00f3lo benefici\u00f3 a los sectores financieros y al latifundio, Brasil tiene un desempe\u00f1o desastroso en todas las \u00e1reas sociales. Adem\u00e1s, la tasa de desempleo ha alcanzado el 14,6%, llegando a casi 15 millones de brasile\u00f1os. Y esta es la \u00fanica verdad de estos mil d\u00edas: Brasil vuelve a estar en el mapa del hambre.<\/p>\n\n\n\n<p><em><sub>Andr\u00e9 Rodrigues es<\/sub><\/em><strong><sub> <\/sub><\/strong><em><sub>polit\u00f3logo, doctor en Ciencias Pol\u00edticas por el IESP\/UERJ y profesor de la Universidade Federal Fluminense (UFF).<\/sub><\/em><\/p>\n\n\n\n<p><em><sub>Foto de Pal\u00e1cio de Planalto ee Foter<\/sub><\/em><\/p>\n","protected":false},"excerpt":{"rendered":"<p>Coautor Andr\u00e9 Rodrigues<br \/>\nBolsonaro tiene m\u00e1s que ver con un administrador de un grupo de WhatsApp que con un estadista que dirige el rumbo de uno de los mayores pa\u00edses del planeta. El pa\u00eds que hace a\u00f1os marc\u00f3 el rumbo del Cono Sur.<\/p>\n","protected":false},"author":254,"featured_media":7744,"comment_status":"closed","ping_status":"closed","sticky":false,"template":"","format":"standard","meta":{"_acf_changed":false,"episode_type":"","audio_file":"","cover_image":"","cover_image_id":"","duration":"","filesize":"","filesize_raw":"","date_recorded":"","explicit":"","block":"","itunes_episode_number":"","itunes_title":"","itunes_season_number":"","itunes_episode_type":"","footnotes":""},"categories":[16502,16468,16553,16502,16468,16553],"tags":[14126],"gps":[],"class_list":{"0":"post-7743","1":"post","2":"type-post","3":"status-publish","4":"format-standard","5":"has-post-thumbnail","7":"category-jair-bolsonaro","8":"category-politica","9":"category-desinformacion","13":"tag-debates-br-es"},"acf":[],"_links":{"self":[{"href":"https:\/\/latinoamerica21.com\/es\/wp-json\/wp\/v2\/posts\/7743","targetHints":{"allow":["GET"]}}],"collection":[{"href":"https:\/\/latinoamerica21.com\/es\/wp-json\/wp\/v2\/posts"}],"about":[{"href":"https:\/\/latinoamerica21.com\/es\/wp-json\/wp\/v2\/types\/post"}],"author":[{"embeddable":true,"href":"https:\/\/latinoamerica21.com\/es\/wp-json\/wp\/v2\/users\/254"}],"replies":[{"embeddable":true,"href":"https:\/\/latinoamerica21.com\/es\/wp-json\/wp\/v2\/comments?post=7743"}],"version-history":[{"count":0,"href":"https:\/\/latinoamerica21.com\/es\/wp-json\/wp\/v2\/posts\/7743\/revisions"}],"wp:featuredmedia":[{"embeddable":true,"href":"https:\/\/latinoamerica21.com\/es\/wp-json\/wp\/v2\/media\/7744"}],"wp:attachment":[{"href":"https:\/\/latinoamerica21.com\/es\/wp-json\/wp\/v2\/media?parent=7743"}],"wp:term":[{"taxonomy":"category","embeddable":true,"href":"https:\/\/latinoamerica21.com\/es\/wp-json\/wp\/v2\/categories?post=7743"},{"taxonomy":"post_tag","embeddable":true,"href":"https:\/\/latinoamerica21.com\/es\/wp-json\/wp\/v2\/tags?post=7743"},{"taxonomy":"gps","embeddable":true,"href":"https:\/\/latinoamerica21.com\/es\/wp-json\/wp\/v2\/gps?post=7743"}],"curies":[{"name":"wp","href":"https:\/\/api.w.org\/{rel}","templated":true}]}}