{"id":7878,"date":"2021-10-24T07:06:24","date_gmt":"2021-10-24T10:06:24","guid":{"rendered":"http:\/\/latinoamerica21.com\/?p=7878"},"modified":"2024-06-14T10:12:19","modified_gmt":"2024-06-14T13:12:19","slug":"y-si-creamos-nuestro-propio-new-york-times","status":"publish","type":"post","link":"https:\/\/latinoamerica21.com\/es\/y-si-creamos-nuestro-propio-new-york-times\/","title":{"rendered":"\u00bfY si creamos nuestro propio New York Times?"},"content":{"rendered":"\n<p>El 28 de septiembre el <em>New York Times<\/em> sac\u00f3 su \u00faltimo texto original en espa\u00f1ol. El cierre de la secci\u00f3n de opini\u00f3n en espa\u00f1ol, un proyecto que form\u00f3 parte de un proceso iniciado en 2016, fue rechazado por un grupo de 100 latinoamericanos o especialistas en la regi\u00f3n entre reconocidos periodistas, cinco ex presidentes y referentes del mundo de la cultura, que <a href=\"https:\/\/www.documentcloud.org\/documents\/21077450-letter-the-new-york-times\" target=\"_blank\" rel=\"noreferrer noopener\">instaron al editor del peri\u00f3dico m\u00e1s influyente del mundo, a trav\u00e9s de una carta<\/a>, a no cerrarla. Esta decisi\u00f3n no solo entierra un espacio period\u00edstico que ha sido esencial para fortalecer la comprensi\u00f3n de la audiencia global sobre nuestra regi\u00f3n, sino que evidencia su irrelevancia en el debate global. Sin embargo, lo m\u00e1s triste de todo esto es que nos recuerda la profunda subordinaci\u00f3n de la regi\u00f3n a la hora de informar sobre s\u00ed misma.<\/p>\n\n\n\n<p>Digo esto no tanto por el rol espec\u00edfico del medio estadounidense como porque el cierre de su secci\u00f3n en espa\u00f1ol forma parte de un fen\u00f3meno mucho m\u00e1s profundo. De hecho, el principal representante entre los medios que se dedican a explicar Am\u00e9rica Latina, es <em>El Pa\u00eds<\/em>. La principal cabecera espa\u00f1ola es quien mejor y m\u00e1s profundamente cubre la realidad de nuestra regi\u00f3n. Y por ello, muchos latinoamericanos desayunamos los domingos leyendo un diario de Espa\u00f1a para entender qu\u00e9 pasa en nuestra regi\u00f3n.<\/p>\n\n\n\n<p>Para convertirse en el principal referente en cubrir Am\u00e9rica Latina, en los \u00faltimos a\u00f1os <em>El Pa\u00eds<\/em> ha abierto redacciones en Ciudad de M\u00e9xico y Sao Paulo para cubrir sus secciones de Am\u00e9rica, M\u00e9xico y Brasil. Pero estos no son los \u00fanicos casos, la gran mayor\u00eda de los medios globales occidentales tienen versiones, secciones y espacios dedicados a cubrir la realidad latinoamericana.<\/p>\n\n\n\n<p>BBC Am\u00e9ricas, formada por BBC News Mundo y BBC News Brasil, cuenta con unos 80 periodistas entre su redacci\u00f3n de Londres, Miami y Sao Paulo para cubrir Am\u00e9rica Latina e Iberia. <em>Le Monde Diplomatique<\/em> ha sido una referencia para los lectores latinoamericanos de izquierda durante d\u00e9cadas, as\u00ed como el <em>Nuevo Heraldo<\/em> de Miami se ha posicionado entre los de derecha.<\/p>\n\n\n\n<p>Este fen\u00f3meno, adem\u00e1s, no se reduce a la prensa, sino que afecta a todos los medios informativos. En televisi\u00f3n, CNN en Espa\u00f1ol se posicion\u00f3 fuertemente a partir de la expansi\u00f3n de la televisi\u00f3n por cable en la regi\u00f3n y ha sido desde entonces el principal canal de televisi\u00f3n especializado en cubrir Am\u00e9rica Latina. De esta manera, gran parte de la audiencia interesada en informarse sobre el acontecer latinoamericano termina recurriendo a medios extrarregionales.<\/p>\n\n\n\n<p>\u00bfY qu\u00e9 tiene Am\u00e9rica Latina para decir? Poco y nada.<\/p>\n\n\n\n<p>Las dificultades hist\u00f3ricas de la regi\u00f3n para avanzar en su integraci\u00f3n se reflejan tambi\u00e9n en el mundo period\u00edstico, donde no han existido grandes proyectos que informen sobre ella de manera cr\u00edtica. Esto muchas veces se atribuye a una debilidad identitaria que impide que se consolide una <em>latinoamericaneidad<\/em> lo suficientemente fuerte como para permitir el \u00e9xito de proyectos period\u00edsticos regionales. De hecho, las m\u00e9tricas de algunos medios globales que cubren la regi\u00f3n evidencian que los principales intereses siguen siendo nacionales: mexicanos, brasile\u00f1os, argentinos, colombianos, terminan consumiendo contenido sobre sus propios pa\u00edses sin una mirada supranacional.<\/p>\n\n\n\n<p>Pero estas dificultades no han detenido el surgimiento de diferentes proyectos period\u00edsticos que han intentado posicionarse a nivel regional. El que tuvo m\u00e1s resonancia de los \u00faltimos a\u00f1os es el canal de televisi\u00f3n Telesur, fundado en el a\u00f1o 2005 por el Ministerio del Poder Popular para la Comunicaci\u00f3n y la Informaci\u00f3n de Venezuela. Sin embargo, este ambicioso proyecto r\u00e1pidamente se fue perfilando como un medio propagand\u00edstico del gobierno venezolano y dem\u00e1s gobiernos latinoamericanos con sesgo populista de izquierda.<\/p>\n\n\n\n<p>En Am\u00e9rica Latina han existido y existen muchos otros medios, peque\u00f1os o grandes, m\u00e1s o menos ideologizados, tanto de izquierda como de derecha, que intentan posicionarse m\u00e1s all\u00e1 de sus fronteras nacionales. Pero lo cierto es que hasta el momento no hay medios latinoamericanos de referencia especializados en cubrir la regi\u00f3n de forma global.<\/p>\n\n\n\n<p>M\u00e1s all\u00e1 de los proyectos frustrados debido a una excesiva ideologizaci\u00f3n o la ausencia de nuevos proyectos debido a esa supuesta d\u00e9bil identidad latinoamericana, lo cierto es que la apuesta de los medios globales por cubrir la regi\u00f3n evidencia que existe un mercado de consumidores de contenido sobre Am\u00e9rica Latina lo suficientemente interesante como para correr el riesgo.<\/p>\n\n\n\n<p>Por ello, creo que mucho m\u00e1s importante que rogar al <em>New York Times<\/em> que no nos d\u00e9 la espalda es juntar fuerzas para intentar crear nuestro propio <em>New York Times<\/em>. Y <a href=\"http:\/\/latinoamerica21.com\/es\/\" target=\"_blank\" rel=\"noreferrer noopener\">Latinoam\u00e9rica21<\/a> va a ser parte de este proceso.<\/p>\n","protected":false},"excerpt":{"rendered":"<p>Creo que es importante que desde la regi\u00f3n se siga ejerciendo presi\u00f3n para que el medio m\u00e1s influyente del mundo retome sus publicaciones en espa\u00f1ol. Pero creo que es mucho m\u00e1s importante juntar fuerzas para intentar crear nuestro propio New York Times. Y Latinoam\u00e9rica21 va a ser parte de este proceso.<\/p>\n","protected":false},"author":2,"featured_media":7879,"comment_status":"closed","ping_status":"closed","sticky":false,"template":"","format":"standard","meta":{"_acf_changed":false,"episode_type":"","audio_file":"","cover_image":"","cover_image_id":"","duration":"","filesize":"","filesize_raw":"","date_recorded":"","explicit":"","block":"","itunes_episode_number":"","itunes_title":"","itunes_season_number":"","itunes_episode_type":"","footnotes":""},"categories":[16599],"tags":[],"gps":[],"class_list":{"0":"post-7878","1":"post","2":"type-post","3":"status-publish","4":"format-standard","5":"has-post-thumbnail","7":"category-internet-es"},"acf":[],"_links":{"self":[{"href":"https:\/\/latinoamerica21.com\/es\/wp-json\/wp\/v2\/posts\/7878","targetHints":{"allow":["GET"]}}],"collection":[{"href":"https:\/\/latinoamerica21.com\/es\/wp-json\/wp\/v2\/posts"}],"about":[{"href":"https:\/\/latinoamerica21.com\/es\/wp-json\/wp\/v2\/types\/post"}],"author":[{"embeddable":true,"href":"https:\/\/latinoamerica21.com\/es\/wp-json\/wp\/v2\/users\/2"}],"replies":[{"embeddable":true,"href":"https:\/\/latinoamerica21.com\/es\/wp-json\/wp\/v2\/comments?post=7878"}],"version-history":[{"count":0,"href":"https:\/\/latinoamerica21.com\/es\/wp-json\/wp\/v2\/posts\/7878\/revisions"}],"wp:featuredmedia":[{"embeddable":true,"href":"https:\/\/latinoamerica21.com\/es\/wp-json\/wp\/v2\/media\/7879"}],"wp:attachment":[{"href":"https:\/\/latinoamerica21.com\/es\/wp-json\/wp\/v2\/media?parent=7878"}],"wp:term":[{"taxonomy":"category","embeddable":true,"href":"https:\/\/latinoamerica21.com\/es\/wp-json\/wp\/v2\/categories?post=7878"},{"taxonomy":"post_tag","embeddable":true,"href":"https:\/\/latinoamerica21.com\/es\/wp-json\/wp\/v2\/tags?post=7878"},{"taxonomy":"gps","embeddable":true,"href":"https:\/\/latinoamerica21.com\/es\/wp-json\/wp\/v2\/gps?post=7878"}],"curies":[{"name":"wp","href":"https:\/\/api.w.org\/{rel}","templated":true}]}}