{"id":8032,"date":"2021-11-05T09:00:00","date_gmt":"2021-11-05T12:00:00","guid":{"rendered":"http:\/\/latinoamerica21.com\/?p=8032"},"modified":"2023-12-26T06:06:27","modified_gmt":"2023-12-26T09:06:27","slug":"elecciones-en-chile-volatilidad-y-cambio-de-ciclo","status":"publish","type":"post","link":"https:\/\/latinoamerica21.com\/es\/elecciones-en-chile-volatilidad-y-cambio-de-ciclo\/","title":{"rendered":"Elecciones en Chile: Volatilidad y cambio de ciclo"},"content":{"rendered":"\n<p>Hasta hace pocos a\u00f1os, la pol\u00edtica chilena era predecible. En elecciones presidenciales, desde 1989 a la fecha hemos sabido sin mayores sobresaltos quienes ocupar\u00edan el primer y segundo lugar. Tras las movilizaciones de 2019, sin embargo, la volatilidad se ha hecho presente de manera que, a casi dos semanas de las elecciones presidenciales y parlamentarias, todo pron\u00f3stico sobre qui\u00e9nes competir\u00e1n en una segunda vuelta (<a href=\"http:\/\/latinoamerica21.com\/es\/elecciones-en-chile-la-pelea-por-el-segundo-puesto\/\" target=\"_blank\" rel=\"noreferrer noopener\">en particular quien ocupe el segundo lugar<\/a>) resulta arriesgado.<\/p>\n\n\n\n<p>Liderando la carrera est\u00e1 Gabriel Boric de la coalici\u00f3n Apruebo Dignidad (conformada por el Frente Amplio y el Partido Comunista). El actual diputado venci\u00f3 a su competidor comunista en las primarias de julio, sorprendiendo lo abultado del triunfo (60 vs 40%) luego de que Daniel Jadue liderara las encuestas por meses (que han sido muy criticadas \u00faltimamente). Navegando sobre la ola de la victoria del Apruebo en el plebiscito constitucional de octubre 2020 y el \u00e9xito de las listas de izquierda en las elecciones para la constituyente de mayo de este a\u00f1o, Boric ha liderado la carrera desde entonces.<\/p>\n\n\n\n<p>Su campa\u00f1a busca reflejar parte del ethos del proceso constituyente: avanzar hacia un pa\u00eds con mayores seguridades para la poblaci\u00f3n, con inclusi\u00f3n de sectores hist\u00f3ricamente excluidos, con \u00e9nfasis en la sostenibilidad ambiental y poniendo fin al modelo neoliberal. En un momento econ\u00f3mico complejo de alta inflaci\u00f3n y d\u00e9ficit fiscal tras el abultado gasto producido durante la pandemia, Boric ha buscado calmar a los mercados mediante la gradualidad del programa e incorporando tecn\u00f3cratas asociados a los gobiernos de la ex Concertaci\u00f3n.<\/p>\n\n\n\n<p>En la primaria de la derecha result\u00f3 vencedor Sebasti\u00e1n Sichel, quien parec\u00eda ser el principal competidor de Boric. Con or\u00edgenes en la centro-izquierda, Sichel bas\u00f3 su campa\u00f1a en sus atributos personales, ser independiente de los partidos pol\u00edticos y apelando a un votante centrista. Este perfil le dej\u00f3 un flanco abierto por la derecha. Apenas Sichel comenz\u00f3 a bajar en las encuestas por una serie de errores en responder a cuestionamientos sobre su trayectoria (que hab\u00eda trabajado como lobista o que su campa\u00f1a parlamentaria de 2009 recibi\u00f3 donaciones ilegales por parte de empresarios), el apoyo que ha ido perdiendo en las \u00faltimas semanas se traslad\u00f3 al candidato de extrema derecha, que ahora disputa el primer lugar con Boric.<\/p>\n\n\n\n<p><a href=\"https:\/\/www.elmostrador.cl\/noticias\/opinion\/2021\/10\/15\/populismos-autoritarios-como-los-de-j-a-kast-son-un-desafio-para-la-democracia\/\" target=\"_blank\" rel=\"noreferrer noopener\">Jos\u00e9 Antonio Kast, l\u00edder del recientemente creado Partido Republicano<\/a>, compite por segunda vez por la presidencia. En 2017 obtuvo un 8% de los votos. Como muchos populistas, lo improvisada e irrealizable de su plataforma as\u00ed como la falta de preparaci\u00f3n de los equipos que lo acompa\u00f1an, dan cuenta de que nunca esper\u00f3 tener opci\u00f3n de disputar la segunda vuelta. Su programa se centra en la reducci\u00f3n generalizada de impuestos, una serie de medidas autoritarias en materia de orden p\u00fablico e inmigraci\u00f3n y la promoci\u00f3n de una visi\u00f3n conservadora de la familia y las relaciones de g\u00e9nero, eliminando el Ministerio de la Mujer y Equidad de G\u00e9nero, limitando la aplicaci\u00f3n de la ley de aborto y favoreciendo a familias casadas mediante la pol\u00edtica social. Ahora que ha subido en las encuestas, su equipo buscar\u00e1 introducir algunas modificaciones al programa y en general negar que el candidato sea extremo.<\/p>\n\n\n\n<p>A los errores de Sichel se sumaron la crisis migratoria y la instalaci\u00f3n del eje violencia\/orden como un tema de campa\u00f1a \u2013 en buena parte por acci\u00f3n del gobierno \u2013 para beneficio de Kast. La violencia es tema recurrente desde las movilizaciones sociales que se iniciaron en octubre de 2019 que estuvieron acompa\u00f1adas de regulares episodios de violencia por parte de peque\u00f1os grupos: saqueos, enfrentamientos con Carabineros y destrucci\u00f3n de mobiliario p\u00fablico. A esto se suma el conflicto entre Estado y pueblo Mapuche. Y sin que se hayan producido reformas relevantes a dos a\u00f1os del estallido social, sectores de la poblaci\u00f3n evidencian cierto agotamiento con los ejes del debate p\u00fablico y pueden volcarse hacia otras preocupaciones, como las planteadas por Kast.<\/p>\n\n\n\n<p>El ascenso de Kast ha puesto en una disyuntiva a la coalici\u00f3n de derecha moderada (como ocurre en todas partes frente al ascenso de la derecha radical), la que sin embargo se ha resuelto sorpresivamente r\u00e1pido. Diversos representantes de los partidos de derecha, particularmente de la UDI, han manifestado su apoyo a Kast y es claro que en una eventual segunda vuelta no tendr\u00e1n problemas en respaldarlo. Esto da cuenta de que ambas derechas tienen una ra\u00edz com\u00fan \u2013 Kast fue diputado de la UDI por varios per\u00edodos y mantiene relaciones con muchos miembros del partido \u2013 y que los intentos de renovaci\u00f3n de una derecha moderna y liberal han sido limitados. Sichel opt\u00f3 por una estrategia frontal al dar libertad de acci\u00f3n a los partidos que lo apoyaban y ha sido uno de los principales cr\u00edticos de Kast, manteniendo el apoyo de sectores de derecha m\u00e1s moderados, que parecen ser minoritarios.<\/p>\n\n\n\n<p>El apoyo de buena parte de la derecha puede consolidar a Kast en el segundo lugar. Alternativamente, el mayor escrutinio a la candidatura de Kast y el temor ante una campa\u00f1a m\u00e1s polarizada puede llevar a que sectores moderados se movilicen en apoyo a Yasna Provoste, la candidata de la ex Concertaci\u00f3n y que actualmente se encuentra tercera en las encuestas. Hasta el momento esto no ha ocurrido, pero en las primarias muchos votantes parecen haber decidido su opci\u00f3n en las \u00faltimas dos semanas de campa\u00f1a y siguen habiendo muchos indecisos.<\/p>\n\n\n\n<p>M\u00e1s all\u00e1 de los resultados de la elecci\u00f3n, hay tres elementos que se vislumbran como claves para los a\u00f1os venideros. Primero, la extrema derecha se instala como un actor relevante en la pol\u00edtica chilena. Una probable consecuencia ser\u00e1 una alta polarizaci\u00f3n en el plebiscito para ratificar la nueva constituci\u00f3n que debiese desarrollarse en 2022. Veremos, entonces, un movimiento por el rechazo que puede ampliamente superar el 22% obtenido en el plebiscito de entrada. Segundo, veremos un congreso altamente fraccionado. A los tres bloques actuales (izquierda, centro-izquierda y derecha, cada uno tensionado internamente) posiblemente se sumar\u00e1n representantes de la lista de Kast y de otros conglomerados menores. Sacar adelante cualquier reforma, entonces, no ser\u00e1 cuesti\u00f3n f\u00e1cil.<\/p>\n\n\n\n<p>Tercero, y al igual como hemos visto en otros pa\u00edses de la regi\u00f3n, es probable que se instale una pol\u00edtica de p\u00e9ndulo, esto es, que haya mayor alternancia en los gobiernos y que predominen tendencias centr\u00edfugas. Un nuevo ciclo de dos d\u00e9cadas lideradas por una coalici\u00f3n, como fueron los a\u00f1os de la Concertaci\u00f3n, se ve fuera de pron\u00f3stico.<\/p>\n\n\n\n<hr class=\"wp-block-separator\"\/>\n\n\n\n<p class=\"has-text-align-right\"><strong><em>Episodio relacionado de nuestro\u00a0<\/em><\/strong><a href=\"http:\/\/latinoamerica21.com\/podcast\/\"><strong><em>podcast<\/em><\/strong><\/a><strong>:<\/strong><\/p>\n\n\n\n<figure class=\"wp-block-embed is-type-rich is-provider-spotify wp-block-embed-spotify wp-embed-aspect-21-9 wp-has-aspect-ratio\"><div class=\"wp-block-embed__wrapper\">\n<iframe title=\"Spotify Embed: La deliberaci\u00f3n constitucional chilena\" style=\"border-radius: 12px\" width=\"100%\" height=\"152\" frameborder=\"0\" allowfullscreen allow=\"autoplay; clipboard-write; encrypted-media; fullscreen; picture-in-picture\" loading=\"lazy\" src=\"https:\/\/open.spotify.com\/embed\/episode\/504M87PhXbPWCCZv25VOoO?si=uc-faYQkSHeVznoxKzvRWg&#038;nd=1&#038;utm_source=oembed\"><\/iframe>\n<\/div><\/figure>\n","protected":false},"excerpt":{"rendered":"<p>Hasta hace pocos a\u00f1os, la pol\u00edtica chilena era predecible. Pero tras las movilizaciones de 2019 la volatilidad se ha hecho presente de manera que, a pocos d\u00edas de las elecciones, todo pron\u00f3stico sobre qui\u00e9nes competir\u00e1n en una segunda vuelta (en particular quien ocupe el segundo lugar) resulta arriesgado.<\/p>\n","protected":false},"author":57,"featured_media":8033,"comment_status":"closed","ping_status":"closed","sticky":false,"template":"","format":"standard","meta":{"_acf_changed":false,"episode_type":"","audio_file":"","cover_image":"","cover_image_id":"","duration":"","filesize":"","filesize_raw":"","date_recorded":"","explicit":"","block":"","itunes_episode_number":"","itunes_title":"","itunes_season_number":"","itunes_episode_type":"","footnotes":""},"categories":[16468,16471],"tags":[14126],"gps":[],"class_list":{"0":"post-8032","1":"post","2":"type-post","3":"status-publish","4":"format-standard","5":"has-post-thumbnail","7":"category-politica","8":"category-elecciones","9":"tag-debates-br-es"},"acf":[],"_links":{"self":[{"href":"https:\/\/latinoamerica21.com\/es\/wp-json\/wp\/v2\/posts\/8032","targetHints":{"allow":["GET"]}}],"collection":[{"href":"https:\/\/latinoamerica21.com\/es\/wp-json\/wp\/v2\/posts"}],"about":[{"href":"https:\/\/latinoamerica21.com\/es\/wp-json\/wp\/v2\/types\/post"}],"author":[{"embeddable":true,"href":"https:\/\/latinoamerica21.com\/es\/wp-json\/wp\/v2\/users\/57"}],"replies":[{"embeddable":true,"href":"https:\/\/latinoamerica21.com\/es\/wp-json\/wp\/v2\/comments?post=8032"}],"version-history":[{"count":0,"href":"https:\/\/latinoamerica21.com\/es\/wp-json\/wp\/v2\/posts\/8032\/revisions"}],"wp:featuredmedia":[{"embeddable":true,"href":"https:\/\/latinoamerica21.com\/es\/wp-json\/wp\/v2\/media\/8033"}],"wp:attachment":[{"href":"https:\/\/latinoamerica21.com\/es\/wp-json\/wp\/v2\/media?parent=8032"}],"wp:term":[{"taxonomy":"category","embeddable":true,"href":"https:\/\/latinoamerica21.com\/es\/wp-json\/wp\/v2\/categories?post=8032"},{"taxonomy":"post_tag","embeddable":true,"href":"https:\/\/latinoamerica21.com\/es\/wp-json\/wp\/v2\/tags?post=8032"},{"taxonomy":"gps","embeddable":true,"href":"https:\/\/latinoamerica21.com\/es\/wp-json\/wp\/v2\/gps?post=8032"}],"curies":[{"name":"wp","href":"https:\/\/api.w.org\/{rel}","templated":true}]}}