{"id":8678,"date":"2021-12-22T09:00:00","date_gmt":"2021-12-22T12:00:00","guid":{"rendered":"http:\/\/latinoamerica21.com\/?p=8678"},"modified":"2021-12-22T00:23:15","modified_gmt":"2021-12-22T03:23:15","slug":"boric-presidente-de-chile","status":"publish","type":"post","link":"https:\/\/latinoamerica21.com\/es\/boric-presidente-de-chile\/","title":{"rendered":"Boric Presidente de Chile"},"content":{"rendered":"\n<p>En una final que se preve\u00eda muy cerrada, Gabriel Boric fue electo Presidente de Chile con una diferencia de doce puntos (56%-44%) sobre Jos\u00e9 Antonio Kast. Antes de la elecci\u00f3n del domingo algunos vieron a esta segunda vuelta como la decisi\u00f3n entre un estatus quo ultramontano y radical (Kast) o cambios estructurales revolucionarios \u00a0(Boric). Pero no debemos esperar ni lo uno ni lo otro. Cualquiera de los dos candidatos potencialmente electos hubiese tenido que convivir y acordar con otros poderes democr\u00e1ticamente constituidos con distinta sensibilidad pol\u00edtica que morigerar\u00edan cualquier decisi\u00f3n.<\/p>\n\n\n\n<p>Sin embargo, la elecci\u00f3n del presidente no es trivial en lo m\u00e1s m\u00ednimo, menos en un pa\u00eds como Chile, donde lo que est\u00e1 en discusi\u00f3n es qu\u00e9 modelo de pa\u00eds se desea cultivar. Esto qued\u00f3 reflejado en la campa\u00f1a de segunda vuelta, cuando un candidato, Boric, centr\u00f3 su discurso en clave de inclusi\u00f3n de grupos relegados, redistribuci\u00f3n, y sustentabilidad ambiental, el otro, Kast, propuso un \u201cp\u00e1rate\u201d a la agenda de derechos, el crecimiento econ\u00f3mico en base al achique del estado, la mano dura, la limitaci\u00f3n de la inmigraci\u00f3n, e incluso la salida de Chile de organismos internacionales.<\/p>\n\n\n\n<p>Boric moder\u00f3 su discurso y se mostr\u00f3 como un espejo de los gobiernos social dem\u00f3cratas europeos (principalmente n\u00f3rdicos) y sudamericanos, como el del Frente Amplio uruguayo. Kast, en cambio, se declar\u00f3 admirador de Donald Trump y llam\u00f3 a formar una suerte de coalici\u00f3n internacional con Bolsonaro en Brasil, Orb\u00e1n en Hungr\u00eda, Kaczy\u0144ski en Polonia, y hasta expl\u00edcitamente declar\u00f3 su nostalgia por la Italia de hace alg\u00fan tiempito, cuando la Liga Norte, con Salvini a la cabeza, ten\u00eda una posici\u00f3n privilegiada en aquel gobierno. &nbsp;<\/p>\n\n\n\n<p>Chile est\u00e1 finalizando un ciclo electoral que se inici\u00f3 con el plebiscito de octubre del 2020 y su claro dictamen popular de redactar una nueva constituci\u00f3n escrita por una Convenci\u00f3n Constituyente directamente electa. El extenuante ciclo electoral\u2014hemos ido a las urnas en siete oportunidades en 14 meses\u2014comenz\u00f3 a ra\u00edz de un amplio acuerdo inter-partidario en noviembre de 2019 luego de lo que se denomin\u00f3 el estallido social de octubre.<\/p>\n\n\n\n<p>Desde entonces, se han electo gobernadores regionales, alcaldes, concejales, constituyentes, senadores y diputados, y ahora, presidente. Solo queda decidir en el plebiscito de salida, a mediados del pr\u00f3ximo a\u00f1o, si se acepta el borrador de la nueva Constituci\u00f3n que actualmente est\u00e1 siendo redactado. De lo contrario, prevalecer\u00e1 la actual Constituci\u00f3n, escrita durante el gobierno dictatorial de Augusto Pinochet y marginalmente retocada en democracia.<\/p>\n\n\n\n<p>M\u00e1s all\u00e1 del resultado, la participaci\u00f3n electoral fue llamativa. La gran pregunta de la jornada era si el electorado se parecer\u00eda m\u00e1s al del plebiscito del 2020 o al de la primera vuelta presidencial de noviembre. Aun con los datos muy frescos, todo indica que se moviliz\u00f3 como en el primero. En t\u00e9rminos generales, la participaci\u00f3n ha venido cayendo desde la transici\u00f3n y recientemente alcanz\u00f3 una meseta en torno al 50% del electorado. En esta segunda vuelta alcanz\u00f3 un 55%. Si bien es la m\u00e1s alta del ciclo, sigue siendo relativamente baja dado lo sensible del contexto y lo cr\u00edtico de las decisiones.<\/p>\n\n\n\n<p><a href=\"http:\/\/latinoamerica21.com\/es\/el-nuevo-gobierno-en-chile-seguira-por-la-senda-del-cambio\/\" target=\"_blank\" rel=\"noreferrer noopener\">Boric est\u00e1 inmerso en un escenario pol\u00edtico muy complejo<\/a>. El presidente enfrentar\u00e1 un parlamento peligrosamente fragmentado, donde le ser\u00e1 particularmente dif\u00edcil lidiar con el Senado ya que dista de las mayor\u00edas necesarias para aprobar pol\u00edticas significativas. Tambi\u00e9n deber\u00e1 lidiar con autoridades en las distintas subdivisiones territoriales que no necesariamente tienen referentes en la pol\u00edtica nacional y con las que ser\u00e1 alt\u00edsimo el costo de negociaci\u00f3n. Para empeorar las cosas, las autoridades subnacionales no est\u00e1n alineadas entre ellas: es decir, alcaldes y gobernadores de distinto color pol\u00edtico conviven en un mismo territorio. Solo en el \u00e1mbito municipal, casi un tercio de los alcaldes son independientes fuera de los pactos, es decir independientes puros.<\/p>\n\n\n\n<p>Asimismo, el presidente deber\u00e1 convivir con una Convenci\u00f3n (tambi\u00e9n fragmentada) que, si bien ha perdido parte de su m\u00edstica e \u00edmpetu inicial, sigue siendo un actor clave a la hora de definir el futuro de Chile. La Convenci\u00f3n es cada d\u00eda m\u00e1s consciente que si avanza un proyecto maximalista, la posibilidad de rechazo en el Plebiscito de salida es alto, y si avanza un proyecto minimalista aumenta la frustraci\u00f3n de aquellos que, en \u00faltima instancia fueron los catalizadores del proceso. El proceso est\u00e1, adem\u00e1s, rodeado de una nube de incertidumbre, toda vez que en esa elecci\u00f3n el voto ser\u00e1 obligatorio, con lo cual la mitad del electorado que consistentemente se resta de participar se ver\u00e1 obligado a pronunciarse.<\/p>\n\n\n\n<p>El futuro gobierno no solo tendr\u00e1 que acomodar a todas las instituciones con una precisi\u00f3n de relojer\u00eda, sino que deber\u00e1 encarar urgencias sobre las cuales no se puede solo \u201csurfear la ola\u201d. Se deber\u00e1n tomar decisiones dif\u00edciles. Quiz\u00e1s, de lo m\u00e1s apremiante tiene que ver con la pandemia y sus efectos econ\u00f3micos y sociales. En lo econ\u00f3mico Chile est\u00e1 pisando cifras record de inflaci\u00f3n, bajos niveles de inversi\u00f3n y de productividad.<\/p>\n\n\n\n<p>Las ayudas sociales cada d\u00eda se hacen m\u00e1s imperiosas y no queda mucho espacio para seguir apelando a los ahorros previsionales (ya hubo tres quitas voluntarias de 10% cada una de los ahorros de las cuentas individuales), lo que posiblemente tambi\u00e9n est\u00e9 empujando la inflaci\u00f3n al alza. Chile necesita crecer nuevamente y para eso hay que prender los motores y generar las condiciones de estabilidad para generar la confianza necesaria.<\/p>\n\n\n\n<p>Por otro lado, si bien la pandemia le permiti\u00f3 a las autoridades actuales hacer gala de una gran capacidad log\u00edstica en relaci\u00f3n con la campa\u00f1a de vacunaci\u00f3n, es innegable el fuerte golpe que COVID19 ha asestado a la sociedad m\u00e1s all\u00e1 de la econom\u00eda; algo que se evidencia, por ejemplo, en todos los desaf\u00edos que impuso la educaci\u00f3n y la salud mental de los ni\u00f1os y j\u00f3venes en pandemia (temas sorprendentemente ausentes de la puja electoral).<\/p>\n\n\n\n<p>Otros ac\u00e1pites significativos son la seguridad p\u00fablica (donde se incluir\u00edan las polic\u00edas y su reforma, el crimen organizado y el narcotr\u00e1fico), la Araucan\u00eda (regi\u00f3n que a\u00fan se mantiene bajo Estado de Excepci\u00f3n), tema que indirectamente incluye a la relaci\u00f3n del Estado de Chile y los pueblos originarios. Y ni que hablar de la inmigraci\u00f3n\u2026. Con m\u00e1s de un mill\u00f3n y medio de nuevos residentes, Chile es hoy uno de los pa\u00edses con mayor porcentaje de inmigrantes en relaci\u00f3n a su poblaci\u00f3n de todo el continente.<\/p>\n\n\n\n<p>Por \u00faltimo, Chile se est\u00e1 repensando y redise\u00f1ando, y su suerte estar\u00e1 fundamentalmente atada al resultado del Plebiscito del 2022. Sin embargo, independientemente del resultado del a\u00f1o que viene, el leit motiv de los tiempos inmediatos y futuros tiene m\u00e1s que ver con el manejo sobrio de las expectativas, tanto de los ganadores, como de los perdedores. Los desaf\u00edos que enfrentar\u00e1 Boric son colosales.<\/p>\n","protected":false},"excerpt":{"rendered":"<p>Antes de la elecci\u00f3n algunos vieron a esta segunda vuelta como la decisi\u00f3n entre un estatus quo ultramontano y radical (Kast) o cambios estructurales revolucionarios \u00a0(Boric). Pero no debemos esperar ni lo uno ni lo otro. <\/p>\n","protected":false},"author":32,"featured_media":8679,"comment_status":"closed","ping_status":"closed","sticky":false,"template":"","format":"standard","meta":{"_acf_changed":false,"episode_type":"","audio_file":"","cover_image":"","cover_image_id":"","duration":"","filesize":"","filesize_raw":"","date_recorded":"","explicit":"","block":"","itunes_episode_number":"","itunes_title":"","itunes_season_number":"","itunes_episode_type":"","footnotes":""},"categories":[16521,16615,16615,16521],"tags":[],"gps":[],"class_list":{"0":"post-8678","1":"post","2":"type-post","3":"status-publish","4":"format-standard","5":"has-post-thumbnail","7":"category-chile-es","8":"category-gabriel-boric"},"acf":[],"_links":{"self":[{"href":"https:\/\/latinoamerica21.com\/es\/wp-json\/wp\/v2\/posts\/8678","targetHints":{"allow":["GET"]}}],"collection":[{"href":"https:\/\/latinoamerica21.com\/es\/wp-json\/wp\/v2\/posts"}],"about":[{"href":"https:\/\/latinoamerica21.com\/es\/wp-json\/wp\/v2\/types\/post"}],"author":[{"embeddable":true,"href":"https:\/\/latinoamerica21.com\/es\/wp-json\/wp\/v2\/users\/32"}],"replies":[{"embeddable":true,"href":"https:\/\/latinoamerica21.com\/es\/wp-json\/wp\/v2\/comments?post=8678"}],"version-history":[{"count":0,"href":"https:\/\/latinoamerica21.com\/es\/wp-json\/wp\/v2\/posts\/8678\/revisions"}],"wp:featuredmedia":[{"embeddable":true,"href":"https:\/\/latinoamerica21.com\/es\/wp-json\/wp\/v2\/media\/8679"}],"wp:attachment":[{"href":"https:\/\/latinoamerica21.com\/es\/wp-json\/wp\/v2\/media?parent=8678"}],"wp:term":[{"taxonomy":"category","embeddable":true,"href":"https:\/\/latinoamerica21.com\/es\/wp-json\/wp\/v2\/categories?post=8678"},{"taxonomy":"post_tag","embeddable":true,"href":"https:\/\/latinoamerica21.com\/es\/wp-json\/wp\/v2\/tags?post=8678"},{"taxonomy":"gps","embeddable":true,"href":"https:\/\/latinoamerica21.com\/es\/wp-json\/wp\/v2\/gps?post=8678"}],"curies":[{"name":"wp","href":"https:\/\/api.w.org\/{rel}","templated":true}]}}