{"id":8870,"date":"2022-01-17T09:00:00","date_gmt":"2022-01-17T12:00:00","guid":{"rendered":"http:\/\/latinoamerica21.com\/?p=8870"},"modified":"2023-10-24T11:10:50","modified_gmt":"2023-10-24T14:10:50","slug":"como-resolver-la-crisis-humanitaria-en-chile","status":"publish","type":"post","link":"https:\/\/latinoamerica21.com\/es\/como-resolver-la-crisis-humanitaria-en-chile\/","title":{"rendered":"\u00bfC\u00f3mo resolver la crisis humanitaria en Chile?"},"content":{"rendered":"\n<p>Cada d\u00eda unos 500 refugiados y migrantes, incluyendo ni\u00f1as y ni\u00f1os, cruzan a pie el riesgoso altiplano de la Cordillera de los Andes para ingresar a Chile, <a href=\"https:\/\/www.cooperativa.cl\/noticias\/pais\/poblacion\/inmigrantes\/onu-refuerza-apoyo-en-norte-de-chile-ante-creciente-llegada-de-venezolanos\/2021-12-24\/131429.html\">seg\u00fan la ONU<\/a>. Muchos son v\u00edctimas de redes de tr\u00e1fico de personas y abusos de transportistas irregulares lo que ha dejado, hasta ahora, un saldo de 21 muertos, incluyendo a un beb\u00e9 de nueve meses.<\/p>\n\n\n\n<p>La nueva <a href=\"http:\/\/bcn.cl\/2oodq\">Ley de Migraci\u00f3n<\/a> chilena diferencia el refugio de la migraci\u00f3n, separando a personas extranjeras cuya residencia en Chile se justifique por razones humanitarias. <a href=\"https:\/\/www.refworld.org.es\/docid\/5aa076f74.html\">Desde 2018<\/a>, a ra\u00edz de la crisis humanitaria de Venezuela, la ONU insta a los pa\u00edses latinoamericanos a brindar protecci\u00f3n internacional a las personas oriundas de este pa\u00eds, resaltando que se trata de un acto humanitario y no pol\u00edtico. Sin embargo, la mayor crisis de refugio del continente es tratada como una crisis de migraci\u00f3n irregular.<\/p>\n\n\n\n<p>En el caso de Chile, la frontera con Per\u00fa y Bolivia est\u00e1 cerrada desde el inicio de la pandemia. Por si fuera poco, <a href=\"https:\/\/www.diarioconstitucional.cl\/2021\/11\/12\/ministerio-de-relaciones-exteriores-debera-revisar-las-solicitudes-de-visas-de-responsabilidad-democratica-rechazadas-en-forma-masiva-el-dia-11-de-noviembre-del-ano-2020\/\">la mayor\u00eda de las solicitudes de visa es rechazada<\/a> y el derecho al refugio se encuentra suspendido en la pr\u00e1ctica. Tras la suspensi\u00f3n del derecho al refugio por oficio del Ministerio del Interior, la <a href=\"https:\/\/www.contraloria.cl\/pdfbuscador\/dictamenes\/E154963N21\/html\">Contralor\u00eda General de la Rep\u00fablica emiti\u00f3 un dictamen<\/a> reconociendo la improcedencia del oficio y la necesidad de garantizar el derecho a solicitar refugio, de acuerdo con la ley nacional y acuerdos internacionales en materia de derechos humanos. No obstante, <a href=\"https:\/\/www.extranjeria.gob.cl\/estadisticas-migratorias\/\">Chile ha otorgado 20 estatus de refugio<\/a> a venezolanos, s\u00f3lo tres a ni\u00f1as y ni\u00f1os.<\/p>\n\n\n\n<p>La migraci\u00f3n tambi\u00e9n impacta a las comunidades de acogida, desde las comunas fronterizas como Colchane, hasta la Regi\u00f3n Metropolitana de Santiago, que recibe miles de personas todos los d\u00edas. Los desaf\u00edos que implica este proceso requieren respuestas adecuadas a nivel econ\u00f3mico, pol\u00edtico y social, pero la escasez de estas acciones ha generado crecientes formas de discriminaci\u00f3n y manifestaciones xen\u00f3fobas como las <a href=\"https:\/\/www.dw.com\/es\/la-marcha-antiinmigrantes-que-mostr%C3%B3-el-lado-m%C3%A1s-inhumano-de-chile\/a-59331923\">registradas en Iquique en septiembre de 2021<\/a>. Al respecto, la Cruz Roja ha hecho un llamado reiterado a la adopci\u00f3n del principio de No Hacer Da\u00f1o a las personas, incluyendo a la poblaci\u00f3n chilena.<\/p>\n\n\n\n<p>La Plataforma de Coordinaci\u00f3n Interagencial para Refugiados y Migrantes de Venezuela (<a href=\"https:\/\/www.r4v.info\/\">R4V<\/a>) fue constituida por la ONU, junto a gobiernos y organizaciones de asistencia con el objetivo de ofrecer una respuesta a la migraci\u00f3n venezolana. <a href=\"https:\/\/www.r4v.info\/sites\/default\/files\/2021-12\/RMRP%202022_Final%20Version_WEB2.pdf\">Seg\u00fan esta Plataforma<\/a>, hay m\u00e1s de medio mill\u00f3n de personas que necesitan ayuda humanitaria en Chile y 73% de las personas refugiadas y migrantes de Venezuela se encuentran en situaci\u00f3n irregular.<\/p>\n\n\n\n<p>Sin la posibilidad de acceder al refugio o a alternativas de regularizaci\u00f3n migratoria, esta poblaci\u00f3n es v\u00edctima de todo tipo explotaci\u00f3n y violencia: muchos no logran ni siquiera alquilar una vivienda y enfrentan diversos problemas a la hora de acceder a servicios como salud o educaci\u00f3n.<\/p>\n\n\n\n<p><strong>Los desaf\u00edos del futuro gobierno de Boric<\/strong><\/p>\n\n\n\n<p>En relaci\u00f3n a la migraci\u00f3n venezolana, es importante entender que la situaci\u00f3n no va a mejorar mientras no cambien las condiciones que llevaron a m\u00e1s de seis millones de personas a abandonar su pa\u00eds. Al ritmo actual, hasta el cambio de mando del 11 de marzo, m\u00e1s de 30 mil personas refugiadas y migrantes arriesgar\u00e1n sus vidas entrando por pasos no habilitados. La crisis humanitaria es uno de los principales desaf\u00edos del futuro gobierno <a href=\"http:\/\/latinoamerica21.com\/es\/gabriel-boric-y-las-posibilidades-de-renovacion-de-las-izquierdas-latinoamericanas\/\">del presidente electo Gabriel Boric<\/a>, todav\u00eda sin una soluci\u00f3n a la vista.<\/p>\n\n\n\n<p>No obstante, la crisis humanitaria es un problema m\u00e1s burocr\u00e1tico que pr\u00e1ctico. Las personas se ven en situaci\u00f3n de calle y sin medios, principalmente por su estatus migratorio irregular y una insuficiente ayuda humanitaria. Por otro lado, <a href=\"https:\/\/www.bcentral.cl\/c\/document_library\/get_file?uuid=bd3c9251-57e0-669e-97ce-d0b1dcca4242&amp;groupId=33528\">seg\u00fan el Banco Central<\/a>, la migraci\u00f3n genera efectos positivos y <a href=\"https:\/\/www.usach.cl\/news\/fae-analiza-junto-representante-del-banco-central-efecto-la-inmigracion-chile-e-impactos\">est\u00e1 asociada<\/a> al aumento del PIB per c\u00e1pita, con una poblaci\u00f3n en promedio m\u00e1s calificada, joven y trabajadora respecto a la poblaci\u00f3n nacional.<\/p>\n\n\n\n<p>La nueva administraci\u00f3n debe comprender que los ingresos irregulares no cesar\u00e1n hasta que se restablezca la recepci\u00f3n de solicitudes refugio y el otorgamiento de visas. Adem\u00e1s, los conflictos se resuelven coordinando la ayuda humanitaria con los municipios y organizaciones. En \u00e1mbito internacional, los pa\u00edses reunidos en <a href=\"https:\/\/www.procesodequito.org\/es\">el Proceso de Quito<\/a> tienen la oportunidad de negociar cuotas de refugio y el reasentamiento de personas refugiadas. Todos los actores deben asumir que la ayuda humanitaria no puede ser politizada<a href=\"http:\/\/latinoamerica21.com\/es\/el-exodo-venezolano-un-desafio-regional\/\">. A un problema regional, es necesario ofrecer una respuesta regional<\/a>.<\/p>\n\n\n\n<hr class=\"wp-block-separator has-alpha-channel-opacity\"\/>\n\n\n\n<p class=\"has-text-align-right\"><strong><em>Episodio relacionado de nuestro\u00a0<\/em><\/strong><a href=\"https:\/\/latinoamerica21.com\/podcast\/\"><strong><em>podcast<\/em><\/strong><\/a><strong>:<\/strong><\/p>\n\n\n\n<figure class=\"wp-block-embed is-type-rich is-provider-spotify wp-block-embed-spotify wp-embed-aspect-21-9 wp-has-aspect-ratio\"><div class=\"wp-block-embed__wrapper\">\n<iframe title=\"Spotify Embed: La educaci\u00f3n p\u00fablica en Am\u00e9rica Latina\" style=\"border-radius: 12px\" width=\"100%\" height=\"152\" frameborder=\"0\" allowfullscreen allow=\"autoplay; clipboard-write; encrypted-media; fullscreen; picture-in-picture\" loading=\"lazy\" src=\"https:\/\/open.spotify.com\/embed\/episode\/74puX9e0qwQamyWF6oo96H?si=FwQlxf55RWOumAryl9xHKw&#038;utm_source=oembed\"><\/iframe>\n<\/div><\/figure>\n\n\n\n<p><\/p>\n","protected":false},"excerpt":{"rendered":"<p>Cada d\u00eda unos 500 refugiados y migrantes, incluyendo ni\u00f1as y ni\u00f1os, cruzan a pie el riesgoso altiplano de la Cordillera de los Andes para ingresar a Chile. Muchos son v\u00edctimas de redes de tr\u00e1fico de personas y abusos de transportistas irregulares.<\/p>\n","protected":false},"author":295,"featured_media":8871,"comment_status":"closed","ping_status":"closed","sticky":false,"template":"","format":"standard","meta":{"_acf_changed":false,"episode_type":"","audio_file":"","cover_image":"","cover_image_id":"","duration":"","filesize":"","filesize_raw":"","date_recorded":"","explicit":"","block":"","itunes_episode_number":"","itunes_title":"","itunes_season_number":"","itunes_episode_type":"","footnotes":""},"categories":[16516,16516,16520,16520,16521,16521],"tags":[14126],"gps":[],"class_list":{"0":"post-8870","1":"post","2":"type-post","3":"status-publish","4":"format-standard","5":"has-post-thumbnail","7":"category-derechos-humanos","9":"category-migracion","11":"category-chile-es","13":"tag-debates-br-es"},"acf":[],"_links":{"self":[{"href":"https:\/\/latinoamerica21.com\/es\/wp-json\/wp\/v2\/posts\/8870","targetHints":{"allow":["GET"]}}],"collection":[{"href":"https:\/\/latinoamerica21.com\/es\/wp-json\/wp\/v2\/posts"}],"about":[{"href":"https:\/\/latinoamerica21.com\/es\/wp-json\/wp\/v2\/types\/post"}],"author":[{"embeddable":true,"href":"https:\/\/latinoamerica21.com\/es\/wp-json\/wp\/v2\/users\/295"}],"replies":[{"embeddable":true,"href":"https:\/\/latinoamerica21.com\/es\/wp-json\/wp\/v2\/comments?post=8870"}],"version-history":[{"count":0,"href":"https:\/\/latinoamerica21.com\/es\/wp-json\/wp\/v2\/posts\/8870\/revisions"}],"wp:featuredmedia":[{"embeddable":true,"href":"https:\/\/latinoamerica21.com\/es\/wp-json\/wp\/v2\/media\/8871"}],"wp:attachment":[{"href":"https:\/\/latinoamerica21.com\/es\/wp-json\/wp\/v2\/media?parent=8870"}],"wp:term":[{"taxonomy":"category","embeddable":true,"href":"https:\/\/latinoamerica21.com\/es\/wp-json\/wp\/v2\/categories?post=8870"},{"taxonomy":"post_tag","embeddable":true,"href":"https:\/\/latinoamerica21.com\/es\/wp-json\/wp\/v2\/tags?post=8870"},{"taxonomy":"gps","embeddable":true,"href":"https:\/\/latinoamerica21.com\/es\/wp-json\/wp\/v2\/gps?post=8870"}],"curies":[{"name":"wp","href":"https:\/\/api.w.org\/{rel}","templated":true}]}}