{"id":9018,"date":"2022-02-03T09:00:00","date_gmt":"2022-02-03T12:00:00","guid":{"rendered":"http:\/\/latinoamerica21.com\/?p=9018"},"modified":"2022-02-06T13:54:40","modified_gmt":"2022-02-06T16:54:40","slug":"a-un-ano-de-la-asuncion-de-joe-biden","status":"publish","type":"post","link":"https:\/\/latinoamerica21.com\/es\/a-un-ano-de-la-asuncion-de-joe-biden\/","title":{"rendered":"A un a\u00f1o de la asunci\u00f3n de Joe Biden"},"content":{"rendered":"\n<p>La elecci\u00f3n del presidente Joe Biden en el 2020 se dio en medio de una extrema polarizaci\u00f3n de la sociedad estadounidense y la elecci\u00f3n es considerada como una de las m\u00e1s competidas en la historia de Estados Unidos. Una de las consecuencias de esta polarizaci\u00f3n fue el asalto al Capitolio el pasado 6 de enero de 2021 por parte de un grupo de seguidores del presidente Trump. Tras este sacud\u00f3n a la estabilidad de la democracia estadounidense, finalmente Biden asumi\u00f3 su cargo el 20 de enero.<\/p>\n\n\n\n<p><a href=\"https:\/\/www.dw.com\/es\/un-a%C3%B1o-de-biden-como-presidente-de-eeuu-problemas-y-desaciertos\/a-60454627\" target=\"_blank\" rel=\"noreferrer noopener\">A un a\u00f1o de su asunci\u00f3n<\/a>, el pa\u00eds ha retomado la estabilidad y la coyuntura actual se ha apoderado de la agenda del gobierno de Biden. Pero si bien la polarizaci\u00f3n extrema ha quedado relegada, la gesti\u00f3n de la nueva administraci\u00f3n de la crisis sanitaria y la econom\u00eda se han convertido en objeto de cr\u00edticas del trumpismo.<\/p>\n\n\n\n<p>El desarrollo y los efectos de la pandemia est\u00e1n cuestionando el primer a\u00f1o de la gesti\u00f3n de Biden. En especial por la contradicci\u00f3n de que la creciente disponibilidad de vacunas no se se ha traducido en una mayor vacunaci\u00f3n de la sociedad. Al 19 de enero Estados Unidos tiene apenas un 63.5 % de poblaci\u00f3n totalmente vacunada y un promedio de decesos mayor a dos mil en los \u00faltimos siete d\u00edas al 20 de enero.<\/p>\n\n\n\n<p>Si bien la prioridad del gobierno es atender el aumento de los contagios por efectos de \u00d3micron, a dos meses de la aparici\u00f3n de esta variante Estados Unidos experimenta un creciente aumento de contagios con un promedio de 720 mil diarios en las \u00faltimas dos semanas, seg\u00fan <em>Our World in Data<\/em>. Esto, sin embargo, no ha detenido <a href=\"http:\/\/latinoamerica21.com\/es\/relativicemos-el-exito-de-la-diplomacia-de-las-vacunas-china\/\" target=\"_blank\" rel=\"noreferrer noopener\">la diplomacia de las vacunas del gobierno de Biden<\/a> que hasta el momento ha donado cerca de 55 millones de vacunas a Am\u00e9rica Latina y el Caribe y ha proporcionado m\u00e1s de 614 millones de d\u00f3lares para fortalecer las pol\u00edticas hacia la pandemia en la regi\u00f3n.<\/p>\n\n\n\n<p>Otro tema que ha sido centro de cr\u00edticas por parte de la oposici\u00f3n en el primer a\u00f1o del gobierno ha sido el creciente flujo migratorio irregular. El numero de migrantes procedentes del Tri\u00e1ngulo Norte centroamericano ha aumentado un 44% &nbsp;y el de mexicanos en un 28%. En el a\u00f1o fiscal con cierre al 30 septiembre del 2021 se registr\u00f3 un total de 1,72 millones de aprehensiones de migrantes y solicitantes de asilo, la mayor cifra registrada hasta la fecha, seg\u00fan la Oficina de Aduanas y Protecci\u00f3n Fronteriza.<\/p>\n\n\n\n<p>Este crecimiento hist\u00f3rico en el flujo migratorio irregular es consecuencia de la flexibilidad de la pol\u00edtica migratoria de la nueva administraci\u00f3n. En este sentido, otra de las estrategia del nuevo gobierno ha sido promover una pol\u00edtica de desarrollo en los pa\u00edses que componen el Tri\u00e1ngulo del Norte, Guatemala, El Salvador y Honduras. Con esta propuesta, se pretende atender las causas de la emigraci\u00f3n, lo cual es un proceso de mediano y largo plazo.<\/p>\n\n\n\n<p>El tema de la pol\u00edtica antidroga ha tenido cierta atenci\u00f3n en Am\u00e9rica Latina, considerando que en abril del 2021 se dio a conocer el plan nacional antidroga del gobierno de Biden, que plantea un nuevo enfoque de salud p\u00fablica hacia los principales pa\u00edses productores de coca\u00edna. En este sentido, la ret\u00f3rica de Biden ha retomado la cooperaci\u00f3n hacia Am\u00e9rica Latina marcando un cambio de rumbo con la pasada administraci\u00f3n de Trump. Adem\u00e1s, el gobierno ha impuesto sanciones selectivas a personas y entidades implicadas en corrupci\u00f3n y de violaci\u00f3n a derechos humanos y ha concedi\u00f3 la extensi\u00f3n del Estatus de Protecci\u00f3n Temporal (Temporary Protection Status \u2013 TPS) a las personas inmigrantes elegibles.<\/p>\n\n\n\n<p>Finalmente, la agenda de cambio clim\u00e1tico, ausente en la agenda de Trump, ha sido una prioridad de la agenda interna, bilateral e internacional del presidente Biden. En el marco de la Cumbre de L\u00edderes de Am\u00e9rica del Norte celebrada el pasado noviembre, los dirigentes se comprometieron a acelerar el despliegue de energ\u00edas renovables en Am\u00e9rica del Norte. Esto incluye la asistencia t\u00e9cnica y el intercambio de mejores pr\u00e1cticas. Una estrategia prioritaria para el gobierno estadounidense es acelerar la transici\u00f3n al transporte sostenible, lo que incluye la fabricaci\u00f3n de veh\u00edculos el\u00e9ctricos.<\/p>\n\n\n\n<p>A pesar de las rispideces entre los dem\u00f3cratas y los republicanos, a principios de noviembre del 2021, bajo un acuerdo bipartidista donde 13 republicanos votaron a favor, se aprob\u00f3 un presupuesto de 1.2 billones de d\u00f3lares para infraestructuras. Este proyecto de ley financiar\u00eda carreteras, puentes, aeropuertos, puertos mar\u00edtimos, sistemas ferroviarios y la expansi\u00f3n del servicio de Internet de banda ancha entre otras infraestructuras. Est\u00e1 pendiente de aprobaci\u00f3n del Congreso la propuesta de infraestructura en materia de red de seguridad social y programas para combatir el cambio clim\u00e1tico<\/p>\n\n\n\n<p>Resientemente, uno de los aspectos m\u00e1s sencibles para el gobierno y la oposici\u00f3n es el aumento de la inflaci\u00f3n que en noviembre se elev\u00f3 a 6,8%, la mayor cifra registrada en el pa\u00eds en 39 a\u00f1os, seg\u00fan datos de la Oficina de Estad\u00edsticas Laborales de EE.UU. Esta escalada de los precios se debe a las limitaciones en las cadenas de suministro y a la crisis energ\u00e9tica. Sin embargo, la gesti\u00f3n del gobierno fue el centro de las cr\u00edticas del expresidente Trump en un m\u00edtin en Arizona en el marco del inicio de su campa\u00f1a de apoyo a los candidatos republicanos al Congreso en noviembre de este a\u00f1o.<\/p>\n\n\n\n<p>Conforme avancen las campa\u00f1a intermedias de noviembre de 2022 se ir\u00e1n profundizando las divergencias entre el gobierno democr\u00e1ta y el partido republicano en temas como la vacunaci\u00f3n y la gesti\u00f3n de la pandemia en general, la reactivaci\u00f3n de la econom\u00eda, la inflaci\u00f3n, la migraci\u00f3n irregular y el aborto. Estos temas ser\u00e1n determinantes en la pr\u00f3xima elecci\u00f3n intermedia del 8 de noviembre y probablemente favorecer\u00e1n en las urnas al partido republicano.<\/p>\n\n\n\n<hr class=\"wp-block-separator\"\/>\n\n\n\n<p class=\"has-text-align-right\"><strong><em>Episodio relacionado de nuestro\u00a0<\/em><\/strong><a href=\"http:\/\/latinoamerica21.com\/podcast\/\"><strong><em>podcast<\/em><\/strong><\/a><strong>:<\/strong><\/p>\n\n\n\n<figure class=\"wp-block-embed is-type-rich is-provider-spotify wp-block-embed-spotify wp-embed-aspect-21-9 wp-has-aspect-ratio\"><div class=\"wp-block-embed__wrapper\">\nhttps:\/\/open.spotify.com\/episode\/6sVLBPPfzYfNdy08DSxTdK?si=Qf_7e9mBRtuLST713Igr1w\n<\/div><\/figure>\n","protected":false},"excerpt":{"rendered":"<p>A un a\u00f1o de la asunci\u00f3n el pa\u00eds ha retomado la estabilidad. Pero si bien la polarizaci\u00f3n extrema ha quedado relegada, la gesti\u00f3n de la nueva administraci\u00f3n de la crisis sanitaria y la econom\u00eda se han convertido en objeto de cr\u00edticas del trumpismo.<\/p>\n","protected":false},"author":277,"featured_media":9019,"comment_status":"closed","ping_status":"closed","sticky":false,"template":"","format":"standard","meta":{"_acf_changed":false,"episode_type":"","audio_file":"","cover_image":"","cover_image_id":"","duration":"","filesize":"","filesize_raw":"","date_recorded":"","explicit":"","block":"","itunes_episode_number":"","itunes_title":"","itunes_season_number":"","itunes_episode_type":"","footnotes":""},"categories":[16567,16567],"tags":[],"gps":[],"class_list":{"0":"post-9018","1":"post","2":"type-post","3":"status-publish","4":"format-standard","5":"has-post-thumbnail","7":"category-joe-biden"},"acf":[],"_links":{"self":[{"href":"https:\/\/latinoamerica21.com\/es\/wp-json\/wp\/v2\/posts\/9018","targetHints":{"allow":["GET"]}}],"collection":[{"href":"https:\/\/latinoamerica21.com\/es\/wp-json\/wp\/v2\/posts"}],"about":[{"href":"https:\/\/latinoamerica21.com\/es\/wp-json\/wp\/v2\/types\/post"}],"author":[{"embeddable":true,"href":"https:\/\/latinoamerica21.com\/es\/wp-json\/wp\/v2\/users\/277"}],"replies":[{"embeddable":true,"href":"https:\/\/latinoamerica21.com\/es\/wp-json\/wp\/v2\/comments?post=9018"}],"version-history":[{"count":0,"href":"https:\/\/latinoamerica21.com\/es\/wp-json\/wp\/v2\/posts\/9018\/revisions"}],"wp:featuredmedia":[{"embeddable":true,"href":"https:\/\/latinoamerica21.com\/es\/wp-json\/wp\/v2\/media\/9019"}],"wp:attachment":[{"href":"https:\/\/latinoamerica21.com\/es\/wp-json\/wp\/v2\/media?parent=9018"}],"wp:term":[{"taxonomy":"category","embeddable":true,"href":"https:\/\/latinoamerica21.com\/es\/wp-json\/wp\/v2\/categories?post=9018"},{"taxonomy":"post_tag","embeddable":true,"href":"https:\/\/latinoamerica21.com\/es\/wp-json\/wp\/v2\/tags?post=9018"},{"taxonomy":"gps","embeddable":true,"href":"https:\/\/latinoamerica21.com\/es\/wp-json\/wp\/v2\/gps?post=9018"}],"curies":[{"name":"wp","href":"https:\/\/api.w.org\/{rel}","templated":true}]}}