{"id":9030,"date":"2022-02-01T09:00:00","date_gmt":"2022-02-01T12:00:00","guid":{"rendered":"http:\/\/latinoamerica21.com\/?p=9030"},"modified":"2022-02-01T04:53:53","modified_gmt":"2022-02-01T07:53:53","slug":"el-cerebro-del-bolsonarismo-muere-tras-contraer-covid","status":"publish","type":"post","link":"https:\/\/latinoamerica21.com\/es\/el-cerebro-del-bolsonarismo-muere-tras-contraer-covid\/","title":{"rendered":"El cerebro del bolsonarismo muere tras contraer Covid"},"content":{"rendered":"\n<p><strong>Coautor Odilon Caldeira Neto<\/strong><\/p>\n\n\n\n<p>El gur\u00fa fascista de Jair Messias Bolsonaro, <a href=\"https:\/\/elpais.com\/cultura\/2022-01-25\/muere-el-escritor-y-filosofo-brasileno-olavo-de-carvalho-considerado-un-guru-del-bolsonarismo-a-los-74-anos.html\" target=\"_blank\" rel=\"noreferrer noopener\">Olavo de Carvalho, ha muerto tras contraer el Covid<\/a>. Olavo, como lo llaman sus seguidores, era un negacionista de la pandemia y un antivacunas empedernido y consecuente. Tras su muerte, Bolsonaro dijo que \u201chab\u00eda despertado a muchos\u201d y lo present\u00f3 \u201ccomo uno de los m\u00e1s grandes pensadores de nuestro pa\u00eds y un fil\u00f3sofo\u201d.\u00a0 No era nada de esto. Olavo de Carvalho era\u00a0un propagandista, gran enemigo de la democracia brasile\u00f1a y latinoamericana y una fiel muestra de que vivimos en tiempos de crisis donde las ideas y las mentiras m\u00e1s disparatadas ocupan el centro de la escena pol\u00edtica mundial.<\/p>\n\n\n\n<p>Olavo de Carvalho fue un personaje que parec\u00eda sacado de la imaginaci\u00f3n del libro&nbsp;<em>La literatura nazi en Am\u00e9rica<\/em>&nbsp;de Roberto Bola\u00f1o. Como&nbsp;Luiz&nbsp;Fontaine&nbsp;de Souza, el personaje&nbsp;fascista brasile\u00f1o inventado por Bola\u00f1o,&nbsp;Olavo de Carvalho fue autor de un n\u00famero abismal de libros con t\u00edtulos delirantes y sin ninguna credibilidad acad\u00e9mica. Entre los m\u00e1s peculiares cabe citar uno de los mas famosos a t\u00edtulo de Ilustraci\u00f3n, \u201cLo m\u00ednimo que usted necesita saber para no ser un idiota\u201d.<\/p>\n\n\n\n<p>Sus libros lo consagraron. Las ilusiones de grandeza de este agitador con pretensiones intelectuales, encandil\u00f3 a un gran numero de aficionados. Steve Bannon, por ejemplo, dijo que \u201cOlavo es uno de los grandes intelectuales conservadores del mundo\u201d. Para explicarlo en t\u00e9rminos estadounidenses, el \u201cintelectual\u201d brasile\u00f1o representa una combinaci\u00f3n entre Bannon y Stephen Miller, pero m\u00e1s atrevido y esot\u00e9rico.<\/p>\n\n\n\n<p>Olavo se present\u00f3 como un outsider acad\u00e9mico, aunque nada de lo que dijo ten\u00eda rigor cient\u00edfico. B\u00e1sicamente, casi nada era cierto. Adem\u00e1s de ser un profundo discriminador de la diversidad era terraplanista y negaba el cambio clim\u00e1tico. Odiaba a Albert Einstein, Galileo Galilei y a\u00fan m\u00e1s a Isaac Newton. Adem\u00e1s de partidario de Donald Trump, era un entusiasta de la invasi\u00f3n del Capitolio, que describi\u00f3 como una lucha del pueblo contra una \u00e9lite globalista y comunista.<\/p>\n\n\n\n<p>Entre algunas de sus m\u00e1s destacadas declaraciones afirm\u00f3 que Biden era un \u00abretardado mental\u00bb y que Kamala Harris era una agente del Partido Comunista Chino. Lleg\u00f3 a decir que \u201cni Mussolini imagin\u00f3 que&nbsp;en el futuro el fascismo se ver\u00eda reducido a defender el ano\u201d y por si fuera poco, advirti\u00f3 que la Pepsi Cola se fabrica con c\u00e9lulas de fetos humanos.<\/p>\n\n\n\n<p>\u00bfC\u00f3mo puede ser que un personaje tan grotesco como Olavo haya tenido tanta influencia en Brasil y el mundo? Olavo de Carvalho fue el l\u00edder intelectual de una nueva generaci\u00f3n de militantes y pol\u00edticos de la extrema derecha brasile\u00f1a. Si bien su estilo se caracteriz\u00f3 por el enfrentamiento diario, incluso con antiguos y recientes aliados como el extremista\u00a0de derecha ruso Alexander Duguin, sus ideas constituyeron la principal gu\u00eda ideol\u00f3gica para la construcci\u00f3n de la campa\u00f1a electoral y<a href=\"http:\/\/latinoamerica21.com\/es\/bolsonaro-quema-las-naves\/\" target=\"_blank\" rel=\"noreferrer noopener\"> del gobierno de Jair Bolsonaro<\/a>.<\/p>\n\n\n\n<p>Con el inicio del actual gobierno brasile\u00f1o se hizo patente la presencia de sus seguidores (o si se quiere, sus disc\u00edpulos) en cargos estrat\u00e9gicos, como los Ministerios de Educaci\u00f3n y Relaciones Exteriores. Inclusive la Fundaci\u00f3n Palmares, originalmente dise\u00f1ada para promover la educaci\u00f3n y la cultura afrobrasile\u00f1a, fue convertida en un frente para la persecuci\u00f3n del movimiento&nbsp;afrobrasile\u00f1o.<\/p>\n\n\n\n<p>Estos espacios fueron estrat\u00e9gicamente ocupados por creyentes en busca de una guerra cultural contra supuestos enemigos de las ideas defendidas por Olavo de Carvalho, basadas en preceptos reaccionarios, antiilustrados y de clara tem\u00e1tica fascista. Teor\u00edas conspirativas como el \u201cmarxismo cultural\u201d, el \u201cglobalismo\u201d o incluso la negaci\u00f3n y relativizaci\u00f3n de la Esclavitud o la defensa de la Inquisici\u00f3n, se han convertido en un componente de agitaci\u00f3n y propaganda de militantes y miembros del gobierno brasile\u00f1o que buscan proponer un nuevo modelo de identidad nacional, fundamentado en valores cristianos fundamentalistas.<\/p>\n\n\n\n<p>Si bien Olavo de Carvalho incorpor\u00f3 ideas y tendencias de sectores radicales como la efervescente derecha cristiana norteamericana desde las d\u00e9cadas de 1980 y 1990, la cosmovisi\u00f3n conspiracionista, jer\u00e1rquica y, no pocas veces, abiertamente antidemocr\u00e1tica ha revivido tradiciones de organizaciones hist\u00f3ricas de extrema derecha y del fascismo brasile\u00f1o.<\/p>\n\n\n\n<p>No sorprende, por tanto, la similitud entre algunos intelectuales fascistas como el integralista Gustavo Barroso, cuyas ideas circularon en sectores fascistas, religiosos y militares en el Brasil del siglo XX. Fueron los medios cercanos a Olavo de Carvalho, incluso, los que sirvieron de espacio para la celebraci\u00f3n de simbolog\u00edas fascistas como la \u201cversi\u00f3n brasile\u00f1a\u201d de Joseph Goebbels, encarnada por Roberto Alvim, entonces secretario de Cultura de Bolsonaro.<\/p>\n\n\n\n<p>La frase \u00abOlavo tiene raz\u00f3n\u00bb, tan cercana a la mussoliniana,&nbsp;\u201cIl Duce&nbsp;ha sempre ragione\u201d,&nbsp;estampada en camisetas y carteles en manifestaciones callejeras, fue otra de las consignas olavistas invocando la tradici\u00f3n fascista.&nbsp;Al retomar parte de estas ideas \u2014y llevarlas al campo pol\u00edtico nacional\u2014 Olavo de Carvalho y sus seguidores tambi\u00e9n reivindican una larga tradici\u00f3n del pensamiento pol\u00edtico brasile\u00f1o y latinoamericano que trata, desde sus mitolog\u00edas, a la pol\u00edtica como campo de batalla permeado por acciones persecutorias contra los enemigos pol\u00edticos.<\/p>\n\n\n\n<p>Desde estas categor\u00edas, la pol\u00edtica se convierte en arma e instrumento de los procesos de fascistizaci\u00f3n de los populismos de derecha. Su legado, que sin duda ser\u00e1 objeto de disputa entre sus m\u00e1s destacados seguidores, fue dar protagonismo a sus ideas de extrema derecha.\u00a0No fue un pensador original, s\u00ed un difusor del absurdo y de disparates autoritarios que, sin embargo, fue aplaudidos por muchos brasile\u00f1os.\u00a0<\/p>\n\n\n\n<p>Ha muerto un gran enemigo de la democracia, pero sus ideas, que ya pertenecen a la larga historia del fascismo latinoamericano, seguir\u00e1n vivas.<\/p>\n\n\n\n<p><em><sub>*La versi\u00f3n original de este texto sali\u00f3 en Clar\u00edn, Argentina.<\/sub><\/em><\/p>\n\n\n\n<p><em><sub>Odilon Caldeira Neto es historiador, profesor del Departamento de Historia de la Universidad Federal de Juiz de Fora y coordinador del Observatorio de la Extrema Derecha. Es autor de varias publicaciones sobre el fascismo, el neofascismo y la extrema derecha. Su libro m\u00e1s reciente es \u00abEl fascismo en camisas verdes\u00bb (2020, con Leandro Pereira Gon\u00e7alves).<\/sub><\/em><\/p>\n\n\n\n<p><em><sub>Foto de Menezesfernandes<\/sub><\/em><\/p>\n","protected":false},"excerpt":{"rendered":"<p>Ha muerto Olavo de Carvalho, un difusor del absurdo y de disparates autoritarios \u00a0y sobre todo un gran enemigo de la democracia, pero sus ideas, que ya pertenecen a la larga historia del fascismo latinoamericano, seguir\u00e1n vivas.<\/p>\n","protected":false},"author":77,"featured_media":9031,"comment_status":"closed","ping_status":"closed","sticky":false,"template":"","format":"standard","meta":{"_acf_changed":false,"episode_type":"","audio_file":"","cover_image":"","cover_image_id":"","duration":"","filesize":"","filesize_raw":"","date_recorded":"","explicit":"","block":"","itunes_episode_number":"","itunes_title":"","itunes_season_number":"","itunes_episode_type":"","footnotes":""},"categories":[16487,16487],"tags":[],"gps":[],"class_list":{"0":"post-9030","1":"post","2":"type-post","3":"status-publish","4":"format-standard","5":"has-post-thumbnail","7":"category-brasil"},"acf":[],"_links":{"self":[{"href":"https:\/\/latinoamerica21.com\/es\/wp-json\/wp\/v2\/posts\/9030","targetHints":{"allow":["GET"]}}],"collection":[{"href":"https:\/\/latinoamerica21.com\/es\/wp-json\/wp\/v2\/posts"}],"about":[{"href":"https:\/\/latinoamerica21.com\/es\/wp-json\/wp\/v2\/types\/post"}],"author":[{"embeddable":true,"href":"https:\/\/latinoamerica21.com\/es\/wp-json\/wp\/v2\/users\/77"}],"replies":[{"embeddable":true,"href":"https:\/\/latinoamerica21.com\/es\/wp-json\/wp\/v2\/comments?post=9030"}],"version-history":[{"count":0,"href":"https:\/\/latinoamerica21.com\/es\/wp-json\/wp\/v2\/posts\/9030\/revisions"}],"wp:featuredmedia":[{"embeddable":true,"href":"https:\/\/latinoamerica21.com\/es\/wp-json\/wp\/v2\/media\/9031"}],"wp:attachment":[{"href":"https:\/\/latinoamerica21.com\/es\/wp-json\/wp\/v2\/media?parent=9030"}],"wp:term":[{"taxonomy":"category","embeddable":true,"href":"https:\/\/latinoamerica21.com\/es\/wp-json\/wp\/v2\/categories?post=9030"},{"taxonomy":"post_tag","embeddable":true,"href":"https:\/\/latinoamerica21.com\/es\/wp-json\/wp\/v2\/tags?post=9030"},{"taxonomy":"gps","embeddable":true,"href":"https:\/\/latinoamerica21.com\/es\/wp-json\/wp\/v2\/gps?post=9030"}],"curies":[{"name":"wp","href":"https:\/\/api.w.org\/{rel}","templated":true}]}}