{"id":9172,"date":"2022-02-21T09:00:00","date_gmt":"2022-02-21T12:00:00","guid":{"rendered":"http:\/\/latinoamerica21.com\/?p=9172"},"modified":"2023-10-24T10:56:59","modified_gmt":"2023-10-24T13:56:59","slug":"las-grandes-mentiras-se-imponen-a-traves-de-los-medios","status":"publish","type":"post","link":"https:\/\/latinoamerica21.com\/es\/las-grandes-mentiras-se-imponen-a-traves-de-los-medios\/","title":{"rendered":"Las grandes mentiras se imponen a trav\u00e9s de los medios"},"content":{"rendered":"\n<p>Recientemente el expresidente <a href=\"https:\/\/www.independentespanol.com\/opinion\/donald-trump-entrevista-npr-opinion-b1991747.html\" target=\"_blank\" rel=\"noreferrer noopener\">Trump termin\u00f3 abruptamente una entrevista con NPR<\/a>\u2014radio p\u00fablica de Estados Unidos\u2014despu\u00e9s de que le preguntaran sobre su \u201cgran mentira\u201d de que las elecciones de 2020 estaban \u201carregladas\u201d en su contra, lo cual no hizo otra cosa que amplificar su propaganda. Esto demuestra el riesgo para los periodistas, especialmente los que hacen entrevistas en vivo, de entrevistar a Trump y este tipo de pol\u00edticos populistas que tanto se acercan al fascismo.<\/p>\n\n\n\n<p>Hist\u00f3ricamente, los medios de comunicaci\u00f3n han luchado con los l\u00edderes fascistas por el control de la informaci\u00f3n para ofrecer otras perspectivas. Sin embargo, los l\u00edderes totalitarios manipulan a los medios independientes para hacerse del poder, para luego eliminarlos. En este marco, los periodistas independientes deben entender que se trata de jugadores deshonestos que buscan promover sus mentiras en lugar de responder preguntas de forma honesta.<\/p>\n\n\n\n<p>Adolf Hitler entendi\u00f3 la centralidad de la propaganda y la importancia de controlar la prensa para mantener el poder. En \u201cMein Kampf\u201d, escribi\u00f3, \u201cla propaganda debe ajustarse a las amplias masas en contenido y en forma, y su solidez debe medirse exclusivamente por su resultado efectivo\u201d. Por eso, tambi\u00e9n argument\u00f3 que el Estado \u201cdebe ejercer un control especialmente estricto sobre la prensa. \u2026 No debe dejarse confundir por las tonter\u00edas sobre la llamada libertad de prensa\u201d.<\/p>\n\n\n\n<p>Una vez en el poder, los nazis destruyeron los medios independientes, cerraron m\u00e1s de 200 peri\u00f3dicos y enviaron a miles de periodistas a la c\u00e1rcel. Como explica el historiador Richard Evans, \u201cLa Ley de Editores del 4 de octubre de 1933 otorg\u00f3 a los nazis el control total sobre la prensa\u201d.<\/p>\n\n\n\n<p>Una vez en el poder, \u201c[Joseph] Goebbels [el ministro de propaganda nazi] daba instrucciones a los peri\u00f3dicos todos los d\u00edas, describiendo lo que pod\u00edan o no pod\u00edan publicar\u201d. Los fascistas odiaban especialmente a los periodistas porque su funci\u00f3n deber\u00eda representar lo opuesto a lo que defend\u00eda el fascismo. La&nbsp;verdad, la transparencia y la libertad de pensamiento son la ant\u00edtesis del fascismo y de los nuevos aspirantes al fascismo como Trump, Jair Bolsonaro y Narendra Modi.<\/p>\n\n\n\n<p>En 1932, uno de los pocos periodistas estadounidenses que entrevist\u00f3 a Hitler, Hans Kaltenborn, explic\u00f3 que \u201cAdolf Hitler tiene una intensa aversi\u00f3n instintiva a las entrevistas. Este hombre, cuyas corazonadas sobre qu\u00e9 hacer y cuyo extra\u00f1o sentido de cu\u00e1ndo hacerlo asombran al mundo, piensa mejor y decide con mayor astucia cuando est\u00e1 solo. No le gusta hablar con extra\u00f1os porque lo intimidan. Compensa su timidez con una estridente autoafirmaci\u00f3n en su presencia. En lugar de responder a las preguntas de un entrevistador, pronuncia discursos emocionados, buscando as\u00ed crear para s\u00ed mismo la atm\u00f3sfera de la reuni\u00f3n p\u00fablica cuando en realidad se encuentra en su casa\u201d.<\/p>\n\n\n\n<p>Kaltenborn esperaba que su entrevista con el dictador alem\u00e1n arrojara luz sobre las operaciones nazis, en particular sobre la mentalidad racista y antidemocr\u00e1tica de sus l\u00edderes. Pero sus preguntas sobre el antisemitismo de Hitler y sus puntos de vista sobre la dictadura entraron en conflicto con un elemento central del libreto fascista: el \u00abfuhrerprinzip\u00bb, la idea de que los l\u00edderes tienen raz\u00f3n en todo y que el resto, incluidos los periodistas, deben aceptar sus explicaciones sin preguntar. &nbsp;<\/p>\n\n\n\n<p>Por eso, como explic\u00f3 Kaltenborn, \u201cdesde el comienzo de su carrera p\u00fablica, Hitler ha evitado el contacto personal con hombres que no est\u00e1n de acuerdo con \u00e9l. Es tan consciente de su incapacidad para persuadir a los individuos como seguro de su habilidad para atraer a las masas\u201d.&nbsp;Kaltenborn sinti\u00f3 que pod\u00eda hacerle preguntas cr\u00edticas a Hitler. Sin embargo, descontento con el cuestionamiento, Hitler se limit\u00f3 a afirmar su antisemitismo, su identificaci\u00f3n fascista con Mussolini y su vocaci\u00f3n dictatorial. En otras palabras, simplemente se concentr\u00f3 en repetir sus grandes mentiras.<\/p>\n\n\n\n<p>Es por eso que dictadores como Hitler prefirieron hacer entrevistas con quienes los idolatraban, no con periodistas serios e independientes, para poder extender su culto evitando preguntas cr\u00edticas. El primer dictador argentino Jos\u00e9 F\u00e9lix Uriburu, por ejemplo, fue \u201centrevistado\u201d para legitimar el golpe de 1930 enmarc\u00e1ndolo falsamente como una revoluci\u00f3n heroica. La entrevista ayud\u00f3 a reforzar el mito del l\u00edder, cristalizando una narrativa ficticia que pas\u00f3 a formar parte de la larga historia del autoritarismo en Argentina.<\/p>\n\n\n\n<p>En 1931, el escritor jud\u00edo alem\u00e1n Emil Ludwig entrevist\u00f3 a Benito Mussolini en el apogeo de su dictadura. Inicialmente, Mussolini vio esto como una oportunidad para difundir sus mentiras en el extranjero, mientras que Ludwig lo vio como una oportunidad para distanciar a Mussolini de Hitler y criticar el racismo y el antisemitismo nazis. Tal vez, fue el tono de aprobaci\u00f3n e incluso de admiraci\u00f3n de Ludwig lo que llev\u00f3 a Mussolini a bajar la guardia y ridiculizar abiertamente el antisemitismo nazi.<\/p>\n\n\n\n<p>Pero luego, Mussolini cambi\u00f3 de opini\u00f3n, finalmente bloque\u00f3 la circulaci\u00f3n de la entrevista publicada como libro y permiti\u00f3 que se volviera a publicar solo despu\u00e9s de cambios importantes, por temor a parecer d\u00e9bil frente a los periodistas y para evitar da\u00f1ar las relaciones con Hitler.<\/p>\n\n\n\n<p>Finalmente, Mussolini aprob\u00f3 sus propias leyes raciales en el oto\u00f1o de 1938 y, como demostr\u00f3 el historiador italiano Simon Levis Sullam, algunos a\u00f1os m\u00e1s tarde y bajo la ocupaci\u00f3n nazi, los fascistas se convirtieron en verdugos clave del Holocausto en Italia. La entrevista publicada con Mussolini apareci\u00f3 en todo el mundo en varios idiomas, lo que ayud\u00f3 a normalizar la imagen de Mussolini en el extranjero, mientras se silenciaba dentro de la propia Italia. En consecuencia, la entrevista no logr\u00f3 ning\u00fan resultado positivo, ni dentro de Italia ni a nivel internacional a pesar de las buenas intenciones de Ludwig.<\/p>\n\n\n\n<p>En resumen, los fascistas y populistas hist\u00f3ricamente no favorecieron el debate o el acceso abierto a las ideas, sino que siempre buscaron minimizar la relevancia de instituciones democr\u00e1ticas como la prensa libre. Aspirantes fascistas como Trump y Bolsonaro a menudo han demonizado a los medios independientes, pero a menudo lo hacen en esas mismas plataformas medi\u00e1ticas, y con demasiada frecuencia sin enfrentarse a preguntas cr\u00edticas.<\/p>\n\n\n\n<p>Es por ello que populistas extremos como Trump y Bolsonaro han llegado a ver a la prensa independiente como un adversario clave de su propia pol\u00edtica, pero tambi\u00e9n como <a href=\"http:\/\/latinoamerica21.com\/es\/vivir-en-la-era-de-la-posverdad\/\" target=\"_blank\" rel=\"noreferrer noopener\">una herramienta de manipulaci\u00f3n.<\/a> La noci\u00f3n de escuchar a \u201clas dos campanas\u201d\u00a0adoptada frecuentemente por los medios independientes los hace vulnerables a ser utilizados para amplificar mentiras. Como muestra la historia, los dictadores fascistas siempre entendieron que el papel de los medios libres era incompatible con su propaganda antidemocr\u00e1tica, y sin embargo manipularon esos mismos medios siempre que se les permiti\u00f3 hacerlo.\u00a0<\/p>\n\n\n\n<hr class=\"wp-block-separator\"\/>\n\n\n\n<p class=\"has-text-align-right\"><strong><em>Episodio relacionado de nuestro\u00a0<\/em><\/strong><a href=\"http:\/\/latinoamerica21.com\/podcast\/\"><strong><em>podcast<\/em><\/strong><\/a><strong>:<\/strong><\/p>\n\n\n\n<figure class=\"wp-block-embed is-type-rich is-provider-spotify wp-block-embed-spotify wp-embed-aspect-21-9 wp-has-aspect-ratio\"><div class=\"wp-block-embed__wrapper\">\n<iframe title=\"Spotify Embed: Internet y poder en Am\u00e9rica Latina\" style=\"border-radius: 12px\" width=\"100%\" height=\"152\" frameborder=\"0\" allowfullscreen allow=\"autoplay; clipboard-write; encrypted-media; fullscreen; picture-in-picture\" loading=\"lazy\" src=\"https:\/\/open.spotify.com\/embed\/episode\/6eQ0P1Hzn0C5wz0gZTbdog?utm_source=oembed\"><\/iframe>\n<\/div><\/figure>\n","protected":false},"excerpt":{"rendered":"<p>Recientemente el expresidente Trump termin\u00f3 abruptamente una entrevista despu\u00e9s de que le preguntaran sobre su \u201cgran mentira\u201d de que las elecciones de 2020 estaban \u201carregladas\u201d en su contra. Esto no hizo otra cosa que amplificar su propaganda. <\/p>\n","protected":false},"author":77,"featured_media":9173,"comment_status":"closed","ping_status":"closed","sticky":false,"template":"","format":"standard","meta":{"_acf_changed":false,"episode_type":"","audio_file":"","cover_image":"","cover_image_id":"","duration":"","filesize":"","filesize_raw":"","date_recorded":"","explicit":"","block":"","itunes_episode_number":"","itunes_title":"","itunes_season_number":"","itunes_episode_type":"","footnotes":""},"categories":[16515,16515,16551,16551,16553,16553],"tags":[],"gps":[],"class_list":{"0":"post-9172","1":"post","2":"type-post","3":"status-publish","4":"format-standard","5":"has-post-thumbnail","7":"category-medios-de-comunicacion","9":"category-fake-news","11":"category-desinformacion"},"acf":[],"_links":{"self":[{"href":"https:\/\/latinoamerica21.com\/es\/wp-json\/wp\/v2\/posts\/9172","targetHints":{"allow":["GET"]}}],"collection":[{"href":"https:\/\/latinoamerica21.com\/es\/wp-json\/wp\/v2\/posts"}],"about":[{"href":"https:\/\/latinoamerica21.com\/es\/wp-json\/wp\/v2\/types\/post"}],"author":[{"embeddable":true,"href":"https:\/\/latinoamerica21.com\/es\/wp-json\/wp\/v2\/users\/77"}],"replies":[{"embeddable":true,"href":"https:\/\/latinoamerica21.com\/es\/wp-json\/wp\/v2\/comments?post=9172"}],"version-history":[{"count":0,"href":"https:\/\/latinoamerica21.com\/es\/wp-json\/wp\/v2\/posts\/9172\/revisions"}],"wp:featuredmedia":[{"embeddable":true,"href":"https:\/\/latinoamerica21.com\/es\/wp-json\/wp\/v2\/media\/9173"}],"wp:attachment":[{"href":"https:\/\/latinoamerica21.com\/es\/wp-json\/wp\/v2\/media?parent=9172"}],"wp:term":[{"taxonomy":"category","embeddable":true,"href":"https:\/\/latinoamerica21.com\/es\/wp-json\/wp\/v2\/categories?post=9172"},{"taxonomy":"post_tag","embeddable":true,"href":"https:\/\/latinoamerica21.com\/es\/wp-json\/wp\/v2\/tags?post=9172"},{"taxonomy":"gps","embeddable":true,"href":"https:\/\/latinoamerica21.com\/es\/wp-json\/wp\/v2\/gps?post=9172"}],"curies":[{"name":"wp","href":"https:\/\/api.w.org\/{rel}","templated":true}]}}