{"id":9330,"date":"2022-03-10T08:00:00","date_gmt":"2022-03-10T11:00:00","guid":{"rendered":"https:\/\/latinoamerica21.com\/?p=9330"},"modified":"2022-04-20T12:11:22","modified_gmt":"2022-04-20T15:11:22","slug":"cuba-70-anos-sin-democracia","status":"publish","type":"post","link":"https:\/\/latinoamerica21.com\/es\/cuba-70-anos-sin-democracia\/","title":{"rendered":"Cuba: 70 a\u00f1os sin democracia"},"content":{"rendered":"\n<p>Hab\u00eda una vez una Cuba democr\u00e1tica en donde los partidos pol\u00edticos dirim\u00edan su competencia en elecciones libres, en donde las ciudadanas y ciudadanos eleg\u00edan a sus representantes en un contexto de libertad. Este per\u00edodo dur\u00f3 poco, pero existi\u00f3. Se extendi\u00f3 por algo m\u00e1s de una d\u00e9cada. El problema es que el discurso \u00fanico oficial ha sepultado su registro hist\u00f3rico y la transmisi\u00f3n oral, luego de siete d\u00e9cadas, se ha extinguido. Lo sorprendente es que ese per\u00edodo excepcional tambi\u00e9n produjo una Constituci\u00f3n en 1940 que expresaba en su primer art\u00edculo su impronta republicana al sostener que se trataba de \u201c<em>un Estado independiente y soberano, organizado como Rep\u00fablica unitaria y democr\u00e1tica, para el disfrute de la libertad pol\u00edtica, la justicia social, el bienestar individual y colectivo y la solidaridad humana<\/em>\u201d.&nbsp;<\/p>\n\n\n\n<p>El 10 de marzo se cumplen 70 a\u00f1os de la ruptura del orden democr\u00e1tico en Cuba. Esto no quiere decir que desde su independencia la Isla haya gozado de una democracia ininterrumpida. Por el contrario, ese \u00fanico periodo democr\u00e1tico cubano fue muy breve, de 1940 a 1952. El historiador Carlos Manuel Rodr\u00edguez Arechavaleta, se ha sumergido en esa etapa para dar cuenta de la din\u00e1mica de la competencia electoral.<\/p>\n\n\n\n<p>En su libro \u201c<em>La democracia republicana en Cuba 1940-1952<\/em>\u201d, da cuenta del sistema de partidos de aquel entonces que contrasta con el r\u00e9gimen de partido \u00fanico actual. Destaca, adem\u00e1s, que los incentivos que presentaba el sistema pol\u00edtico para el multipartidismo hizo que partidos radicales, como el Comunista, ingresaran en una l\u00f3gica de competencia electoral, con lo cual se trat\u00f3 de un sistema pol\u00edtico inclusivo. Lamentablemente esto arroja como saldo que Cuba ha vivido gran parte de su historia bajo reg\u00edmenes autoritarios y esto marca una ausencia en materia de cultura democr\u00e1tica.<\/p>\n\n\n\n<p>Tanto el discurso de Fidel Castro como el de la \u00e9lite actual del Partido Comunista de Cuba han intentado desconocer que hubo grandes esfuerzos por promover reformas democratizadoras en Cuba, y que de hecho hubo un periodo en el que prevalec\u00eda una democracia plural que celebraba elecciones competitivas entre fuerzas pol\u00edticas tan diversas como comunistas, socialistas, liberales, conservadores y reformistas.<\/p>\n\n\n\n<p>Esto lo describe muy bien Loris Zanatta en su libro <a href=\"https:\/\/elpais.com\/babelia\/2021-03-11\/fidel-castro-el-ultimo-rey-catolico.html\" target=\"_blank\" rel=\"noreferrer noopener\">\u201cFidel Castro, el \u00faltimo Rey Cat\u00f3lico\u201d<\/a>. All\u00ed hay un joven Fidel Castro con un marcado discurso <em>antipol\u00edtica<\/em>, que con desprecio cuestionaba a la democracia cubana de aquel entonces a la que clasificaba como una \u201c<em>partidocracia<\/em>\u201d. Con la utilizaci\u00f3n discursiva permanente del t\u00e9rmino \u201c<em>politiquer\u00eda<\/em>\u201d hac\u00eda una impugnaci\u00f3n de la dimensi\u00f3n consensual y dialoguista de la pol\u00edtica, lo que dio lugar a una coincidencia con el discurso que tuvo despu\u00e9s Batista en el vest\u00edbulo del golpe.<\/p>\n\n\n\n<p>Este per\u00edodo democr\u00e1tico fue una originalidad incluso en la regi\u00f3n. Solo recordemos que en Rep\u00fablica Dominicana gobernaba Rafael Trujillo, en Nicaragua Anastasio Somoza Garc\u00eda y en El Salvador, en 1948, un golpe militar pon\u00eda fin al gobierno de otro militar. En cambio, en Cuba todo indicaba que se hab\u00eda dejado atr\u00e1s su historia colonial y la tutela norteamericana cuando las fuerzas pol\u00edticas locales celebraban una Asamblea Constituyente que brindar\u00eda el marco legal para la celebraci\u00f3n de varias elecciones presidenciales y legislativas en las que habr\u00eda alternabilidad en el poder, al menos hasta 1952.<\/p>\n\n\n\n<p>De hecho, Fulgencio Batista, quien con el golpe de 1952 acabar\u00eda con el periodo democr\u00e1tico cubano, hab\u00eda sido electo en el marco de la Constituci\u00f3n en 1940. Luego le seguir\u00edan Ram\u00f3n Grau San Mart\u00edn (1944) y Carlos Pr\u00edo Socarr\u00e1s (1948). En las elecciones de este per\u00edodo la participaci\u00f3n electoral iba en aumento, del 73 al 78 por ciento.&nbsp;<\/p>\n\n\n\n<p>La conocida como \u201c<em>Constituci\u00f3n de octubre<\/em>\u201d establec\u00eda que la elecci\u00f3n presidencial era indirecta, a trav\u00e9s del colegio electoral, y bastaba con una mayor\u00eda relativa (como la mayor\u00eda de los pa\u00edses de la regi\u00f3n para esa \u00e9poca, no hab\u00eda segunda vuelta). Sin embargo, en 1943 a trav\u00e9s de un nuevo C\u00f3digo Electoral se estableci\u00f3 la elecci\u00f3n directa del presidente.<\/p>\n\n\n\n<p>El periodo democr\u00e1tico concluir\u00eda el 10 de marzo de 1952, cuando Batista, en campa\u00f1a para las presidenciales que se celebrar\u00edan ese a\u00f1o, al verse con muy pocas chances de llegar al poder de manera democr\u00e1tica, us\u00f3 sus influencias militares para clausurar el orden constitucional.<\/p>\n\n\n\n<p>El pueblo cubano no volver\u00eda a conocer un r\u00e9gimen democr\u00e1tico, dado que luego del golpe de Batista llegar\u00eda la experiencia totalitaria m\u00e1s longeva de la regi\u00f3n, encarnada por Fidel Castro primero y luego por su hermano Ra\u00fal. Hoy es el Presidente Miguel D\u00edaz-Canel el que hered\u00f3 la responsabilidad de impedir que las y los cubanos puedan elegir libremente a sus representantes.<\/p>\n\n\n\n<p>Para sorpresa de la opini\u00f3n p\u00fablica internacional y del propio r\u00e9gimen <a href=\"https:\/\/latinoamerica21.com\/es\/la-tormenta-cubana-trasciende-el-bloqueo\/\" target=\"_blank\" rel=\"noreferrer noopener\">el 11 de julio del 2021 una multitud sali\u00f3 a la calle a exigir libertad y democracia.<\/a> Su himno fue \u201c<em>Patria y Vida<\/em>\u201d. La represi\u00f3n fue inmediata, hoy las c\u00e1rceles de Cuba est\u00e1n atiborradas de presos pol\u00edticos, activistas como el artista Luis Manuel Otero Alc\u00e1ntara o pol\u00edticos como Daniel Ferrer siguen detenidos. Se advierten procesos y condenas a menores de edad y persecuci\u00f3n a periodistas, sobre todo mujeres como lo muestra el caso de Luz Escobar.<\/p>\n\n\n\n<p>Quiz\u00e1 la juventud de Cuba se haya movilizado sin conocer ese interregno democr\u00e1tico, no obstante, su emergencia debe interpretarse como una l\u00ednea de continuidad en la tradici\u00f3n democr\u00e1tica de Cuba, una tradici\u00f3n que busca ser desplegada pese a la impugnaci\u00f3n compartida entre Batista y los Castro.<\/p>\n\n\n\n<hr class=\"wp-block-separator\"\/>\n\n\n\n<p class=\"has-text-align-right\"><strong><em>Episodio relacionado de nuestro&nbsp;<\/em><\/strong><a href=\"https:\/\/latinoamerica21.com\/podcast\/\"><strong><em>podcast<\/em><\/strong><\/a><strong>:<\/strong><\/p>\n\n\n\n<figure class=\"wp-block-embed is-type-rich is-provider-spotify wp-block-embed-spotify wp-embed-aspect-21-9 wp-has-aspect-ratio\"><div class=\"wp-block-embed__wrapper\">\n<iframe title=\"Spotify Embed: Or\u00edgenes y alcances de las protestas en Cuba\" style=\"border-radius: 12px\" width=\"100%\" height=\"152\" frameborder=\"0\" allowfullscreen allow=\"autoplay; clipboard-write; encrypted-media; fullscreen; picture-in-picture\" loading=\"lazy\" src=\"https:\/\/open.spotify.com\/embed\/episode\/1ulq9zd9ABHis3r6jtLSX8?utm_source=oembed\"><\/iframe>\n<\/div><\/figure>\n","protected":false},"excerpt":{"rendered":"<p>Hab\u00eda una vez una Cuba democr\u00e1tica en donde los partidos pol\u00edticos dirim\u00edan su competencia en elecciones libres, en donde las ciudadanas y ciudadanos eleg\u00edan a sus representantes en un contexto de libertad. Este per\u00edodo dur\u00f3 poco, pero existi\u00f3.<\/p>\n","protected":false},"author":310,"featured_media":9331,"comment_status":"closed","ping_status":"closed","sticky":false,"template":"","format":"standard","meta":{"_acf_changed":false,"episode_type":"","audio_file":"","cover_image":"","cover_image_id":"","duration":"","filesize":"","filesize_raw":"","date_recorded":"","explicit":"","block":"","itunes_episode_number":"","itunes_title":"","itunes_season_number":"","itunes_episode_type":"","footnotes":""},"categories":[16581,16581,16570,16570],"tags":[],"gps":[],"class_list":{"0":"post-9330","1":"post","2":"type-post","3":"status-publish","4":"format-standard","5":"has-post-thumbnail","7":"category-cuba-es","9":"category-golpe-de-estado"},"acf":[],"_links":{"self":[{"href":"https:\/\/latinoamerica21.com\/es\/wp-json\/wp\/v2\/posts\/9330","targetHints":{"allow":["GET"]}}],"collection":[{"href":"https:\/\/latinoamerica21.com\/es\/wp-json\/wp\/v2\/posts"}],"about":[{"href":"https:\/\/latinoamerica21.com\/es\/wp-json\/wp\/v2\/types\/post"}],"author":[{"embeddable":true,"href":"https:\/\/latinoamerica21.com\/es\/wp-json\/wp\/v2\/users\/310"}],"replies":[{"embeddable":true,"href":"https:\/\/latinoamerica21.com\/es\/wp-json\/wp\/v2\/comments?post=9330"}],"version-history":[{"count":0,"href":"https:\/\/latinoamerica21.com\/es\/wp-json\/wp\/v2\/posts\/9330\/revisions"}],"wp:featuredmedia":[{"embeddable":true,"href":"https:\/\/latinoamerica21.com\/es\/wp-json\/wp\/v2\/media\/9331"}],"wp:attachment":[{"href":"https:\/\/latinoamerica21.com\/es\/wp-json\/wp\/v2\/media?parent=9330"}],"wp:term":[{"taxonomy":"category","embeddable":true,"href":"https:\/\/latinoamerica21.com\/es\/wp-json\/wp\/v2\/categories?post=9330"},{"taxonomy":"post_tag","embeddable":true,"href":"https:\/\/latinoamerica21.com\/es\/wp-json\/wp\/v2\/tags?post=9330"},{"taxonomy":"gps","embeddable":true,"href":"https:\/\/latinoamerica21.com\/es\/wp-json\/wp\/v2\/gps?post=9330"}],"curies":[{"name":"wp","href":"https:\/\/api.w.org\/{rel}","templated":true}]}}