{"id":9993,"date":"2022-04-28T09:00:00","date_gmt":"2022-04-28T12:00:00","guid":{"rendered":"https:\/\/latinoamerica21.com\/?p=9993"},"modified":"2022-04-27T13:49:17","modified_gmt":"2022-04-27T16:49:17","slug":"el-liderazgo-efimero","status":"publish","type":"post","link":"https:\/\/latinoamerica21.com\/es\/el-liderazgo-efimero\/","title":{"rendered":"El liderazgo ef\u00edmero"},"content":{"rendered":"\n<p>El ritmo con el que <a href=\"https:\/\/latinoamerica21.com\/es\/la-politica-es-un-oficio\/\" target=\"_blank\" rel=\"noreferrer noopener\">la actividad pol\u00edtica suele devorar a quienes se dedican a ella<\/a> es un asunto sobre el que se tienen menos datos de los que se deber\u00eda. Si bien la atenci\u00f3n tiende a centrarse en quienes ocupan los cargos de mayor prominencia, el hecho de que miles de personas dedicadas a la pol\u00edtica sean objeto de poca atenci\u00f3n contribuye a no tener una s\u00f3lida idea de la duraci\u00f3n de una carrera pol\u00edtica ni de sus caracter\u00edsticas.\u00a0<\/p>\n\n\n\n<p>Pocas veces, sin embargo, el acontecer permite reflexionar sobre el asunto para articular una peque\u00f1a agenda de investigaci\u00f3n. <a href=\"https:\/\/www.elcorreo.com\/politica\/nueva-politica-devora-lideres-20220405172238-ntrc.html\" target=\"_blank\" rel=\"noreferrer noopener\">Lo sucedido en Espa\u00f1a en los \u00faltimos dos a\u00f1os y medio en el seno del liderazgo de tres formaciones estatales<\/a> que ocupan la derecha, el centro y la izquierda del espectro pol\u00edtico genera cierto inter\u00e9s al respecto y puede servir de gu\u00eda orientadora para entender la pol\u00edtica actual en Am\u00e9rica Latina, donde no es dif\u00edcil encontrar casos similares.<\/p>\n\n\n\n<p>Se trata de tres hombres nacidos en un lapso de tres a\u00f1os en Madrid, Barcelona y Palencia, con estudios universitarios de derecho y de ciencia pol\u00edtica. Dos de ellos llegaron a la pol\u00edtica profesional con la misma edad de 26 a\u00f1os, y el tercero con 36 a\u00f1os, aunque su activismo pol\u00edtico en el \u00e1mbito de la comunicaci\u00f3n y de la consultor\u00eda se empez\u00f3 a desarrollar una d\u00e9cada antes.&nbsp;<\/p>\n\n\n\n<p>Mientras que dos de ellos comenzaron su andadura en el marco auton\u00f3mico, el otro lo hizo en el europeo; coincidieron en las Cortes, alcanzaron el liderazgo de sus respectivas formaciones a una edad tambi\u00e9n muy similar y, a su vez, dejaron la pol\u00edtica entre noviembre de 2019 y abril de 2022, pero ninguno lleg\u00f3 a alcanzar los 43 a\u00f1os.&nbsp;<\/p>\n\n\n\n<p>En su vida personal, fueron padres, uno de tres hijos y dos de dos hijos. La salida de la pol\u00edtica, para quienes no ten\u00edan un trabajo fijo previo, les ha permitido desplegar su capital pol\u00edtico acumulado para volver a desempe\u00f1arse profesionalmente en el terreno de la comunicaci\u00f3n y de la investigaci\u00f3n o para trabajar menos de dos a\u00f1os en un bufete de abogados con magros resultados profesionales.<\/p>\n\n\n\n<p>Pablo Iglesias Turri\u00f3n (Madrid, 1978), fundador y l\u00edder de Podemos, es abogado y polit\u00f3logo, y tiene un doctorado. Fue profesor contratado en la Facultad de Ciencias Pol\u00edticas y Sociolog\u00eda de la Universidad Complutense de Madrid entre 2003 y 2014, y se dedic\u00f3 al mismo tiempo a labores de comunicaci\u00f3n (TV y prensa) y de asesor\u00eda. Fue eurodiputado durante un a\u00f1o a partir de 2014 cuando entr\u00f3 formalmente en la arena pol\u00edtica, y diputado en el Parlamento espa\u00f1ol entre 2015 y 2021. Dej\u00f3 la pol\u00edtica en mayo de este \u00faltimo a\u00f1o tras obtener unos resultados electorales insatisfactorios en las elecciones auton\u00f3micas de Madrid a las que se hab\u00eda presentado dimitiendo de una de las vicepresidencias del Gobierno de Espa\u00f1a.&nbsp;<\/p>\n\n\n\n<p>Albert Rivera (Barcelona, 1979), fundador y l\u00edder de Ciudadanos, es abogado y trabaj\u00f3 en una instituci\u00f3n financiera (La Caixa) entre 2002 y 2006. Fue diputado en el Parlamento de Catalu\u00f1a entre 2006 y 2015 y en las Cortes entre 2015 y 2019. Dej\u00f3 la pol\u00edtica en noviembre de ese a\u00f1o tras el fracaso electoral de su partido.&nbsp;<\/p>\n\n\n\n<p>Pablo Casado (Palencia, 1981) es abogado y fue diputado en la Asamblea de Madrid entre 2007 y 2009. Ejerci\u00f3 un cargo de confianza entre 2009 y 2011 y fue diputado en las Cortes desde 2011 hasta 2022. Fue l\u00edder nacional del Partido Popular durante 32 meses y dej\u00f3 la pol\u00edtica en abril de 2022 como consecuencia de una crisis interna en su partido.<\/p>\n\n\n\n<p>Tres personajes que, tras una carrera pol\u00edtica de quince a\u00f1os de promedio dejaron de tener la notable influencia que gozaron en una etapa de la pol\u00edtica espa\u00f1ola que se gest\u00f3 en la crisis financiera de 2007. La profesionalizaci\u00f3n pol\u00edtica de los tres fue consecuencia directa de la crisis, y sus carreras culminaron con la turbulencia acarreada por la pandemia de la COVID-19. Pa\u00edses latinoamericanos tambi\u00e9n pueden mostrar escenarios no muy diferentes.<\/p>\n\n\n\n<p>As\u00ed, es posible que Chile se encuentre hoy en una andadura similar como consecuencia de la renovaci\u00f3n pol\u00edtica que ha habido en el pa\u00eds tras las \u00faltimas elecciones a finales de 2021 con las que, en cierta medida, se terminaba un proceso que hab\u00eda empezado diez a\u00f1os antes. El cambio se ha producido en distintos \u00e1mbitos ideol\u00f3gicos del espectro pol\u00edtico, pero si se observa el terreno gubernamental, Camila Vallejo, la actual ministra secretaria general de Gobierno y quien est\u00e1 a punto de cumplir 34 a\u00f1os, ofrece pistas interesantes.&nbsp;<\/p>\n\n\n\n<p>En unas declaraciones recientes que hizo al peri\u00f3dico <em>La Tercera<\/em> con respecto al grupo generacional en el que se encuentra, la pol\u00edtica se\u00f1alaba lo siguiente: \u201cUna de las cosas m\u00e1s importantes que tenemos, como experiencia pol\u00edtica, es que nosotros nos formamos en la lucha callejera estudiantil\u201d.&nbsp;<\/p>\n\n\n\n<p>En una dimensi\u00f3n ideol\u00f3gica opuesta, en la vecina Argentina, Javier Milei, economista provocador, comunicador y analista, alza su voz mesi\u00e1nica desde el Congreso nacional al que fue electo como diputado en 2021 y prepara su individual asalto a la Casa Rosada para 2023. Apenas tiene m\u00e1s bagaje que su febril credo libertario, la confrontaci\u00f3n con la casta en el poder y la b\u00fasqueda de una sinton\u00eda electoral en un pa\u00eds fuertemente golpeado por su mala situaci\u00f3n econ\u00f3mica y su desesperante clima de desigualdad social.<\/p>\n\n\n\n<p>Liderazgos al albur de la coyuntura, de la fortuna y de la \u00e9poca l\u00edquida en que se insertan.<\/p>\n","protected":false},"excerpt":{"rendered":"<p>El ritmo con el que la actividad pol\u00edtica suele devorar a quienes se dedican a ella es un asunto sobre el que se tienen menos datos de los que se deber\u00eda.<\/p>\n","protected":false},"author":45,"featured_media":9994,"comment_status":"closed","ping_status":"closed","sticky":false,"template":"","format":"standard","meta":{"_acf_changed":false,"episode_type":"","audio_file":"","cover_image":"","cover_image_id":"","duration":"","filesize":"","filesize_raw":"","date_recorded":"","explicit":"","block":"","itunes_episode_number":"","itunes_title":"","itunes_season_number":"","itunes_episode_type":"","footnotes":""},"categories":[16599],"tags":[],"gps":[],"class_list":{"0":"post-9993","1":"post","2":"type-post","3":"status-publish","4":"format-standard","5":"has-post-thumbnail","7":"category-internet-es"},"acf":[],"_links":{"self":[{"href":"https:\/\/latinoamerica21.com\/es\/wp-json\/wp\/v2\/posts\/9993","targetHints":{"allow":["GET"]}}],"collection":[{"href":"https:\/\/latinoamerica21.com\/es\/wp-json\/wp\/v2\/posts"}],"about":[{"href":"https:\/\/latinoamerica21.com\/es\/wp-json\/wp\/v2\/types\/post"}],"author":[{"embeddable":true,"href":"https:\/\/latinoamerica21.com\/es\/wp-json\/wp\/v2\/users\/45"}],"replies":[{"embeddable":true,"href":"https:\/\/latinoamerica21.com\/es\/wp-json\/wp\/v2\/comments?post=9993"}],"version-history":[{"count":0,"href":"https:\/\/latinoamerica21.com\/es\/wp-json\/wp\/v2\/posts\/9993\/revisions"}],"wp:featuredmedia":[{"embeddable":true,"href":"https:\/\/latinoamerica21.com\/es\/wp-json\/wp\/v2\/media\/9994"}],"wp:attachment":[{"href":"https:\/\/latinoamerica21.com\/es\/wp-json\/wp\/v2\/media?parent=9993"}],"wp:term":[{"taxonomy":"category","embeddable":true,"href":"https:\/\/latinoamerica21.com\/es\/wp-json\/wp\/v2\/categories?post=9993"},{"taxonomy":"post_tag","embeddable":true,"href":"https:\/\/latinoamerica21.com\/es\/wp-json\/wp\/v2\/tags?post=9993"},{"taxonomy":"gps","embeddable":true,"href":"https:\/\/latinoamerica21.com\/es\/wp-json\/wp\/v2\/gps?post=9993"}],"curies":[{"name":"wp","href":"https:\/\/api.w.org\/{rel}","templated":true}]}}