{"id":200,"name":"Andr\u00e9 Luiz Coelho","url":"","description":"Profesor de la Escuela de Ciencia Pol\u00edtica de la Univ. Federal del Estado de Rio de Janeiro (UNIRIO). Doctor en Ciencia Pol\u00edtica por IESP\/UERJ. Tiene experiencia en el \u00e1rea de Ciencia Pol\u00edtica y Relaciones Internacionales, con \u00e9nfasis en Brasil y Am\u00e9rica Latina","link":"https:\/\/latinoamerica21.com\/es\/autor\/andre-luiz-coelho\/","slug":"andre-luiz-coelho","meta":[],"acf":[],"simple_local_avatar":{"media_id":51920,"full":"https:\/\/latinoamerica21.com\/wp-content\/uploads\/2025\/10\/cropped-Andre-Coelho.jpg","blog_id":1,"500":"https:\/\/latinoamerica21.com\/wp-content\/uploads\/2025\/10\/cropped-Andre-Coelho-500x500.jpg","150":"https:\/\/latinoamerica21.com\/wp-content\/uploads\/2025\/10\/cropped-Andre-Coelho-150x150.jpg","96":"https:\/\/latinoamerica21.com\/wp-content\/uploads\/2025\/10\/cropped-Andre-Coelho-96x96.jpg"},"_links":{"self":[{"href":"https:\/\/latinoamerica21.com\/es\/wp-json\/wp\/v2\/users\/200","targetHints":{"allow":["GET"]}}],"collection":[{"href":"https:\/\/latinoamerica21.com\/es\/wp-json\/wp\/v2\/users"}]}}