{"id":202,"name":"Martha Jaramillo Cardona","url":"","description":"Profesora de la Universidad Aut\u00f3noma de Baja California (M\u00e9xico). Miembro del Sistema Nacional de Investigadores (SNI). Especializada en salud y pol\u00edticas p\u00fablicas. Doctora en Ciencias Sociales por el Colegio de la Frontera Norte (M\u00e9xico).","link":"https:\/\/latinoamerica21.com\/es\/autor\/martha-jaramillo-cardona\/","slug":"martha-jaramillo-cardona","meta":[],"acf":[],"simple_local_avatar":{"media_id":52029,"full":"https:\/\/latinoamerica21.com\/wp-content\/uploads\/2025\/10\/Martha-Jaramillo.jpg","blog_id":1,"500":"https:\/\/latinoamerica21.com\/wp-content\/uploads\/2025\/10\/Martha-Jaramillo.jpg","96":"https:\/\/latinoamerica21.com\/wp-content\/uploads\/2025\/10\/Martha-Jaramillo-96x96.jpg"},"_links":{"self":[{"href":"https:\/\/latinoamerica21.com\/es\/wp-json\/wp\/v2\/users\/202","targetHints":{"allow":["GET"]}}],"collection":[{"href":"https:\/\/latinoamerica21.com\/es\/wp-json\/wp\/v2\/users"}]}}