{"id":238,"name":"Ana Watson","url":"","description":"Magister en Medio Ambiente y Desarrollo por la Pontificia Universidad Cat\u00f3lica del Per\u00fa y candidata a Doctora en Geograf\u00eda en la Universidad de Calgary (Canad\u00e1). Integra el grupo de investigaci\u00f3n de Pol\u00edtica y Gobernanza Medioambiental.","link":"https:\/\/latinoamerica21.com\/es\/autor\/ana-watson\/","slug":"ana-watson","meta":[],"acf":[],"simple_local_avatar":{"media_id":6191,"full":"https:\/\/latinoamerica21.com\/wp-content\/uploads\/2021\/06\/Ana-Watson.jpg","blog_id":1,"96":"https:\/\/latinoamerica21.com\/wp-content\/uploads\/2021\/06\/Ana-Watson-96x96.jpg","80":"https:\/\/latinoamerica21.com\/wp-content\/uploads\/2021\/06\/Ana-Watson-80x80.jpg","40":"https:\/\/latinoamerica21.com\/wp-content\/uploads\/2021\/06\/Ana-Watson-40x40.jpg","1600":"https:\/\/latinoamerica21.com\/wp-content\/uploads\/2021\/06\/Ana-Watson.jpg","800":"https:\/\/latinoamerica21.com\/wp-content\/uploads\/2021\/06\/Ana-Watson.jpg","64":"https:\/\/latinoamerica21.com\/wp-content\/uploads\/2021\/06\/Ana-Watson-64x64.jpg","32":"https:\/\/latinoamerica21.com\/wp-content\/uploads\/2021\/06\/Ana-Watson-32x32.jpg","140":"https:\/\/latinoamerica21.com\/wp-content\/uploads\/2021\/06\/Ana-Watson-140x140.jpg","70":"https:\/\/latinoamerica21.com\/wp-content\/uploads\/2021\/06\/Ana-Watson-70x70.jpg","24":"https:\/\/latinoamerica21.com\/wp-content\/uploads\/2021\/06\/Ana-Watson-24x24.jpg","48":"https:\/\/latinoamerica21.com\/wp-content\/uploads\/2021\/06\/Ana-Watson-48x48.jpg","128":"https:\/\/latinoamerica21.com\/wp-content\/uploads\/2021\/06\/Ana-Watson-128x128.jpg","192":"https:\/\/latinoamerica21.com\/wp-content\/uploads\/2021\/06\/Ana-Watson-192x192.jpg","150":"https:\/\/latinoamerica21.com\/wp-content\/uploads\/2021\/06\/Ana-Watson-150x150.jpg","300":"https:\/\/latinoamerica21.com\/wp-content\/uploads\/2021\/06\/Ana-Watson-300x300.jpg","500":"https:\/\/latinoamerica21.com\/wp-content\/uploads\/2021\/06\/Ana-Watson.jpg"},"_links":{"self":[{"href":"https:\/\/latinoamerica21.com\/es\/wp-json\/wp\/v2\/users\/238","targetHints":{"allow":["GET"]}}],"collection":[{"href":"https:\/\/latinoamerica21.com\/es\/wp-json\/wp\/v2\/users"}]}}