{"id":248,"name":"Camila Carrasco","url":"","description":"Profesora del Centro de Pol\u00edticas P\u00fablicas de la Universidad Cat\u00f3lica de Temuco (Chile). Administradora P\u00fablica por la Universidad de Santiago de Chile y Mag\u00edster en Investigaci\u00f3n en Pol\u00edticas P\u00fablicas por FLACSO-Ecuador.","link":"https:\/\/latinoamerica21.com\/es\/autor\/camila-carrasco\/","slug":"camila-carrasco","meta":[],"acf":[],"simple_local_avatar":{"media_id":50436,"full":"https:\/\/latinoamerica21.com\/wp-content\/uploads\/2025\/09\/cropped-Camila-Carrasco.jpg","blog_id":1,"500":"https:\/\/latinoamerica21.com\/wp-content\/uploads\/2025\/09\/cropped-Camila-Carrasco-500x500.jpg","150":"https:\/\/latinoamerica21.com\/wp-content\/uploads\/2025\/09\/cropped-Camila-Carrasco-150x150.jpg","96":"https:\/\/latinoamerica21.com\/wp-content\/uploads\/2025\/09\/cropped-Camila-Carrasco-96x96.jpg"},"_links":{"self":[{"href":"https:\/\/latinoamerica21.com\/es\/wp-json\/wp\/v2\/users\/248","targetHints":{"allow":["GET"]}}],"collection":[{"href":"https:\/\/latinoamerica21.com\/es\/wp-json\/wp\/v2\/users"}]}}