{"id":28,"name":"Carlos Fara","url":"","description":"Especialista en opini\u00f3n p\u00fablica, campa\u00f1as electorales y comunicaci\u00f3n de gobierno. Es integrante de la International Association of Political Consultants (IAPC). Ha recibido el Premio Arist\u00f3teles a la Excelencia (2010) y el Premio EIKON (2009 y 2012).","link":"https:\/\/latinoamerica21.com\/es\/autor\/carlos-fara\/","slug":"carlos-fara","meta":[],"acf":[],"simple_local_avatar":{"media_id":50507,"full":"https:\/\/latinoamerica21.com\/wp-content\/uploads\/2025\/09\/cropped-Carlos-Fara.jpg","blog_id":1,"500":"https:\/\/latinoamerica21.com\/wp-content\/uploads\/2025\/09\/cropped-Carlos-Fara-500x500.jpg","96":"https:\/\/latinoamerica21.com\/wp-content\/uploads\/2025\/09\/cropped-Carlos-Fara-96x96.jpg"},"_links":{"self":[{"href":"https:\/\/latinoamerica21.com\/es\/wp-json\/wp\/v2\/users\/28","targetHints":{"allow":["GET"]}}],"collection":[{"href":"https:\/\/latinoamerica21.com\/es\/wp-json\/wp\/v2\/users"}]}}