{"id":320,"name":"Jana\u00edna Ruviaro da Silva","url":"","description":"Doctora en Sociolog\u00eda por la Univ. Federal de R\u00edo Grande del Sur - UFRGS (Brasil). Titulada en Lenguas Extranjeras Aplicadas - Especializaci\u00f3n en Ingl\u00e9s, Espa\u00f1ol y Relaciones Internacionales por la Univ. de Estrasburgo\/Francia.","link":"https:\/\/latinoamerica21.com\/es\/autor\/janaina-ruviaro-da-silva\/","slug":"janaina-ruviaro-da-silva","meta":[],"acf":[],"simple_local_avatar":{"media_id":9549,"full":"https:\/\/latinoamerica21.com\/wp-content\/uploads\/2022\/03\/Janai\u0301na-Ruviaro.jpg","blog_id":1,"240":"https:\/\/latinoamerica21.com\/wp-content\/uploads\/2022\/03\/Janai\u0301na-Ruviaro-240x240.jpg","120":"https:\/\/latinoamerica21.com\/wp-content\/uploads\/2022\/03\/Janai\u0301na-Ruviaro-120x120.jpg","392":"https:\/\/latinoamerica21.com\/wp-content\/uploads\/2022\/03\/Janai\u0301na-Ruviaro-392x392.jpg","196":"https:\/\/latinoamerica21.com\/wp-content\/uploads\/2022\/03\/Janai\u0301na-Ruviaro-196x196.jpg","96":"https:\/\/latinoamerica21.com\/wp-content\/uploads\/2022\/03\/Janai\u0301na-Ruviaro-96x96.jpg","1600":"https:\/\/latinoamerica21.com\/wp-content\/uploads\/2022\/03\/Janai\u0301na-Ruviaro-1600x1600.jpg","800":"https:\/\/latinoamerica21.com\/wp-content\/uploads\/2022\/03\/Janai\u0301na-Ruviaro-800x800.jpg","128":"https:\/\/latinoamerica21.com\/wp-content\/uploads\/2022\/03\/Janai\u0301na-Ruviaro-128x128.jpg","64":"https:\/\/latinoamerica21.com\/wp-content\/uploads\/2022\/03\/Janai\u0301na-Ruviaro-64x64.jpg","52":"https:\/\/latinoamerica21.com\/wp-content\/uploads\/2022\/03\/Janai\u0301na-Ruviaro-52x52.jpg","26":"https:\/\/latinoamerica21.com\/wp-content\/uploads\/2022\/03\/Janai\u0301na-Ruviaro-26x26.jpg","24":"https:\/\/latinoamerica21.com\/wp-content\/uploads\/2022\/03\/Janai\u0301na-Ruviaro-24x24.jpg","48":"https:\/\/latinoamerica21.com\/wp-content\/uploads\/2022\/03\/Janai\u0301na-Ruviaro-48x48.jpg","36":"https:\/\/latinoamerica21.com\/wp-content\/uploads\/2022\/03\/Janai\u0301na-Ruviaro-36x36.jpg","18":"https:\/\/latinoamerica21.com\/wp-content\/uploads\/2022\/03\/Janai\u0301na-Ruviaro-18x18.jpg","500":"https:\/\/latinoamerica21.com\/wp-content\/uploads\/2022\/03\/Janai\u0301na-Ruviaro-500x500.jpg","32":"https:\/\/latinoamerica21.com\/wp-content\/uploads\/2022\/03\/Janai\u0301na-Ruviaro-32x32.jpg","80":"https:\/\/latinoamerica21.com\/wp-content\/uploads\/2022\/03\/Janai\u0301na-Ruviaro-80x80.jpg","40":"https:\/\/latinoamerica21.com\/wp-content\/uploads\/2022\/03\/Janai\u0301na-Ruviaro-40x40.jpg","140":"https:\/\/latinoamerica21.com\/wp-content\/uploads\/2022\/03\/Janai\u0301na-Ruviaro-140x140.jpg","70":"https:\/\/latinoamerica21.com\/wp-content\/uploads\/2022\/03\/Janai\u0301na-Ruviaro-70x70.jpg","192":"https:\/\/latinoamerica21.com\/wp-content\/uploads\/2022\/03\/Janai\u0301na-Ruviaro-192x192.jpg","150":"https:\/\/latinoamerica21.com\/wp-content\/uploads\/2022\/03\/Janai\u0301na-Ruviaro-150x150.jpg","300":"https:\/\/latinoamerica21.com\/wp-content\/uploads\/2022\/03\/Janai\u0301na-Ruviaro-300x300.jpg"},"_links":{"self":[{"href":"https:\/\/latinoamerica21.com\/es\/wp-json\/wp\/v2\/users\/320","targetHints":{"allow":["GET"]}}],"collection":[{"href":"https:\/\/latinoamerica21.com\/es\/wp-json\/wp\/v2\/users"}]}}