{"id":35,"name":"Roberto Dias","url":"","description":"Secretario de Redacci\u00f3n del peri\u00f3dico Folha de S\u00e3o Paulo. M\u00e1ster en Periodismo de la Universidad de Barcelona y de la Universidad de Columbia. Licenciado en Periodismo por la Universidad de S\u00e3o Paulo (USP).","link":"https:\/\/latinoamerica21.com\/es\/autor\/roberto-dias\/","slug":"roberto-dias","meta":[],"acf":[],"simple_local_avatar":{"media_id":53151,"full":"https:\/\/latinoamerica21.com\/wp-content\/uploads\/2025\/11\/Roberto-Dias.jpg","blog_id":1,"500":"https:\/\/latinoamerica21.com\/wp-content\/uploads\/2025\/11\/Roberto-Dias.jpg","150":"https:\/\/latinoamerica21.com\/wp-content\/uploads\/2025\/11\/Roberto-Dias-150x150.jpg","96":"https:\/\/latinoamerica21.com\/wp-content\/uploads\/2025\/11\/Roberto-Dias-96x96.jpg"},"_links":{"self":[{"href":"https:\/\/latinoamerica21.com\/es\/wp-json\/wp\/v2\/users\/35","targetHints":{"allow":["GET"]}}],"collection":[{"href":"https:\/\/latinoamerica21.com\/es\/wp-json\/wp\/v2\/users"}]}}