{"id":381,"name":"Arthur Ituassu","url":"","description":"Profesor de comunicaci\u00f3n pol\u00edtica en la Pontificia Universidad Cat\u00f3lica de R\u00edo de Janeiro (PUC-Rio). Investigador asociado del Instituto Nacional de Ciencia y Tecnolog\u00eda en Democracia Digital (INCT.DD).","link":"https:\/\/latinoamerica21.com\/es\/autor\/arthur-ituassu\/","slug":"arthur-ituassu","meta":[],"acf":[],"simple_local_avatar":{"media_id":12698,"full":"https:\/\/latinoamerica21.com\/wp-content\/uploads\/2022\/10\/Arthur-Ituassu.jpg","blog_id":1,"96":"https:\/\/latinoamerica21.com\/wp-content\/uploads\/2022\/10\/Arthur-Ituassu-96x96.jpg","80":"https:\/\/latinoamerica21.com\/wp-content\/uploads\/2022\/10\/Arthur-Ituassu-80x80.jpg","40":"https:\/\/latinoamerica21.com\/wp-content\/uploads\/2022\/10\/Arthur-Ituassu-40x40.jpg","1600":"https:\/\/latinoamerica21.com\/wp-content\/uploads\/2022\/10\/Arthur-Ituassu.jpg","800":"https:\/\/latinoamerica21.com\/wp-content\/uploads\/2022\/10\/Arthur-Ituassu.jpg","64":"https:\/\/latinoamerica21.com\/wp-content\/uploads\/2022\/10\/Arthur-Ituassu-64x64.jpg","32":"https:\/\/latinoamerica21.com\/wp-content\/uploads\/2022\/10\/Arthur-Ituassu-32x32.jpg","140":"https:\/\/latinoamerica21.com\/wp-content\/uploads\/2022\/10\/Arthur-Ituassu-140x140.jpg","70":"https:\/\/latinoamerica21.com\/wp-content\/uploads\/2022\/10\/Arthur-Ituassu-70x70.jpg","24":"https:\/\/latinoamerica21.com\/wp-content\/uploads\/2022\/10\/Arthur-Ituassu-24x24.jpg","48":"https:\/\/latinoamerica21.com\/wp-content\/uploads\/2022\/10\/Arthur-Ituassu-48x48.jpg","128":"https:\/\/latinoamerica21.com\/wp-content\/uploads\/2022\/10\/Arthur-Ituassu-128x128.jpg","192":"https:\/\/latinoamerica21.com\/wp-content\/uploads\/2022\/10\/Arthur-Ituassu-192x192.jpg","150":"https:\/\/latinoamerica21.com\/wp-content\/uploads\/2022\/10\/Arthur-Ituassu-150x150.jpg","300":"https:\/\/latinoamerica21.com\/wp-content\/uploads\/2022\/10\/Arthur-Ituassu-300x300.jpg","500":"https:\/\/latinoamerica21.com\/wp-content\/uploads\/2022\/10\/Arthur-Ituassu-500x500.jpg"},"_links":{"self":[{"href":"https:\/\/latinoamerica21.com\/es\/wp-json\/wp\/v2\/users\/381","targetHints":{"allow":["GET"]}}],"collection":[{"href":"https:\/\/latinoamerica21.com\/es\/wp-json\/wp\/v2\/users"}]}}