{"id":471,"name":"Natalia Dias Tadeu","url":"","description":"Docente e investigadora del Programa de Investigaci\u00f3n en Desarrollo Sostenible de la Facultad de Ciencias Sociales de la Universidad de la Rep\u00fablica (Uruguay). Doctora en Ciencias Ambientales por la Universidad de S\u00e3o Paulo (Brasil).","link":"https:\/\/latinoamerica21.com\/es\/autor\/natalia-dias-tadeu\/","slug":"natalia-dias-tadeu","meta":[],"acf":[],"simple_local_avatar":{"media_id":53373,"full":"https:\/\/latinoamerica21.com\/wp-content\/uploads\/2025\/11\/cropped-Natalia-Dias.jpg","blog_id":1,"500":"https:\/\/latinoamerica21.com\/wp-content\/uploads\/2025\/11\/cropped-Natalia-Dias.jpg","96":"https:\/\/latinoamerica21.com\/wp-content\/uploads\/2025\/11\/cropped-Natalia-Dias-96x96.jpg","150":"https:\/\/latinoamerica21.com\/wp-content\/uploads\/2025\/11\/cropped-Natalia-Dias-150x150.jpg"},"_links":{"self":[{"href":"https:\/\/latinoamerica21.com\/es\/wp-json\/wp\/v2\/users\/471","targetHints":{"allow":["GET"]}}],"collection":[{"href":"https:\/\/latinoamerica21.com\/es\/wp-json\/wp\/v2\/users"}]}}