{"id":519,"name":"Ester Athan\u00e1sio","url":"","description":"Consultora del Instituto Aurora, periodista, m\u00e1ster en Comunicaci\u00f3n y doctoranda en Pol\u00edticas P\u00fablicas por la UFPR.","link":"https:\/\/latinoamerica21.com\/es\/autor\/ester-athanasio\/","slug":"ester-athanasio","meta":[],"acf":[],"simple_local_avatar":{"media_id":50960,"full":"https:\/\/latinoamerica21.com\/wp-content\/uploads\/2025\/09\/Ester-Athanasio.jpg","blog_id":1,"500":"https:\/\/latinoamerica21.com\/wp-content\/uploads\/2025\/09\/Ester-Athanasio.jpg","96":"https:\/\/latinoamerica21.com\/wp-content\/uploads\/2025\/09\/Ester-Athanasio-96x96.jpg"},"_links":{"self":[{"href":"https:\/\/latinoamerica21.com\/es\/wp-json\/wp\/v2\/users\/519","targetHints":{"allow":["GET"]}}],"collection":[{"href":"https:\/\/latinoamerica21.com\/es\/wp-json\/wp\/v2\/users"}]}}