{"id":539,"name":"Adri\u00e1n Albal\u00e1","url":"","description":"Cientista pol\u00edtico. Profesor del Instituto de Ciencia Pol\u00edtica de la Universidad de Brasilia (UnB) y Coordinador del MBA en Pol\u00edticas P\u00fablicas de dicha universidad. Doctor en Ciencia Pol\u00edtica por la Universidad de la Sorbona (Par\u00eds).","link":"https:\/\/latinoamerica21.com\/es\/autor\/adrian-albala\/","slug":"adrian-albala","meta":[],"acf":[],"simple_local_avatar":{"media_id":35839,"full":"https:\/\/latinoamerica21.com\/wp-content\/uploads\/2020\/10\/cropped-Adrian-Albala.jpg","blog_id":1,"192":"https:\/\/latinoamerica21.com\/wp-content\/uploads\/2020\/10\/cropped-Adrian-Albala-192x192.jpg","96":"https:\/\/latinoamerica21.com\/wp-content\/uploads\/2020\/10\/cropped-Adrian-Albala-96x96.jpg","500":"https:\/\/latinoamerica21.com\/wp-content\/uploads\/2020\/10\/cropped-Adrian-Albala.jpg","150":"https:\/\/latinoamerica21.com\/wp-content\/uploads\/2020\/10\/cropped-Adrian-Albala-150x150.jpg","300":"https:\/\/latinoamerica21.com\/wp-content\/uploads\/2020\/10\/cropped-Adrian-Albala-300x300.jpg","1600":"https:\/\/latinoamerica21.com\/wp-content\/uploads\/2020\/10\/cropped-Adrian-Albala.jpg","800":"https:\/\/latinoamerica21.com\/wp-content\/uploads\/2020\/10\/cropped-Adrian-Albala.jpg","80":"https:\/\/latinoamerica21.com\/wp-content\/uploads\/2020\/10\/cropped-Adrian-Albala-80x80.jpg","40":"https:\/\/latinoamerica21.com\/wp-content\/uploads\/2020\/10\/cropped-Adrian-Albala-40x40.jpg","64":"https:\/\/latinoamerica21.com\/wp-content\/uploads\/2020\/10\/cropped-Adrian-Albala-64x64.jpg","32":"https:\/\/latinoamerica21.com\/wp-content\/uploads\/2020\/10\/cropped-Adrian-Albala-32x32.jpg","140":"https:\/\/latinoamerica21.com\/wp-content\/uploads\/2020\/10\/cropped-Adrian-Albala-140x140.jpg","70":"https:\/\/latinoamerica21.com\/wp-content\/uploads\/2020\/10\/cropped-Adrian-Albala-70x70.jpg","24":"https:\/\/latinoamerica21.com\/wp-content\/uploads\/2020\/10\/cropped-Adrian-Albala-24x24.jpg","48":"https:\/\/latinoamerica21.com\/wp-content\/uploads\/2020\/10\/cropped-Adrian-Albala-48x48.jpg","128":"https:\/\/latinoamerica21.com\/wp-content\/uploads\/2020\/10\/cropped-Adrian-Albala-128x128.jpg"},"_links":{"self":[{"href":"https:\/\/latinoamerica21.com\/es\/wp-json\/wp\/v2\/users\/539","targetHints":{"allow":["GET"]}}],"collection":[{"href":"https:\/\/latinoamerica21.com\/es\/wp-json\/wp\/v2\/users"}]}}