{"id":616,"name":"Ximena Simpson","url":"","description":"Profesor e investigador de la Escuela de Pol\u00edtica y Gobierno de la Universidad Nacional de San Mart\u00edn (UNSAM), Argentina. Doctor en ciencias pol\u00edticas por el Instituto de Estudios Sociales y Pol\u00edticos (IESP) de la Universidad Estatal de R\u00edo de Janeiro (UERJ).","link":"https:\/\/latinoamerica21.com\/es\/autor\/ximena-simpson\/","slug":"ximena-simpson","meta":[],"acf":[],"simple_local_avatar":{"media_id":40764,"full":"https:\/\/latinoamerica21.com\/wp-content\/uploads\/2024\/05\/cropped-Ximena-Simpson.jpg","blog_id":1,"192":"https:\/\/latinoamerica21.com\/wp-content\/uploads\/2024\/05\/cropped-Ximena-Simpson.jpg","96":"https:\/\/latinoamerica21.com\/wp-content\/uploads\/2024\/05\/cropped-Ximena-Simpson-96x96.jpg","150":"https:\/\/latinoamerica21.com\/wp-content\/uploads\/2024\/05\/cropped-Ximena-Simpson-150x150.jpg","300":"https:\/\/latinoamerica21.com\/wp-content\/uploads\/2024\/05\/cropped-Ximena-Simpson.jpg","24":"https:\/\/latinoamerica21.com\/wp-content\/uploads\/2024\/05\/cropped-Ximena-Simpson-24x24.jpg","48":"https:\/\/latinoamerica21.com\/wp-content\/uploads\/2024\/05\/cropped-Ximena-Simpson-48x48.jpg","128":"https:\/\/latinoamerica21.com\/wp-content\/uploads\/2024\/05\/cropped-Ximena-Simpson-128x128.jpg","500":"https:\/\/latinoamerica21.com\/wp-content\/uploads\/2024\/05\/cropped-Ximena-Simpson.jpg","80":"https:\/\/latinoamerica21.com\/wp-content\/uploads\/2024\/05\/cropped-Ximena-Simpson-80x80.jpg","40":"https:\/\/latinoamerica21.com\/wp-content\/uploads\/2024\/05\/cropped-Ximena-Simpson-40x40.jpg","1600":"https:\/\/latinoamerica21.com\/wp-content\/uploads\/2024\/05\/cropped-Ximena-Simpson.jpg","800":"https:\/\/latinoamerica21.com\/wp-content\/uploads\/2024\/05\/cropped-Ximena-Simpson.jpg","64":"https:\/\/latinoamerica21.com\/wp-content\/uploads\/2024\/05\/cropped-Ximena-Simpson-64x64.jpg","32":"https:\/\/latinoamerica21.com\/wp-content\/uploads\/2024\/05\/cropped-Ximena-Simpson-32x32.jpg"},"_links":{"self":[{"href":"https:\/\/latinoamerica21.com\/es\/wp-json\/wp\/v2\/users\/616","targetHints":{"allow":["GET"]}}],"collection":[{"href":"https:\/\/latinoamerica21.com\/es\/wp-json\/wp\/v2\/users"}]}}