{"id":642,"name":"Sof\u00eda Vargas","url":"","description":"<div>Economista graduada de la Universidad de las Am\u00e9ricas, especializada en pol\u00edticas p\u00fablicas y su impacto en temas de salud, educaci\u00f3n y movilidad humana.<\/div>","link":"https:\/\/latinoamerica21.com\/es\/autor\/sofia-vargas\/","slug":"sofia-vargas","meta":[],"acf":[],"simple_local_avatar":{"media_id":42764,"full":"https:\/\/latinoamerica21.com\/wp-content\/uploads\/2024\/08\/cropped-Sofia-Anahi-Vargas-Granja-1.jpg","blog_id":1,"192":"https:\/\/latinoamerica21.com\/wp-content\/uploads\/2024\/08\/cropped-Sofia-Anahi-Vargas-Granja-1-192x192.jpg","96":"https:\/\/latinoamerica21.com\/wp-content\/uploads\/2024\/08\/cropped-Sofia-Anahi-Vargas-Granja-1-96x96.jpg","150":"https:\/\/latinoamerica21.com\/wp-content\/uploads\/2024\/08\/cropped-Sofia-Anahi-Vargas-Granja-1-150x150.jpg","300":"https:\/\/latinoamerica21.com\/wp-content\/uploads\/2024\/08\/cropped-Sofia-Anahi-Vargas-Granja-1-300x300.jpg","24":"https:\/\/latinoamerica21.com\/wp-content\/uploads\/2024\/08\/cropped-Sofia-Anahi-Vargas-Granja-1-24x24.jpg","48":"https:\/\/latinoamerica21.com\/wp-content\/uploads\/2024\/08\/cropped-Sofia-Anahi-Vargas-Granja-1-48x48.jpg","128":"https:\/\/latinoamerica21.com\/wp-content\/uploads\/2024\/08\/cropped-Sofia-Anahi-Vargas-Granja-1-128x128.jpg","1600":"https:\/\/latinoamerica21.com\/wp-content\/uploads\/2024\/08\/cropped-Sofia-Anahi-Vargas-Granja-1.jpg","800":"https:\/\/latinoamerica21.com\/wp-content\/uploads\/2024\/08\/cropped-Sofia-Anahi-Vargas-Granja-1.jpg","500":"https:\/\/latinoamerica21.com\/wp-content\/uploads\/2024\/08\/cropped-Sofia-Anahi-Vargas-Granja-1.jpg","80":"https:\/\/latinoamerica21.com\/wp-content\/uploads\/2024\/08\/cropped-Sofia-Anahi-Vargas-Granja-1-80x80.jpg","40":"https:\/\/latinoamerica21.com\/wp-content\/uploads\/2024\/08\/cropped-Sofia-Anahi-Vargas-Granja-1-40x40.jpg","64":"https:\/\/latinoamerica21.com\/wp-content\/uploads\/2024\/08\/cropped-Sofia-Anahi-Vargas-Granja-1-64x64.jpg","32":"https:\/\/latinoamerica21.com\/wp-content\/uploads\/2024\/08\/cropped-Sofia-Anahi-Vargas-Granja-1-32x32.jpg"},"_links":{"self":[{"href":"https:\/\/latinoamerica21.com\/es\/wp-json\/wp\/v2\/users\/642","targetHints":{"allow":["GET"]}}],"collection":[{"href":"https:\/\/latinoamerica21.com\/es\/wp-json\/wp\/v2\/users"}]}}