{"id":10228,"date":"2022-05-12T09:00:00","date_gmt":"2022-05-12T12:00:00","guid":{"rendered":"https:\/\/latinoamerica21.com\/?p=10228"},"modified":"2022-05-11T12:16:48","modified_gmt":"2022-05-11T15:16:48","slug":"testemunhas-que-sao-refens","status":"publish","type":"post","link":"https:\/\/latinoamerica21.com\/pt-br\/testemunhas-que-sao-refens\/","title":{"rendered":"Testemunhas que s\u00e3o ref\u00e9ns"},"content":{"rendered":"\n<p>Parece que a guerra no leste da Europa, salvo no relacionado ao impacto da crise econ\u00f4mica anexa e <a href=\"https:\/\/latinoamerica21.com\/es\/america-latina-y-la-guerra-en-ucrania-la-segunda-trampa-de-tucidides\/\" target=\"_blank\" rel=\"noreferrer noopener\">as expectativas de uma \u201cnova ordem\u201d mundial<\/a>, \u00e9 um assunto estrangeiro para a Am\u00e9rica Latina. Entretanto, certas caracter\u00edsticas na configura\u00e7\u00e3o do regime pol\u00edtico do pa\u00eds agressor n\u00e3o s\u00e3o estranhas \u00e0 regi\u00e3o. De fato, a deriva autorit\u00e1ria do que era inicialmente uma democracia iliberal com um presidente eleito pelo voto popular e uma separa\u00e7\u00e3o distorcida de poderes est\u00e3o associadas a um padr\u00e3o tristemente conhecido.<\/p>\n\n\n\n<p>Vitaly Mansky \u00e9 um cineasta russo, embora nascido em Lviv (Ucr\u00e2nia) em 1963, cuja obra <a href=\"https:\/\/www.eldiario.es\/cultura\/vitaly-minsky-putin-rusos-sanciones_1_8794799.html\" target=\"_blank\" rel=\"noreferrer noopener\">\u201cAs testemunhas de Putin\u201d<\/a> lan\u00e7ada em 2018 \u00e9 um document\u00e1rio excepcional para conhecer Vladimir Putin em seu primeiro ano de governo durante o ano 2000. Rodado sob a premissa de que deveria ser um exerc\u00edcio laudat\u00f3rio do processo de transi\u00e7\u00e3o de Yeltsin para Putin, hoje \u00e9 um testemunho excepcional de como um momento aparentemente virginal j\u00e1 est\u00e1 equipado com as sementes da ruptura. Conta com imagens de ambos os pol\u00edticos que mostram suas vidas cotidianas e d\u00e1 base para confiss\u00f5es espont\u00e2neas e memor\u00e1veis que antecipam um futuro tempestuoso.<\/p>\n\n\n\n<p>Surpreende um jovem Putin, aparentemente firme convertido aos valores da democracia, que se divide entre a estima\u00e7\u00e3o do amor \u00e0 p\u00e1tria, que deve estar acima de qualquer interesse individual, para ser servido incansavelmente, e sua consci\u00eancia de que a presid\u00eancia \u00e9 algo tempor\u00e1rio, um prel\u00fadio inequ\u00edvoco de uma etapa posterior, quando volta a ser um cidad\u00e3o ordin\u00e1rio. Se Putin brinca com Manzky, que ele chama de ir\u00f4nico, ele n\u00e3o deixa de transmitir uma t\u00eanue desconfian\u00e7a no presidente cuja ambi\u00e7\u00e3o come\u00e7a a se tornar aparente.<\/p>\n\n\n\n<p>O cineasta, que reside em Riga desde 2014, toma consci\u00eancia em um momento de sua vida que sua posi\u00e7\u00e3o inicial como cinegrafista testemunha dos movimentos mais privados do presidente o torna um ref\u00e9m de um regime no qual ele passar\u00e1 de opositor para exilado. A gan\u00e2ncia desenfreada pelo poder em um entorno onde os mecanismos institucionais de controle s\u00e3o d\u00e9beis, o cen\u00e1rio de inseguran\u00e7a nas ruas causado pelo conflito checheno que precipita a demanda popular por um redentor e um passado configurador de uma identidade nacional quase quebrada estabelecem a estrutura sobre a qual se ergue parte do drama vivido pela Europa oriental.<\/p>\n\n\n\n<p>O ocorrido na R\u00fassia desde o in\u00edcio do presente s\u00e9culo tem sua correla\u00e7\u00e3o no \u00e2mbito de alguns pa\u00edses da Am\u00e9rica Latina, onde alguns dos aspectos mencionados acima se unem. A combina\u00e7\u00e3o de ambi\u00e7\u00e3o pessoal, o manuseio das institui\u00e7\u00f5es para satisfaz\u00ea-la, o apoio social inicial relevante por parte de popula\u00e7\u00f5es afetadas por um trauma como inseguran\u00e7a ominosa, corrup\u00e7\u00e3o ou deteriora\u00e7\u00e3o econ\u00f4mica, ou mesmo alienadas pela aus\u00eancia de reconhecimento de certos grupos, constituem um cen\u00e1rio bem conhecido. A isto se soma o denominador comum que faz da altern\u00e2ncia uma pr\u00e1tica em desuso.<\/p>\n\n\n\n<p>Aqui, o apoio inicial nas elei\u00e7\u00f5es presidenciais de car\u00e1ter plebiscit\u00e1rio, sustentadas segundo assinalam as pesquisas de opini\u00e3o p\u00fablica das popula\u00e7\u00f5es que d\u00e3o testemunho em sil\u00eancio, \u00e9 algo que, como no caso russo, invariavelmente se transforma em uma situa\u00e7\u00e3o em que o povo acaba sendo mantido ref\u00e9m pelo desempenho do autocrata no cargo. Auspiciado por seu car\u00e1ter messi\u00e2nico de uma ambi\u00e7\u00e3o ilimitada, tamb\u00e9m \u00e9 acompanhado por um ambiente fiel e interessado que o rodeia.<\/p>\n\n\n\n<p>As for\u00e7as armadas e o aparato de seguran\u00e7a, a fraca administra\u00e7\u00e3o do estado cooptada \u2013 incluindo o Poder Judici\u00e1rio \u2013, um setor do empresariado e uma h\u00e1bil pol\u00edtica de comunica\u00e7\u00e3o na forma de publicidade formam os instrumentos b\u00e1sicos de domina\u00e7\u00e3o. O resultado de tudo isso \u00e9 a perpetua\u00e7\u00e3o no poder a qualquer pre\u00e7o.<\/p>\n\n\n\n<p>Nicol\u00e1s Maduro, seguindo os passos de seu predecessor, Hugo Ch\u00e1vez, e Daniel Ortega s\u00e3o exemplos claros disso. A evid\u00eancia est\u00e1 na forma como eles permanecem no poder, restringindo a oposi\u00e7\u00e3o e fazendo das elei\u00e7\u00f5es um jogo truculento. Assim, a popula\u00e7\u00e3o venezuelana e nicaraguense deixou de ser espectadora para ser sequestrada em um marco de personaliza\u00e7\u00e3o do poder e persegui\u00e7\u00e3o a todo aquele que n\u00e3o apoia o l\u00edder bonapartista. Mas os riscos de algo semelhante acontecer em outros pa\u00edses da regi\u00e3o est\u00e3o presentes.<\/p>\n\n\n\n<p>Se Vladimir Putin no document\u00e1rio de Vitaly Mansky n\u00e3o duvidava h\u00e1 22 anos que deixar a presid\u00eancia era seu destino natural por se encontrar sob a regra de ouro da democracia do usufruto tempor\u00e1rio e limitado do poder, que garantia existe hoje que Nayib Bukele em El Salvador ou Andr\u00e9s Manuel L\u00f3pez Obrador no M\u00e9xico deixar\u00e3o o poder quando seus mandatos terminarem em 2024?<\/p>\n\n\n\n<p>Os passos dados por ambos para subjugar institui\u00e7\u00f5es que efetuam a\u00e7\u00f5es independentes de controle, ou para mudar as regras do jogo, representam um marco na convers\u00e3o dos respectivos cidad\u00e3os de testemunhas para ref\u00e9ns. Se Bukele torceu o bra\u00e7o do Poder Judici\u00e1rio ao destituir ju\u00edzes e promotores e nomear uma Suprema Corte a sua medida, L\u00f3pez Obrador surpreende com uma iniciativa de reforma eleitoral na qual prop\u00f5e minar a independ\u00eancia e desmantelar o Instituto Nacional Eleitoral, cujo desempenho nos \u00faltimos anos tem sido exemplar, para contribuir para que seja certa sua previs\u00e3o de \u201cseguir ganhando os jogos com golpes\u201d, aumentando o n\u00famero de ref\u00e9ns a seu capricho.<\/p>\n","protected":false},"excerpt":{"rendered":"<p>Parece que a guerra no leste da Europa, salvo no relacionado ao impacto da crise econ\u00f4mica anexa e as expectativas de uma &#8220;nova ordem&#8221; mundial, \u00e9 um assunto estrangeiro para a Am\u00e9rica Latina<\/p>\n","protected":false},"author":45,"featured_media":10220,"comment_status":"closed","ping_status":"closed","sticky":false,"template":"","format":"standard","meta":{"_acf_changed":false,"episode_type":"","audio_file":"","cover_image":"","cover_image_id":"","duration":"","filesize":"","filesize_raw":"","date_recorded":"","explicit":"","block":"","itunes_episode_number":"","itunes_title":"","itunes_season_number":"","itunes_episode_type":"","footnotes":""},"categories":[16708,16773,544],"tags":[],"gps":[],"class_list":{"0":"post-10228","1":"post","2":"type-post","3":"status-publish","4":"format-standard","5":"has-post-thumbnail","7":"category-politica-pt-br","8":"category-autoritarismo-pt-br","9":"category-politica-br"},"acf":[],"_links":{"self":[{"href":"https:\/\/latinoamerica21.com\/pt-br\/wp-json\/wp\/v2\/posts\/10228","targetHints":{"allow":["GET"]}}],"collection":[{"href":"https:\/\/latinoamerica21.com\/pt-br\/wp-json\/wp\/v2\/posts"}],"about":[{"href":"https:\/\/latinoamerica21.com\/pt-br\/wp-json\/wp\/v2\/types\/post"}],"author":[{"embeddable":true,"href":"https:\/\/latinoamerica21.com\/pt-br\/wp-json\/wp\/v2\/users\/45"}],"replies":[{"embeddable":true,"href":"https:\/\/latinoamerica21.com\/pt-br\/wp-json\/wp\/v2\/comments?post=10228"}],"version-history":[{"count":0,"href":"https:\/\/latinoamerica21.com\/pt-br\/wp-json\/wp\/v2\/posts\/10228\/revisions"}],"wp:featuredmedia":[{"embeddable":true,"href":"https:\/\/latinoamerica21.com\/pt-br\/wp-json\/wp\/v2\/media\/10220"}],"wp:attachment":[{"href":"https:\/\/latinoamerica21.com\/pt-br\/wp-json\/wp\/v2\/media?parent=10228"}],"wp:term":[{"taxonomy":"category","embeddable":true,"href":"https:\/\/latinoamerica21.com\/pt-br\/wp-json\/wp\/v2\/categories?post=10228"},{"taxonomy":"post_tag","embeddable":true,"href":"https:\/\/latinoamerica21.com\/pt-br\/wp-json\/wp\/v2\/tags?post=10228"},{"taxonomy":"gps","embeddable":true,"href":"https:\/\/latinoamerica21.com\/pt-br\/wp-json\/wp\/v2\/gps?post=10228"}],"curies":[{"name":"wp","href":"https:\/\/api.w.org\/{rel}","templated":true}]}}