{"id":10499,"date":"2022-05-30T09:00:00","date_gmt":"2022-05-30T12:00:00","guid":{"rendered":"https:\/\/latinoamerica21.com\/?p=10499"},"modified":"2022-05-30T05:28:34","modified_gmt":"2022-05-30T08:28:34","slug":"midias-ou-jornalistas-independentes-diante-da-guerra-da-ucrania","status":"publish","type":"post","link":"https:\/\/latinoamerica21.com\/pt-br\/midias-ou-jornalistas-independentes-diante-da-guerra-da-ucrania\/","title":{"rendered":"M\u00eddias ou jornalistas independentes diante da Guerra da Ucr\u00e2nia?"},"content":{"rendered":"\n<p>Com o in\u00edcio das opera\u00e7\u00f5es militares russas na Ucr\u00e2nia, um n\u00famero significativo de jornalistas de diferentes partes do mundo que trabalham para a m\u00eddia russa, como RT (Russia Today) e Sputnik renunciaram a seus postos, como os correspondentes ingleses <a href=\"https:\/\/twitter.com\/ShadiaED\/status\/1496786618132348934?ref_src=twsrc%5Etfw%7Ctwcamp%5Etweetembed%7Ctwterm%5E1496786618132348934%7Ctwgr%5E%7Ctwcon%5Es1_&amp;ref_url=https%3A%2F%2Fwww.aporrea.org%2Fmedios%2Fn371875.html\">Shadia Edwards-Dashti<\/a> e <a href=\"https:\/\/twitter.com\/jonnytickle\/status\/1496947373980983302\">Jonny Tickle<\/a> e a editora-chefe russa e ativista <a href=\"https:\/\/twitter.com\/article19org\/status\/1517465041427128320\">Maria Boronova<\/a>. De fato, diferente da maioria dos jornalistas de l\u00edngua espanhola destes meios de comunica\u00e7\u00e3o que se mantiveram em suas posi\u00e7\u00f5es aceitando a linha editorial do governo russo, <a href=\"https:\/\/twitter.com\/inafinogenova?ref_src=twsrc%5Egoogle%7Ctwcamp%5Eserp%7Ctwgr%5Eauthor\">Inna Afinogenova<\/a>, uma das youtuber-periodistas mais populares em espanhol, renunciou \u00e0 RT devido a seu desacordo com a guerra e o papel propagand\u00edstico do meio de comunica\u00e7\u00e3o no qual trabalhava.<\/p>\n\n\n\n<p>Os efeitos colaterais dos conflitos na imprensa russa n\u00e3o s\u00e3o novos. De fato, em 2014, a apresentadora norte-americana da RT, <a href=\"https:\/\/www.euractiv.com\/section\/global-europe\/interview\/former-rt-presenter-russian-disinformation-is-a-weapon\/\">Liz Wahl<\/a>, demitiu-se em plena transmiss\u00e3o por raz\u00f5es similares. Entretanto, a postura desses jornalistas contradiz a afirma\u00e7\u00e3o de Vladimir Putin de que a RT \u00e9 \u201cuma emissora totalmente independente, apesar de ser financiada pelo Estado\u201d.<\/p>\n\n\n\n<p>A cria\u00e7\u00e3o destes tipos de projetos de comunica\u00e7\u00e3o n\u00e3o \u00e9 algo novo no mundo. Particularmente, mas n\u00e3o exclusivamente, os Estados n\u00e3o democr\u00e1ticos t\u00eam se caracterizado por empregar essas ag\u00eancias pol\u00edtica e militarmente com o objetivo de influenciar audi\u00eancias estrangeiras, amparados sob slogans de suposta independ\u00eancia editorial.&nbsp;<\/p>\n\n\n\n<p><strong>Se n\u00e3o est\u00e1 comigo, est\u00e1 contra mim.<\/strong><\/p>\n\n\n\n<p>A credibilidade jornal\u00edstica de Inna Afinogenova sempre foi questionada pelas m\u00eddias tradicionais da regi\u00e3o por trabalhar para a RT. Desde 2017, a jornalista russa j\u00e1 foi criticada pela diretora da revista colombiana <em>Semana<\/em>, <a href=\"https:\/\/twitter.com\/VickyDavilaH\">Vicky Davila<\/a>, o jornalista do <em>El Financiero<\/em> de M\u00e9xico, Fernando Garc\u00eda, e at\u00e9 mesmo pelo editor do jornal espanhol <em>El Pa\u00eds<\/em>, <a href=\"https:\/\/twitter.com\/alandete?ref_src=twsrc%5Egoogle%7Ctwcamp%5Eserp%7Ctwgr%5Eauthor\">David Alandete<\/a>, que afirmavam que o conte\u00fado do meio de comunica\u00e7\u00e3o, ao ser financiado pelo Estado russo, favorecia seus aliados na regi\u00e3o como Venezuela e todos os l\u00edderes ou partidos pol\u00edticos catalogados de esquerda.<\/p>\n\n\n\n<p>Ademais, em repetidas ocasi\u00f5es, as cr\u00edticas sugeriam, sem suficiente evid\u00eancia, que as publica\u00e7\u00f5es da m\u00eddia russa eram inorg\u00e2nicas e que eram disseminadas e viralizadas por um ex\u00e9rcito de contas falsas. Portanto, seu trabalho n\u00e3o era jornal\u00edstico, mas um produto propagandista tendencioso e altamente politizado.<\/p>\n\n\n\n<p>No entanto, a jornalista russa sustentou consistentemente que os conte\u00fados que produzia n\u00e3o eram afetados pelos objetivos pol\u00edticos do governo russo. E, de fato, sugeriu v\u00e1rias vezes que o desconforto que provoca nestes meios de comunica\u00e7\u00e3o de l\u00edngua espanhola se devia \u00e0 baixa qualidade do jornalismo desses meios, que evidentemente servia aos interesses dos partidos pol\u00edticos tradicionais latino-americanos pr\u00f3ximos aos interesses dos Estados Unidos.<\/p>\n\n\n\n<p>Neste sentido, a se\u00e7\u00e3o de coment\u00e1rios de suas publica\u00e7\u00f5es foi um espa\u00e7o fervoroso de intera\u00e7\u00f5es no qual congregavam majoritariamente seus <em>crentes<\/em>, que a agradeceram por ser um farol de luz em meio \u00e0 limitada an\u00e1lise jornal\u00edstica dos fen\u00f4menos pol\u00edticos e sociais latino-americanos.<\/p>\n\n\n\n<p>Com a escalada do conflito ucraniano, as an\u00e1lises da jornalista russa foram se distanciando da linha editorial do governo russo e, portanto, da RT, j\u00e1 que era evidente sua discord\u00e2ncia tanto com as a\u00e7\u00f5es da OTAN e seus aliados, bem como as do Estado russo.<\/p>\n\n\n\n<p><a href=\"https:\/\/latinoamerica21.com\/es\/operacion-especial-en-ucrania-desinformacion-y-censura-en-america-latina\/\">Mais tarde, seus conte\u00fados foram censurados e removidos da rede social Youtube<\/a>, como grande parte do conte\u00fado pr\u00f3-russo. Mas, ao mesmo tempo, a jornalista desapareceu repentinamente do canal russo. Em sua reapari\u00e7\u00e3o, meses depois atrav\u00e9s de um v\u00eddeo em seu <a href=\"https:\/\/www.youtube.com\/watch?v=N-7BBnduuCc\">pr\u00f3prio canal Youtube<\/a>, a jornalista explicou que havia se ausentado, entre outras coisas, devido a sua demiss\u00e3o da RT por diferen\u00e7as editoriais. Isto fez com que suas contas perdessem seguidores.&nbsp;&nbsp;<\/p>\n\n\n\n<p>Vi\u00e9s \u201cindependente\u201d<\/p>\n\n\n\n<p>O exemplo da jornalista russa Inna Afinogenova evidencia a alta polariza\u00e7\u00e3o que existe entre os meios de comunica\u00e7\u00e3o financiados por Estados n\u00e3o democr\u00e1ticos como RT ou HispanTV do Ir\u00e3. Trata-se de meios que empregam slogans como \u201cquestionar mais\u201d ou \u201cmostrar um ponto de vista alternativo\u201d para ofertar um tipo de jornalismo pr\u00f3ximo da \u201cverdade\u201d. Entretanto, trata-se de armas de informa\u00e7\u00e3o que polarizam e favorecem interesses particulares.<\/p>\n\n\n\n<p>Mas este fen\u00f4meno n\u00e3o \u00e9 exclusivo destes tipos de regimes. Os meios de comunica\u00e7\u00e3o ocidentais de pa\u00edses democr\u00e1ticos tamb\u00e9m dizem ser \u201cindependente\u201d e, no final, seu alcance e profundidade s\u00e3o limitados por fatores econ\u00f4micos privados ou pol\u00edticos. Portanto, informar a sociedade n\u00e3o \u00e9 seu \u00fanico objetivo.&nbsp;&nbsp;&nbsp;&nbsp;&nbsp;&nbsp;<\/p>\n\n\n\n<p>Neste contexto, se assumirmos que a decis\u00e3o da jornalista russa de abandonar a RT n\u00e3o \u00e9 uma estrat\u00e9gia midi\u00e1tica para aumentar o n\u00famero de seguidores nas redes sociais, sua demiss\u00e3o seria uma li\u00e7\u00e3o de integridade jornal\u00edstica. Sobretudo em um momento em que a era digital, a monetiza\u00e7\u00e3o e a popularidade predominam sobre a coer\u00eancia informativa.<\/p>\n\n\n\n<p>Finalmente, o que o caso da jornalista russa deixa em evid\u00eancia \u00e9 a brecha que existe entre a linha editorial dos jornalistas que trabalham para os grandes meios e os meios em si. Portanto, se o que buscamos \u00e9 uma independ\u00eancia aut\u00eantica, parece claro que ser\u00e1 mais f\u00e1cil encontr\u00e1-la entre as pessoas que se dedicam ao jornalismo do que entre os meios de comunica\u00e7\u00e3o.<\/p>\n","protected":false},"excerpt":{"rendered":"<p>Se estamos procurando por uma verdadeira independ\u00eancia editorial, ser\u00e1 mais f\u00e1cil encontr\u00e1-la entre as pessoas no jornalismo do que na m\u00eddia.<\/p>\n","protected":false},"author":280,"featured_media":10497,"comment_status":"closed","ping_status":"closed","sticky":false,"template":"","format":"standard","meta":{"_acf_changed":false,"episode_type":"","audio_file":"","cover_image":"","cover_image_id":"","duration":"","filesize":"","filesize_raw":"","date_recorded":"","explicit":"","block":"","itunes_episode_number":"","itunes_title":"","itunes_season_number":"","itunes_episode_type":"","footnotes":""},"categories":[16980,16759,16794,16719,14463,546],"tags":[],"gps":[],"class_list":{"0":"post-10499","1":"post","2":"type-post","3":"status-publish","4":"format-standard","5":"has-post-thumbnail","7":"category-guerra-de-ucrania-es-pt-br","8":"category-medios-de-comunicacion-pt-br","9":"category-desinformacion-pt-br","10":"category-debates-pt-br","11":"category-midia","12":"category-sociedad-br"},"acf":[],"_links":{"self":[{"href":"https:\/\/latinoamerica21.com\/pt-br\/wp-json\/wp\/v2\/posts\/10499","targetHints":{"allow":["GET"]}}],"collection":[{"href":"https:\/\/latinoamerica21.com\/pt-br\/wp-json\/wp\/v2\/posts"}],"about":[{"href":"https:\/\/latinoamerica21.com\/pt-br\/wp-json\/wp\/v2\/types\/post"}],"author":[{"embeddable":true,"href":"https:\/\/latinoamerica21.com\/pt-br\/wp-json\/wp\/v2\/users\/280"}],"replies":[{"embeddable":true,"href":"https:\/\/latinoamerica21.com\/pt-br\/wp-json\/wp\/v2\/comments?post=10499"}],"version-history":[{"count":0,"href":"https:\/\/latinoamerica21.com\/pt-br\/wp-json\/wp\/v2\/posts\/10499\/revisions"}],"wp:featuredmedia":[{"embeddable":true,"href":"https:\/\/latinoamerica21.com\/pt-br\/wp-json\/wp\/v2\/media\/10497"}],"wp:attachment":[{"href":"https:\/\/latinoamerica21.com\/pt-br\/wp-json\/wp\/v2\/media?parent=10499"}],"wp:term":[{"taxonomy":"category","embeddable":true,"href":"https:\/\/latinoamerica21.com\/pt-br\/wp-json\/wp\/v2\/categories?post=10499"},{"taxonomy":"post_tag","embeddable":true,"href":"https:\/\/latinoamerica21.com\/pt-br\/wp-json\/wp\/v2\/tags?post=10499"},{"taxonomy":"gps","embeddable":true,"href":"https:\/\/latinoamerica21.com\/pt-br\/wp-json\/wp\/v2\/gps?post=10499"}],"curies":[{"name":"wp","href":"https:\/\/api.w.org\/{rel}","templated":true}]}}