{"id":10562,"date":"2022-06-04T09:00:00","date_gmt":"2022-06-04T12:00:00","guid":{"rendered":"https:\/\/latinoamerica21.com\/?p=10562"},"modified":"2022-06-02T18:11:55","modified_gmt":"2022-06-02T21:11:55","slug":"o-que-representa-rodolfo-o-outsider-colombian","status":"publish","type":"post","link":"https:\/\/latinoamerica21.com\/pt-br\/o-que-representa-rodolfo-o-outsider-colombian\/","title":{"rendered":"O que representa \u201cRodolfo\u201d, o outsider colombiano?"},"content":{"rendered":"\n<p>Uma <a href=\"https:\/\/latinoamerica21.com\/es\/diez-reflexiones-sobre-la-primera-vuelta-en-colombia\/\" target=\"_blank\" rel=\"noreferrer noopener\">li\u00e7\u00e3o deste primeiro turno<\/a> \u00e9 que a maioria dos colombianos preferem qualquer coisa &#8211; literalmente qualquer coisa &#8211; ao continu\u00edsmo. Federico Guti\u00e9rrez, o candidato do governo, os cl\u00e3s e a &#8221; maquinaria&#8221; mais pesada, foi, portanto, castigado sem piedade. Como Sergio Fajardo nunca soube encarnar o esp\u00edrito de mudan\u00e7a, seu fracasso foi estrondoso e, claro, merecido. Ficaram ent\u00e3o Gustavo Petro e Rodolfo Hern\u00e1ndez. Ambos, \u00e0 sua pr\u00f3pria maneira, s\u00e3o a mudan\u00e7a. Ap\u00f3s as elei\u00e7\u00f5es, e em vista do dif\u00edcil cen\u00e1rio para o segundo turno do Petrismo, agora muitos querem ver no &#8220;Rodolfo&#8221; o plano C do Uribismo e um cen\u00e1rio simples, mais uma vez, da esquerda contra a direita. Creio que est\u00e3o errados. Deixe-me explicar.<\/p>\n\n\n\n<p><a href=\"https:\/\/www.pagina12.com.ar\/425436-rodolfo-hernandez-el-outsider-apoyado-por-el-uribismo\" target=\"_blank\" rel=\"noreferrer noopener\">Hern\u00e1ndez pode agora receber o apoio do uribismo<\/a>. De fato, j\u00e1 recebeu a b\u00ean\u00e7\u00e3o de Paloma Valencia e Mar\u00eda Fernanda Cabal. Sem d\u00favida, o uribismo jogar\u00e1 pelo &#8220;Rodolfo&#8221;. Isto n\u00e3o significa, entretanto, que Hern\u00e1ndez seja, desde o in\u00edcio, uma soterrada ficha uribista. Lhe faltam v\u00ednculos muito mais org\u00e2nicos com essas redes e seus recursos.\u00a0<\/p>\n\n\n\n<p>O governo uribista se mobilizou, com total descaramento, a favor de Fico e nunca de Hern\u00e1ndez. Na sua linguagem de grande estadista, este \u00faltimo se referiu a Iv\u00e1n Duque, entre outros pesados pronunciamentos, como &#8220;esse filho da&#8230; que nos arruinou&#8221;.&nbsp; Seus votos s\u00e3o, em grande parte, contra a corrup\u00e7\u00e3o de um governo uribista. A ficha da continuidade era o med\u00edocre Fico e j\u00e1 saiu do tabuleiro. A mensagem de &#8220;Rodolfo&#8221;, sincera ou n\u00e3o, tem muito de &#8220;anti-estabelecimento&#8221; e, devido a sua origem regional, &#8220;anti-centralismo&#8221; e &#8220;anti-elitismo&#8221;. Por tudo isso chegou onde chegou.<\/p>\n\n\n\n<p>O fato de que agora, no cen\u00e1rio do segundo turno, Hern\u00e1ndez deva voltar-se como amigo dos inimigos de seu advers\u00e1rio n\u00e3o basta para rotul\u00e1-lo de ter sido j\u00e1 o que provavelmente chegar\u00e1 a ser em um futuro imediato. A boa not\u00edcia deste 29 de maio, abstraindo os novos cap\u00edtulos desta hist\u00f3ria, \u00e9 que o uribismo, e todo o estabelecimento, sofreu uma fulminante derrota eleitoral.<\/p>\n\n\n\n<p>Os 14 milh\u00f5es e meio de votos para Petro e Rodolfo s\u00e3o votos contra um projeto hegem\u00f4nico e uma forma de fazer pol\u00edtica que est\u00e3o extremamente desgastados. As maiorias est\u00e3o fartas da direita uribista e das &#8220;maquinarias&#8221;. Dito em poucas palavras: uma coisa \u00e9 como &#8220;Rodolfo&#8221; ter\u00e1 que se alinhar tacitamente com o que dizia odiar para poder ganhar, e outra coisa \u00e9 porque \u00e9 ele, e n\u00e3o Fico, que se tornou o concorrente de Petro. Hern\u00e1ndez, para os eleitores, representa uma mudan\u00e7a em rela\u00e7\u00e3o ao projeto da direita uribista.<\/p>\n\n\n\n<p>Agora, dado que &#8220;mudan\u00e7a&#8221; \u00e9 um termo neutro com m\u00faltiplas dire\u00e7\u00f5es poss\u00edveis, a quest\u00e3o \u00e9 o que poderia significar para os apoiadores de Hern\u00e1ndez e como descrever este personagem pitoresco no espectro ideol\u00f3gico. Algumas distin\u00e7\u00f5es conceituais s\u00e3o relevantes aqui.<\/p>\n\n\n\n<p>Em seu batido livro \u00e0 direita e \u00e0 esquerda, Norberto Bobbio introduz uma distin\u00e7\u00e3o \u00fatil entre dois tipos de centro: o centro como &#8220;terceiro inclu\u00eddo&#8221; e como &#8220;terceiro inclusivo&#8221;. O primeiro&nbsp; representa o fajardismo com seu &#8220;nem um nem o outro&#8221;. Aqui o centro \u00e9 definido como &#8220;terceiro&#8221; devido \u00e0 sua equidist\u00e2ncia dos extremos ou \u00e0 sua &#8220;tibieza&#8221;. O segundo \u00e9 o centro como uma &#8220;s\u00edntese&#8221; dos dois com seus &#8220;tanto um como o outro&#8221;.<\/p>\n\n\n\n<p>Hern\u00e1ndez, do meu ponto de vista, encarna este \u00faltimo tipo. &#8220;Rodolfo&#8221; representa, por um lado, o pa\u00eds patriarcal e autorit\u00e1rio e, por outro, o pa\u00eds anti-corrup\u00e7\u00e3o, pr\u00f3-paz e anti-desigualdade que, de m\u00e3os dadas, agora, com um empres\u00e1rio astuto, pretende colocar-se em dia com sua d\u00edvida social. N\u00e3o se trata aqui de explorar a neutralidade, mas de integrar os extremos. A tarefa fica a cargo de uma velha &#8220;raposa&#8221;, cantoneira, vulgar, populista e &#8211; pelos padr\u00f5es colombianos &#8211; &#8220;bonach\u00f3n&#8221;.<\/p>\n\n\n\n<p>Se olharmos, por exemplo, para a hist\u00f3ria e os ide\u00f3logos da revolu\u00e7\u00e3o conservadora na Alemanha pr\u00e9-Hitler, descobrimos que n\u00e3o se tratava, simplesmente, de movimentos de direita. As posturas &#8220;red-baiting&#8221; e a ideia do &#8220;nacional-Bolshevismo&#8221;, representadas por autores como Moeller van den Bruck, Ernst Niekisch ou Karl Otto Paetel, visavam sem d\u00favida esmagar o comunismo de uma perspectiva autorit\u00e1ria e nacionalista, mas ao mesmo tempo saudavam a mobiliza\u00e7\u00e3o popular e, acima de tudo, suas demandas por justi\u00e7a social<\/p>\n\n\n\n<p>A denomina\u00e7\u00e3o oficial do nazismo, a saber &#8220;Nacional Socialismo&#8221;, revela esta hibridiza\u00e7\u00e3o da direita e da esquerda dentro do culto anti-elitista do &#8220;povo&#8221;. &#8220;Das deutsche Volk&#8230;&#8221;, Hitler gritou repetidamente. Tratava-se novamente do centro como o &#8220;terceiro superior&#8221; ou &#8220;inclusivo&#8221;. N\u00e3o estou argumentando aqui algo t\u00e3o insesntato como que Rodolfo Hern\u00e1ndez \u00e9 um nazista, mas sim que sua postura, a diferen\u00e7a do mundo dicot\u00f4mico de certo petrismo, n\u00e3o \u00e9 simplesmente de direita.<\/p>\n\n\n\n<p>Talvez quando Hern\u00e1ndez alegou ser um &#8220;seguidor&#8221; do &#8220;grande pensador alem\u00e3o Adolf Hitler&#8221; (logo pediu desculpas com a estranha desculpa de que estava pensando em Einstein), estava inconscientemente revelando sua vaga inten\u00e7\u00e3o de amalgamar, em chave colombiana, as virtudes da esquerda e da direita.<\/p>\n\n\n\n<p>Voltando ao ponto: a mudan\u00e7a, em termos de &#8220;Rodolfo&#8221;, \u00e9 a integra\u00e7\u00e3o da mentalidade autorit\u00e1ria-patriarcal com elementos de uma agenda progressiva e (discursivamente) anti-elitista atrav\u00e9s da &#8220;habilidade gerencial&#8221;. Soa estranho, mas n\u00e3o \u00e9 inveross\u00edmil. Parece improv\u00e1vel, mas o improv\u00e1vel tamb\u00e9m \u00e9 real. A coer\u00eancia ideol\u00f3gica n\u00e3o \u00e9 um crit\u00e9rio importante para desejos coletivos efetivos. O que \u00e9 importante, neste contexto, \u00e9 condensar desejos.<\/p>\n\n\n\n<p>Petro, entretanto, representa para o eleitorado apenas a agenda progressista: direitos das minorias \u00e9tnicas e sexuais, ouvir as lutas camponesas, combater o modelo econ\u00f4mico extrativista, simpatia com o movimento estudantil e os jovens das comunidades assassinados no primeiro semestre de 2021, etc.&nbsp;&nbsp;<\/p>\n\n\n\n<p>Muitos colombianos, entretanto, querem uma nova paterfam\u00edlia, igualmente raivosa, mas refinada, sem culpas graves e, ao mesmo tempo, um l\u00edder com sensibilidade social e capaz de atingir, tamb\u00e9m com raiva, o &#8220;estabelecimento&#8221;. Esse \u00e9 &#8220;Rodolfo&#8221;. Aqui a mudan\u00e7a tem uma parte de novidade e uma parte de &#8220;restaura\u00e7\u00e3o&#8221;, com sua repeti\u00e7\u00e3o atualizada do original.<\/p>\n\n\n\n<p>Derrotar Hern\u00e1ndez significa, para Petro, minar a credibilidade do lado esquerdo de seu centrismo integrador e explorar ao m\u00e1ximo a incoer\u00eancia entre um discurso anticorrup\u00e7\u00e3o e o apoio de fato de blocos de pol\u00edticos corruptos, mas Petro perde, em todo caso, em um terreno cultural dif\u00edcil de modificar e difundido: o de nossas representa\u00e7\u00f5es ainda predominantes de &#8220;autoridade&#8221;.&nbsp;<\/p>\n\n\n\n<p>A pol\u00edtica, entretanto, \u00e9 uma quest\u00e3o de t\u00e1tica e estrat\u00e9gia. Nada est\u00e1 pr\u00e9-definido. Petro ainda tem tr\u00eas semanas para melhor comercializar sua op\u00e7\u00e3o de mudan\u00e7a e fazer alian\u00e7as oportunas. O tempo se aproxima.<\/p>\n\n\n\n<p><em><sub>*Tradu\u00e7\u00e3o do espanhol por Giulia Gaspar.<\/sub><\/em><\/p>\n","protected":false},"excerpt":{"rendered":"<p>Os 14 milh\u00f5es e meio de votos para Petro e Rodolfo s\u00e3o votos contra um projeto hegem\u00f4nico e uma forma de fazer pol\u00edtica que est\u00e3o extremamente desgastados. As maiorias est\u00e3o fartas da direita uribista e das &#8220;maquinarias&#8221;<\/p>\n","protected":false},"author":105,"featured_media":10553,"comment_status":"closed","ping_status":"closed","sticky":false,"template":"","format":"standard","meta":{"_acf_changed":false,"episode_type":"","audio_file":"","cover_image":"","cover_image_id":"","duration":"","filesize":"","filesize_raw":"","date_recorded":"","explicit":"","block":"","itunes_episode_number":"","itunes_title":"","itunes_season_number":"","itunes_episode_type":"","footnotes":""},"categories":[17010,16711,16717,16719,14397,544],"tags":[],"gps":[],"class_list":{"0":"post-10562","1":"post","2":"type-post","3":"status-publish","4":"format-standard","5":"has-post-thumbnail","7":"category-outsiders-es-pt-br","8":"category-elecciones-pt-br","9":"category-colombia-pt-br","10":"category-debates-pt-br","11":"category-eleicoes","12":"category-politica-br"},"acf":[],"_links":{"self":[{"href":"https:\/\/latinoamerica21.com\/pt-br\/wp-json\/wp\/v2\/posts\/10562","targetHints":{"allow":["GET"]}}],"collection":[{"href":"https:\/\/latinoamerica21.com\/pt-br\/wp-json\/wp\/v2\/posts"}],"about":[{"href":"https:\/\/latinoamerica21.com\/pt-br\/wp-json\/wp\/v2\/types\/post"}],"author":[{"embeddable":true,"href":"https:\/\/latinoamerica21.com\/pt-br\/wp-json\/wp\/v2\/users\/105"}],"replies":[{"embeddable":true,"href":"https:\/\/latinoamerica21.com\/pt-br\/wp-json\/wp\/v2\/comments?post=10562"}],"version-history":[{"count":0,"href":"https:\/\/latinoamerica21.com\/pt-br\/wp-json\/wp\/v2\/posts\/10562\/revisions"}],"wp:featuredmedia":[{"embeddable":true,"href":"https:\/\/latinoamerica21.com\/pt-br\/wp-json\/wp\/v2\/media\/10553"}],"wp:attachment":[{"href":"https:\/\/latinoamerica21.com\/pt-br\/wp-json\/wp\/v2\/media?parent=10562"}],"wp:term":[{"taxonomy":"category","embeddable":true,"href":"https:\/\/latinoamerica21.com\/pt-br\/wp-json\/wp\/v2\/categories?post=10562"},{"taxonomy":"post_tag","embeddable":true,"href":"https:\/\/latinoamerica21.com\/pt-br\/wp-json\/wp\/v2\/tags?post=10562"},{"taxonomy":"gps","embeddable":true,"href":"https:\/\/latinoamerica21.com\/pt-br\/wp-json\/wp\/v2\/gps?post=10562"}],"curies":[{"name":"wp","href":"https:\/\/api.w.org\/{rel}","templated":true}]}}