{"id":10851,"date":"2022-06-16T09:00:00","date_gmt":"2022-06-16T12:00:00","guid":{"rendered":"https:\/\/latinoamerica21.com\/?p=10851"},"modified":"2022-06-15T14:10:33","modified_gmt":"2022-06-15T17:10:33","slug":"o-timido-avanco-dos-direitos-das-mulheres-equatorianas","status":"publish","type":"post","link":"https:\/\/latinoamerica21.com\/pt-br\/o-timido-avanco-dos-direitos-das-mulheres-equatorianas\/","title":{"rendered":"O t\u00edmido avan\u00e7o dos direitos das mulheres equatorianas"},"content":{"rendered":"\n<p>Em 28 de abril de 2021 &#8211; com sete votos a favor e dois contra &#8211; a Corte Constitucional do Equador descriminalizou o aborto por estupro depois de ter acolhido a a\u00e7\u00e3o de inconstitucionalidade do artigo 150 do C\u00f3digo Integral Penal. Esta decis\u00e3o sem d\u00favida representa avan\u00e7os importantes tanto em mat\u00e9ria de direitos humanos em geral e de direitos das mulheres em particular. Entretanto, na lei acima mencionada houve veto presidencial.<\/p>\n\n\n\n<p>O veto do presidente desembocou na modifica\u00e7\u00e3o de 61 dos 63 artigos do projeto de lei que haviam sido originalmente aprovados pelos membros da Assembl\u00e9ia. Embora a lei tivesse em princ\u00edpio estabelecido um per\u00edodo de 18 semanas para a interrup\u00e7\u00e3o volunt\u00e1ria da gravidez de meninas, adolescentes, ind\u00edgenas e mulheres da \u00e1rea rural que tenham sido estupradas, a modifica\u00e7\u00e3o ap\u00f3s o veto reduziu o per\u00edodo para 12 semanas.<\/p>\n\n\n\n<p>Al\u00e9m disso, a lei final estabelece que, para que as mulheres tenham acesso \u00e0 interrup\u00e7\u00e3o volunt\u00e1ria da gravidez em casos de estupro, elas devem cumprir certos requisitos, por exemplo, uma den\u00fancia pr\u00e9via por parte da v\u00edtima ou de qualquer pessoa que tenha conhecimento do caso, ou a assinatura de uma declara\u00e7\u00e3o juramentada por parte da v\u00edtima.<\/p>\n\n\n\n<p>O processo tem tensionado a rela\u00e7\u00e3o entre as partes, e os resultados finais ficaram muito aqu\u00e9m das expectativas que haviam sido geradas entre as organiza\u00e7\u00f5es feministas. Apesar das evid\u00eancias e das numerosas experi\u00eancias internacionais, um dos medos que haviam se inserido na sociedade era o de um incremento exponencial do n\u00famero de abortos.&nbsp;<\/p>\n\n\n\n<p>Esta afirma\u00e7\u00e3o n\u00e3o corresponde \u00e0 realidade, mas pelo contr\u00e1rio, gra\u00e7as \u00e0 nova lei, agora poder\u00e3o ser evitados muitos abortos clandestinos e suas consequentes complica\u00e7\u00f5es m\u00e9dicas. De acordo com a <a href=\"https:\/\/www.who.int\/es\/news\/item\/09-03-2022-access-to-safe-abortion-critical-for-health-of-women-and-girls\" target=\"_blank\" rel=\"noreferrer noopener\">Organiza\u00e7\u00e3o Mundial da Sa\u00fade<\/a> (OMS), h\u00e1 evid\u00eancias cient\u00edficas de que <a href=\"https:\/\/latinoamerica21.com\/es\/si-las-mujeres-migrantes-abortan-y-su-derecho-tambien-importa\/\" target=\"_blank\" rel=\"noreferrer noopener\">a proibi\u00e7\u00e3o do aborto aumenta o risco de tais pr\u00e1ticas clandestinas<\/a>, que geralmente resultam na morte da m\u00e3e. Segundo esta organiza\u00e7\u00e3o e a <a href=\"https:\/\/www.amnesty.org\/es\/what-we-do\/sexual-and-reproductive-rights\/abortion-facts\/\" target=\"_blank\" rel=\"noreferrer noopener\">Anistia Internacional<\/a>, os abortos inseguros causam 39.000 mortes por ano, s\u00e3o a terceira causa mais comum de morte materna no mundo e produzem 5 milh\u00f5es de defici\u00eancias, em grande parte evit\u00e1veis. Na Am\u00e9rica Latina, esta situa\u00e7\u00e3o \u00e9 particularmente dram\u00e1tica em pa\u00edses como Honduras, El Salvador e Nicar\u00e1gua, que mant\u00eam leis que pro\u00edbem o aborto em praticamente todas as circunst\u00e2ncias. .<\/p>\n\n\n\n<p>Entretanto, vale a pena notar que a Corte Constitucional equatoriana fez progressos no reconhecimento dos direitos sexuais e reprodutivos das v\u00edtimas de viol\u00eancia sexual, um passo sem d\u00favida essencial em mat\u00e9ria de direitos humanos.&nbsp;<\/p>\n\n\n\n<p><strong>Uma revis\u00e3o hist\u00f3rica dos direitos da mulher no Equador<\/strong><\/p>\n\n\n\n<p>Historicamente, as mulheres enfrentaram obst\u00e1culos e impedimentos para exercer seus direitos. Apesar de ter avan\u00e7ado lentamente ao longo dos anos, ainda persistem m\u00faltiplos desafios. Neste sentido, h\u00e1 que se ter em conta que as rela\u00e7\u00f5es de g\u00eanero expressam rela\u00e7\u00f5es de poder e, portanto, cada vez que se tenta modificar essa ordem ocorrem conflitos no interior da sociedade.&nbsp;<\/p>\n\n\n\n<p>Houve atrocidades que fazem parte de nossa hist\u00f3ria. Durante s\u00e9culos as mulheres n\u00e3o foram concebidas como cidad\u00e3s, e at\u00e9 o in\u00edcio do s\u00e9culo XX n\u00e3o t\u00ednhamos o direito de votar. Mas, apesar de tudo, com o tempo, muitos direitos foram alcan\u00e7ados.<\/p>\n\n\n\n<p>O Equador foi um dos primeiros pa\u00edses a reconhecer o direito de sufr\u00e1gio para as mulheres, gra\u00e7as a <a href=\"https:\/\/elpais.com\/sociedad\/2019\/11\/21\/actualidad\/1574327354_255470.html\" target=\"_blank\" rel=\"noreferrer noopener\">Matilde Hidalgo<\/a>, que, ap\u00f3s v\u00e1rios esfor\u00e7os, finalmente conseguiu a aprova\u00e7\u00e3o do sufr\u00e1gio feminino em 1929. Em 1981, o Equador ratificou a <a href=\"https:\/\/www.ohchr.org\/es\/instruments-mechanisms\/instruments\/convention-elimination-all-forms-discrimination-against-women\" target=\"_blank\" rel=\"noreferrer noopener\">Conven\u00e7\u00e3o para a Elimina\u00e7\u00e3o de Todas as Formas de Discrimina\u00e7\u00e3o contra a Mulher<\/a> (CEDAW), que determinou que certas medidas especiais tempor\u00e1rias destinadas a acelerar a igualdade de fato entre homens e mulheres n\u00e3o seriam consideradas discriminat\u00f3rias.<\/p>\n\n\n\n<p>Em 1997, foi promulgada a primeira lei de cotas para garantir o direito ao trabalho e \u00e0 n\u00e3o-discrimina\u00e7\u00e3o no \u00e2mbito laboral. Em 2008, a Constitui\u00e7\u00e3o instituiu normas transcendentais ao determinar a representa\u00e7\u00e3o parit\u00e1ria de mulheres e homens em cargos de nomea\u00e7\u00e3o ou designa\u00e7\u00e3o da fun\u00e7\u00e3o p\u00fablica, nas inst\u00e2ncias de dire\u00e7\u00e3o e decis\u00e3o, e nos partidos e movimentos pol\u00edticos. Em 2013, a Assembleia Nacional teve, pela primeira vez na hist\u00f3ria, um alto grau de equidade de g\u00eanero com 38% de mulheres.<\/p>\n\n\n\n<p>Em 2018, a aprova\u00e7\u00e3o da <a href=\"https:\/\/www.igualdad.gob.ec\/wp-content\/uploads\/downloads\/2018\/05\/ley_prevenir_y_erradicar_violencia_mujeres.pdf\" target=\"_blank\" rel=\"noreferrer noopener\">Lei Org\u00e2nica Global para a Preven\u00e7\u00e3o e Erradica\u00e7\u00e3o da Viol\u00eancia de G\u00eanero contra as Mulheres<\/a> (Loipevcm) constituiu um marco fundamental, j\u00e1 que se reconheceu a viol\u00eancia pol\u00edtica como um dos tipos de viol\u00eancia contra a mulher. Posteriormente, em 2020, foram aprovadas as Reformas ao C\u00f3digo da Democracia, que determinaram pela primeira vez san\u00e7\u00f5es por viol\u00eancia pol\u00edtica baseada em g\u00eanero e a obriga\u00e7\u00e3o das organiza\u00e7\u00f5es pol\u00edticas de registrar membros em suas listas para elei\u00e7\u00f5es pluripessoais e unipessoais mediante crit\u00e9rios de paridade e inclus\u00e3o.\u00a0<\/p>\n\n\n\n<p>O Equador est\u00e1 melhorando na prote\u00e7\u00e3o dos direitos das mulheres, meninas e adolescentes. Mas, embora a normativa esteja evoluindo e se adaptando \u00e0s necessidades de uma sociedade mais equitativa, ainda existe o desafio de garantir que a aplica\u00e7\u00e3o da normativa seja eficaz e que realmente beneficie a igualdade de g\u00eanero.<\/p>\n\n\n\n<p>Se um pa\u00eds n\u00e3o defende os direitos humanos de suas mulheres &#8211; e de sua popula\u00e7\u00e3o em geral &#8211; n\u00e3o ser\u00e1 capaz de desenvolver sua democracia ou gerar as rela\u00e7\u00f5es de equidade, transpar\u00eancia e confian\u00e7a sobre as quais se constroem os bons governos. Portanto, a luta pelos direitos da mulher deve seguir se fortalecendo para que seja poss\u00edvel construir uma sociedade melhor.&nbsp;<\/p>\n\n\n\n<p><em><sub>*Tradu\u00e7\u00e3o do espanhol por Giulia Gaspar.\u00a0<\/sub><\/em><\/p>\n","protected":false},"excerpt":{"rendered":"<p>Em 28 de abril de 2021, a Corte Constitucional do Equador descriminalizou o aborto por estupro depois de ter acolhido a a\u00e7\u00e3o de inconstitucionalidade do artigo 150 do C\u00f3digo Integral Penal. Entretanto, o veto presidencial limitou seu alcance.<\/p>\n","protected":false},"author":340,"featured_media":10847,"comment_status":"closed","ping_status":"closed","sticky":false,"template":"","format":"standard","meta":{"_acf_changed":false,"episode_type":"","audio_file":"","cover_image":"","cover_image_id":"","duration":"","filesize":"","filesize_raw":"","date_recorded":"","explicit":"","block":"","itunes_episode_number":"","itunes_title":"","itunes_season_number":"","itunes_episode_type":"","footnotes":""},"categories":[16760,16760,16715,16715,16782,16782,14409,546],"tags":[],"gps":[],"class_list":{"0":"post-10851","1":"post","2":"type-post","3":"status-publish","4":"format-standard","5":"has-post-thumbnail","7":"category-derechos-humanos-pt-br","9":"category-ecuador-pt-br","11":"category-genero-pt-br","13":"category-equador","14":"category-sociedad-br"},"acf":[],"_links":{"self":[{"href":"https:\/\/latinoamerica21.com\/pt-br\/wp-json\/wp\/v2\/posts\/10851","targetHints":{"allow":["GET"]}}],"collection":[{"href":"https:\/\/latinoamerica21.com\/pt-br\/wp-json\/wp\/v2\/posts"}],"about":[{"href":"https:\/\/latinoamerica21.com\/pt-br\/wp-json\/wp\/v2\/types\/post"}],"author":[{"embeddable":true,"href":"https:\/\/latinoamerica21.com\/pt-br\/wp-json\/wp\/v2\/users\/340"}],"replies":[{"embeddable":true,"href":"https:\/\/latinoamerica21.com\/pt-br\/wp-json\/wp\/v2\/comments?post=10851"}],"version-history":[{"count":0,"href":"https:\/\/latinoamerica21.com\/pt-br\/wp-json\/wp\/v2\/posts\/10851\/revisions"}],"wp:featuredmedia":[{"embeddable":true,"href":"https:\/\/latinoamerica21.com\/pt-br\/wp-json\/wp\/v2\/media\/10847"}],"wp:attachment":[{"href":"https:\/\/latinoamerica21.com\/pt-br\/wp-json\/wp\/v2\/media?parent=10851"}],"wp:term":[{"taxonomy":"category","embeddable":true,"href":"https:\/\/latinoamerica21.com\/pt-br\/wp-json\/wp\/v2\/categories?post=10851"},{"taxonomy":"post_tag","embeddable":true,"href":"https:\/\/latinoamerica21.com\/pt-br\/wp-json\/wp\/v2\/tags?post=10851"},{"taxonomy":"gps","embeddable":true,"href":"https:\/\/latinoamerica21.com\/pt-br\/wp-json\/wp\/v2\/gps?post=10851"}],"curies":[{"name":"wp","href":"https:\/\/api.w.org\/{rel}","templated":true}]}}