{"id":10920,"date":"2022-06-22T09:00:00","date_gmt":"2022-06-22T12:00:00","guid":{"rendered":"https:\/\/latinoamerica21.com\/?p=10920"},"modified":"2022-06-22T05:29:12","modified_gmt":"2022-06-22T08:29:12","slug":"cupulas-tempestuosas","status":"publish","type":"post","link":"https:\/\/latinoamerica21.com\/pt-br\/cupulas-tempestuosas\/","title":{"rendered":"C\u00fapulas Tempestuosas"},"content":{"rendered":"\n<p><strong>Co-autores Max Povse e Fernando Pedrosa<\/strong><\/p>\n\n\n\n<p>A diplomacia presidencial na Am\u00e9rica Latina tem sempre um tempero extra. N\u00e3o importa se s\u00e3o c\u00fapulas ibero-americanas, americanas ou sul-americanas, as distintas personalidades e orienta\u00e7\u00f5es de seus l\u00edderes geram impacto e debates que, embora n\u00e3o produzam mudan\u00e7as profundas, fornecem um retrato da conjuntura da regi\u00e3o e, ao mesmo tempo, moldam agendas de debate pol\u00edtico.<\/p>\n\n\n\n<p>A C\u00fapula das Am\u00e9ricas, realizada em Los Angeles durante a segunda semana de junho, n\u00e3o foi exce\u00e7\u00e3o. O pavio foi aceso quando <a href=\"https:\/\/latinoamerica21.com\/br\/a-cupula-das-americas-de-joe-biden\/\" target=\"_blank\" rel=\"noreferrer noopener\">o presidente norte-americano, Joe Biden,<\/a> anunciou, no \u00faltimo minuto e ap\u00f3s semanas de incerteza, que os presidentes de Cuba, Nicar\u00e1gua e Venezuela n\u00e3o seriam convidados para o conclave. Esta decis\u00e3o marcou o evento, que certamente ficar\u00e1 na hist\u00f3ria das c\u00fapulas pelas aus\u00eancias e pelos debates que se seguiram.<\/p>\n\n\n\n<p><strong>Cada um joga seu jogo<\/strong><\/p>\n\n\n\n<p>No fim, a c\u00fapula tornou-se em um espa\u00e7o que privilegiou as demandas internas \u2013 nacionais \u2013 dos diferentes mandat\u00e1rios. Assim como o presidente mexicano <a href=\"https:\/\/veja.abril.com.br\/mundo\/presidente-do-mexico-confirma-que-nao-participara-da-cupula-das-americas\/\" target=\"_blank\" rel=\"noreferrer noopener\">L\u00f3pez Obrador buscou consolidar seu pr\u00f3prio capital pol\u00edtico<\/a>, a dureza do presidente dos Estados Unidos, Joe Biden, diante \u00e0s ditaduras tamb\u00e9m pode ser entendida com vistas a seguir fortalecendo sua imagem de l\u00edder internacional, ap\u00f3s reunir-se com os presidentes da Associa\u00e7\u00e3o de Na\u00e7\u00f5es do Sudeste Asi\u00e1tico (ASEAN) nos Estados Unidos e viajar para o Jap\u00e3o e a Cor\u00e9ia do Sul. E, claro, no horizonte est\u00e3o as elei\u00e7\u00f5es para o Senado em novembro, onde ser\u00e3o eleitos 34 dos 100 assentos.<\/p>\n\n\n\n<p>No entanto, grande parte do problema de fundo surge porque os Estados Unidos tamb\u00e9m demonstraram que sua falta de pol\u00edtica para a regi\u00e3o tem consequ\u00eancias. Na C\u00fapula de 2015, Obama branqueou Cuba e a convidou a participar do evento. Na C\u00fapula de 2018, Trump nem sequer se dignou a participar, e nesta, novamente, apareceram restri\u00e7\u00f5es \u00e0s ditaduras. Isto s\u00f3 serve para destacar a aus\u00eancia de uma pol\u00edtica coerente e sustentada com o tempo pela pot\u00eancia do norte para a regi\u00e3o.<\/p>\n\n\n\n<p>Por isso, de nada adianta buscar encena\u00e7\u00f5es pontuais como a que a c\u00fapula presidencial oferece sem grandes preocupa\u00e7\u00f5es com os efeitos pr\u00e1ticos. O certo \u00e9 que a quest\u00e3o do respeito \u00e0 democracia n\u00e3o aparece como uma preocupa\u00e7\u00e3o permanente na agenda dos pa\u00edses americanos em geral e dos Estados Unidos em particular. E isto n\u00e3o se faz s\u00f3 impondo castigos ou fazendo vista grossa, segundo a ocasi\u00e3o, mas com pol\u00edticas cont\u00ednuas, antes e depois das c\u00fapulas.<\/p>\n\n\n\n<p>Tamb\u00e9m ficou evidente que a desdemocratiza\u00e7\u00e3o que a regi\u00e3o vive n\u00e3o \u00e9 s\u00f3 uma preocupa\u00e7\u00e3o para muitos governos americanos, mas que uma parte importante das organiza\u00e7\u00f5es da sociedade civil tem se manifestado \u2013 algumas de forma mais clara que outras \u2013 em defesa das tr\u00eas ditaduras em quest\u00e3o.<\/p>\n\n\n\n<p>Existe a percep\u00e7\u00e3o de que os Estados Unidos j\u00e1 n\u00e3o s\u00e3o mais um fator predominante de lideran\u00e7a ou que sua voz como promotor da democracia foi muito desvalorizada. Sua ruptura com os pa\u00edses centro-americanos, que eram seus aliados hist\u00f3ricos, \u00e9 um sinal disso. O mesmo se aplica \u00e0 aposta arriscada de Xiomara Castro em Honduras, como uma forma de balancear o poder regional. A aus\u00eancia de Castro (Xiomara), e seu alinhamento por tr\u00e1s das ditaduras da regi\u00e3o, foi o primeiro rev\u00e9s desta pol\u00edtica meramente reativa.<\/p>\n\n\n\n<p>O que a c\u00fapula evidenciou foi a exist\u00eancia de um espa\u00e7o vazio de lideran\u00e7a democr\u00e1tica. Os Estados Unidos deixaram um vazio ao relegar a Am\u00e9rica Latina na lista de preocupa\u00e7\u00f5es. Hoje este v\u00e1cuo est\u00e1 sendo preenchido por outras pot\u00eancias, como a China e a R\u00fassia. Isto fortaleceu o poder e a autoestima dos setores autorit\u00e1rios, ao mesmo tempo que produziu uma desarticula\u00e7\u00e3o dos setores democr\u00e1ticos.<\/p>\n\n\n\n<p>Mas, al\u00e9m das sensa\u00e7\u00f5es negativas, um aspecto positivo que a c\u00fapula deixou \u00e9 que o debate sobre a democracia tem ocupado o primeiro plano. Tamb\u00e9m ficou claro quem tem defendido o papel dos ditadores como governantes leg\u00edtimos, o que deixou em evid\u00eancia o avan\u00e7o autorit\u00e1rio na regi\u00e3o.<\/p>\n\n\n\n<p>Agora, o que importa \u00e9 como esta hist\u00f3ria continua. Trata-se de sustentar um esfor\u00e7o para blindar e proteger as democracias que est\u00e3o em crise e apoiar permanentemente os setores genuinamente democr\u00e1ticos que sobrevivem, \u00e0s vezes, sob condi\u00e7\u00f5es muito duras.<\/p>\n\n\n\n<p><em><sub>Max Povse \u00e9 um cientista pol\u00edtico, professor e pesquisador do Grupo de Estudos da \u00c1sia e Am\u00e9rica Latina da Universidade de Buenos Aires.<\/sub><\/em><\/p>\n\n\n\n<p><em><sub>Fernando Pedrosa \u00e9 professor e coordenador do Grupo de Estudos da \u00c1sia e Am\u00e9rica Latina na Universidade de Buenos Aires. Ele tem um doutorado em processos pol\u00edticos contempor\u00e2neos.<\/sub><\/em><\/p>\n","protected":false},"excerpt":{"rendered":"<p>Co-autores Max Povse y Fernando Pedrosa<br \/>\nA diplomacia presidencial na Am\u00e9rica Latina gera impacto e debates que, embora n\u00e3o produzam mudan\u00e7as profundas, fornecem um retrato da situa\u00e7\u00e3o da regi\u00e3o.<\/p>\n","protected":false},"author":272,"featured_media":10917,"comment_status":"closed","ping_status":"closed","sticky":false,"template":"","format":"standard","meta":{"_acf_changed":false,"episode_type":"","audio_file":"","cover_image":"","cover_image_id":"","duration":"","filesize":"","filesize_raw":"","date_recorded":"","explicit":"","block":"","itunes_episode_number":"","itunes_title":"","itunes_season_number":"","itunes_episode_type":"","footnotes":""},"categories":[16949,16949,16762,16762,17007,17007,14507,14379,544],"tags":[],"gps":[],"class_list":{"0":"post-10920","1":"post","2":"type-post","3":"status-publish","4":"format-standard","5":"has-post-thumbnail","7":"category-politica-internacional-pt-br","9":"category-relaiciones-internacionales-pt-br","11":"category-cumbre-de-las-americas-es-pt-br","13":"category-relacoes-internacionais","14":"category-cupula-das-americas","15":"category-politica-br"},"acf":[],"_links":{"self":[{"href":"https:\/\/latinoamerica21.com\/pt-br\/wp-json\/wp\/v2\/posts\/10920","targetHints":{"allow":["GET"]}}],"collection":[{"href":"https:\/\/latinoamerica21.com\/pt-br\/wp-json\/wp\/v2\/posts"}],"about":[{"href":"https:\/\/latinoamerica21.com\/pt-br\/wp-json\/wp\/v2\/types\/post"}],"author":[{"embeddable":true,"href":"https:\/\/latinoamerica21.com\/pt-br\/wp-json\/wp\/v2\/users\/272"}],"replies":[{"embeddable":true,"href":"https:\/\/latinoamerica21.com\/pt-br\/wp-json\/wp\/v2\/comments?post=10920"}],"version-history":[{"count":0,"href":"https:\/\/latinoamerica21.com\/pt-br\/wp-json\/wp\/v2\/posts\/10920\/revisions"}],"wp:featuredmedia":[{"embeddable":true,"href":"https:\/\/latinoamerica21.com\/pt-br\/wp-json\/wp\/v2\/media\/10917"}],"wp:attachment":[{"href":"https:\/\/latinoamerica21.com\/pt-br\/wp-json\/wp\/v2\/media?parent=10920"}],"wp:term":[{"taxonomy":"category","embeddable":true,"href":"https:\/\/latinoamerica21.com\/pt-br\/wp-json\/wp\/v2\/categories?post=10920"},{"taxonomy":"post_tag","embeddable":true,"href":"https:\/\/latinoamerica21.com\/pt-br\/wp-json\/wp\/v2\/tags?post=10920"},{"taxonomy":"gps","embeddable":true,"href":"https:\/\/latinoamerica21.com\/pt-br\/wp-json\/wp\/v2\/gps?post=10920"}],"curies":[{"name":"wp","href":"https:\/\/api.w.org\/{rel}","templated":true}]}}