{"id":10991,"date":"2022-06-24T09:00:00","date_gmt":"2022-06-24T12:00:00","guid":{"rendered":"https:\/\/latinoamerica21.com\/?p=10991"},"modified":"2022-06-23T20:10:51","modified_gmt":"2022-06-23T23:10:51","slug":"o-triunfo-de-petro-entre-a-ruptura-e-o-realismo","status":"publish","type":"post","link":"https:\/\/latinoamerica21.com\/pt-br\/o-triunfo-de-petro-entre-a-ruptura-e-o-realismo\/","title":{"rendered":"O triunfo de Petro, entre a ruptura e o realismo"},"content":{"rendered":"\n<p>Nos \u00faltimos vinte anos, com exce\u00e7\u00e3o do segundo mandato de Juan Manuel Santos, os colombianos elegeram presidentes filiados ao uribismo. Santos, que se descreve como um seguidor da Terceira Via, de Giddens e Blair, interrompeu esta continuidade, o que resultou na culmina\u00e7\u00e3o do processo de paz com as FARC. Entretanto, em muitos outros aspectos, como sua pol\u00edtica econ\u00f4mica e suas alian\u00e7as com partidos fortemente clientelistas, suas pol\u00edticas foram uma continua\u00e7\u00e3o das da direita uribista. A elei\u00e7\u00e3o de <a href=\"https:\/\/www.c5n.com\/mundo\/quien-es-gustavo-petro-el-primer-presidente-izquierda-la-historia-colombia-n18278\" target=\"_blank\" rel=\"noreferrer noopener\">Gustavo Petro como novo presidente da Col\u00f4mbia<\/a>, no entanto, incorpora uma mudan\u00e7a substancial.<\/p>\n\n\n\n<p>Trata-se de uma mudan\u00e7a em v\u00e1rios sentidos. Em primeiro lugar, frente ao n\u00facleo do projeto uribista: seu anticomunismo. O uribismo convenceu muitos cidad\u00e3os de que as guerrilhas eram a causa de todos os males do pa\u00eds e que, se n\u00e3o tivesse sido pelo deus ex machina da chegada providencial de \u00c1lvaro Uribe, o pa\u00eds teria ca\u00eddo em suas m\u00e3os. A indefini\u00e7\u00e3o do limite entre a esquerda legal e ilegal foi uma das consequ\u00eancias desta eficaz narrativa. Todo projeto associado \u00e0 esquerda, e toda forma de protesto, foram interpretados como uma continua\u00e7\u00e3o da atua\u00e7\u00e3o guerrilheira. O triunfo do Pacto Hist\u00f3rico, a alian\u00e7a de for\u00e7as em torno de Gustavo Petro, marca portanto uma ruptura frente a este esquema de interpreta\u00e7\u00e3o da realidade, pois agora ser\u00e1 a esquerda legal, liderada por um ex-guerrilheiro, que governa.<\/p>\n\n\n\n<p><a href=\"https:\/\/latinoamerica21.com\/es\/que-deben-aprender-petro-y-marquez-de-venezuela\/\" target=\"_blank\" rel=\"noreferrer noopener\">A ret\u00f3rica do &#8220;castrochavismo&#8221; se esgotou<\/a> e a direita colombiana, cuja \u00fanica singularidade \u00e9 a oferta de prote\u00e7\u00e3o frente ao multifacetado fantasma do comunismo, n\u00e3o tem muito mais a oferecer. Por isso, Petro refresca o cen\u00e1rio ideol\u00f3gico com seu discurso ambientalista, em favor da paz, da solidariedade e da inclus\u00e3o de minorias. Se as mudan\u00e7as pol\u00edticas n\u00e3o se limitarem a mudan\u00e7as de governo, mas sim a mudan\u00e7as ideol\u00f3gicas que animem as institui\u00e7\u00f5es pol\u00edticas e sociais e estruturem os julgamentos de milh\u00f5es de cidad\u00e3os, em 19 de junho os colombianos presenciaram um momento significativo. Se tratar\u00e1 da institucionaliza\u00e7\u00e3o de uma nova narrativa.\u00a0\u00a0<\/p>\n\n\n\n<p>Em segundo lugar, os presidentes colombianos das \u00faltimas duas d\u00e9cadas n\u00e3o apenas governaram com o apoio das coaliz\u00f5es partid\u00e1rias, mas tamb\u00e9m com o apoio do &#8220;establishment&#8221;. Um estabelecimento constitu\u00eddo por dirigentes dos partidos tradicionais que, como C\u00e9sar Gaviria, ajustam bruscamente seu discurso, desde que isso lhes traga cotas burocr\u00e1ticas. Constitu\u00eddo por fam\u00edlias poderosas, como os Char na costa do Caribe, que exercem controle pol\u00edtico e \u00e0s vezes econ\u00f4mico sobre regi\u00f5es inteiras. Um estabelecimento constitu\u00eddo por grandes grupos econ\u00f4micos, como o de Sarmiento Angulo, que s\u00e3o propriet\u00e1rios dos grandes meios de comunica\u00e7\u00e3o, e tamb\u00e9m por umas For\u00e7as Armadas premiadas, ap\u00f3s meio s\u00e9culo de conflito armado, com uma ampla fatia do or\u00e7amento nacional e uma mirada esquiva ou condescendente frente a seus abusos e seus altos n\u00edveis de corrup\u00e7\u00e3o.<\/p>\n\n\n\n<p>O triunfo do Pacto Hist\u00f3rico foi alcan\u00e7ado precisamente em contrapartida \u00e0 lideran\u00e7a dos partidos que apoiaram Duque, Santos e Uribe; de meios de comunica\u00e7\u00e3o cuja hostilidade generalizada para com o candidato Petro foi grotescamente evidente durante toda a campanha; os cl\u00e3s regionais que, nesta ocasi\u00e3o, n\u00e3o conseguiram virar maci\u00e7amente seus eleitores na dire\u00e7\u00e3o desejada, e as For\u00e7as Armadas que, lideradas pelo comandante do Ex\u00e9rcito nacional, general Eduardo Zapateiro, atacaram Petro durante a campanha, apesar da proibi\u00e7\u00e3o legal de participar da pol\u00edtica. A vit\u00f3ria do Pacto \u00e9 uma vit\u00f3ria eleitoral, mas \u00e9, acima de tudo, uma vit\u00f3ria contra o &#8220;establishment&#8221; como um todo.<\/p>\n\n\n\n<p>Em terceiro lugar, o triunfo do Pacto Hist\u00f3rico suspende a naturaliza\u00e7\u00e3o de um modelo de desenvolvimento baseado na exporta\u00e7\u00e3o de carv\u00e3o e petr\u00f3leo, e nos benef\u00edcios tribut\u00e1rios e n\u00e3o tribut\u00e1rios concedidos aos grandes grupos empresariais. Como o professor James Robinson, de Harvard, salientou, a Col\u00f4mbia \u00e9 um &#8220;mar de monop\u00f3lios e cart\u00e9is onde as conex\u00f5es pol\u00edticas e as barreiras de entrada s\u00e3o o caminho para fazer grandes fortunas&#8221;. Exportar mat\u00e9rias primas e proteger aos mais ricos partindo do princ\u00edpio de que fazer isso \u00e9 a \u00fanica garantia para obter n\u00edveis mais altos de emprego e crescimento tem foi a f\u00f3rmula m\u00e1gica empregada por uma longa s\u00e9rie de presidentes colombianos.<\/p>\n\n\n\n<p>O triunfo de Petro n\u00e3o \u00e9, como sugere a mentalidade dicot\u00f4mica da direita, a chegada do comunismo, mas a desnaturaliza\u00e7\u00e3o de um tipo de modelo de desenvolvimento capitalista. Petro, que vem de um grupo guerrilheiro, o M-19, afastado das ortodoxias marxistas e com um discurso essencialmente nacionalista, deixou isso claro em suas palavras ap\u00f3s sua vit\u00f3ria: &#8220;Vamos desenvolver o capitalismo na Col\u00f4mbia&#8221;. N\u00e3o se trata, portanto, de introduzir uma ruptura no modo de produ\u00e7\u00e3o, como preveem aqueles que v\u00eaem a Petro, contra todas as evid\u00eancias, como um neobolchevique. Trata-se de repensar o modelo econ\u00f4mico atrav\u00e9s de coordenadas que implicam um novo esquema de tributa\u00e7\u00e3o, uma economia n\u00e3o-extrativista, a revis\u00e3o dos acordos de livre com\u00e9rcio, o acesso ao cr\u00e9dito para cidad\u00e3os de baixos recursos, a inclus\u00e3o de elementos, em escala local, de economia solid\u00e1ria e a busca do desenvolvimento sustent\u00e1vel.<\/p>\n\n\n\n<p>Que esta mudan\u00e7a tenha sido poss\u00edvel deve-se, sobretudo, \u00e0 modera\u00e7\u00e3o do discurso de Petro frente a campanhas passadas e \u00e0 inclus\u00e3o de figuras que, em outro momento, teriam sido radicalmente dissonantes. Desde o pastor crist\u00e3o Alfredo Saade at\u00e9 economistas com claras tend\u00eancias liberais como Alejandro Gaviria e Rudolf Hommes, o ministro da Fazenda ,de C\u00e9sar Gaviria, e encarregado direto de montar todo o programa, claramente neoliberal, de &#8220;abertura econ\u00f4mica&#8221; no in\u00edcio dos anos noventa.&nbsp;<\/p>\n\n\n\n<p>A vit\u00f3ria de Petro tamb\u00e9m se deve ao fato de que ele estabeleceu alian\u00e7as com bases e setores marginalizados dos partidos tradicionais, como o representado por Luis Fernando Velasco, do Partido Liberal, e com pol\u00edticos dissidentes, h\u00e1beis no manejo das redes clientelistas e nas intrigas da pol\u00edtica menuda, como Roy Berreras. O pr\u00f3prio Petro tentou, de fato, estabelecer uma alian\u00e7a com C\u00e9sar Gaviria, diretor do Partido Liberal, que n\u00e3o foi consumada, mas que mostrou sua disposi\u00e7\u00e3o de fazer concess\u00f5es ao estabelecimento.<\/p>\n\n\n\n<p>O desafio de Petro agora \u00e9 articular estes elementos de modera\u00e7\u00e3o e realismo crasso &#8211; sem os quais ele poderia n\u00e3o ter vencido as elei\u00e7\u00f5es &#8211; com a vontade de mudan\u00e7a que sua elei\u00e7\u00e3o representa e com o desejo da maioria dos colombianos de encerrar um ciclo hist\u00f3rico. Como acontece muitas vezes na pol\u00edtica, a quest\u00e3o \u00e9 encontrar um equil\u00edbrio entre a fidelidade a uma causa e aten\u00e7\u00e3o \u00e0s consequ\u00eancias efetivas de uma a\u00e7\u00e3o em um contexto cheio de restri\u00e7\u00f5es. Esse equil\u00edbrio pode n\u00e3o vir, mas seja qual for o \u00eaxito de Petro, \u00e9 ineg\u00e1vel que os colombianos est\u00e3o diante de um momento hist\u00f3rico.<\/p>\n\n\n\n<p><em><sub>*Tradu\u00e7\u00e3o do espanhol por Giulia Gaspar.<\/sub><\/em><\/p>\n\n\n\n<p><em>*Tradu\u00e7\u00e3o do espanhol por Giulia Gaspar.&nbsp;<\/em><\/p>\n","protected":false},"excerpt":{"rendered":"<p>O triunfo do Pacto Hist\u00f3rico marca uma ruptura com uma interpreta\u00e7\u00e3o da realidade onde toda a esquerda era considerada uma extens\u00e3o da guerrilha. <\/p>\n","protected":false},"author":105,"featured_media":10984,"comment_status":"closed","ping_status":"closed","sticky":false,"template":"","format":"standard","meta":{"_acf_changed":false,"episode_type":"","audio_file":"","cover_image":"","cover_image_id":"","duration":"","filesize":"","filesize_raw":"","date_recorded":"","explicit":"","block":"","itunes_episode_number":"","itunes_title":"","itunes_season_number":"","itunes_episode_type":"","footnotes":""},"categories":[16947,14397,544],"tags":[],"gps":[],"class_list":{"0":"post-10991","1":"post","2":"type-post","3":"status-publish","4":"format-standard","5":"has-post-thumbnail","7":"category-internet-es-pt-br","8":"category-eleicoes","9":"category-politica-br"},"acf":[],"_links":{"self":[{"href":"https:\/\/latinoamerica21.com\/pt-br\/wp-json\/wp\/v2\/posts\/10991","targetHints":{"allow":["GET"]}}],"collection":[{"href":"https:\/\/latinoamerica21.com\/pt-br\/wp-json\/wp\/v2\/posts"}],"about":[{"href":"https:\/\/latinoamerica21.com\/pt-br\/wp-json\/wp\/v2\/types\/post"}],"author":[{"embeddable":true,"href":"https:\/\/latinoamerica21.com\/pt-br\/wp-json\/wp\/v2\/users\/105"}],"replies":[{"embeddable":true,"href":"https:\/\/latinoamerica21.com\/pt-br\/wp-json\/wp\/v2\/comments?post=10991"}],"version-history":[{"count":0,"href":"https:\/\/latinoamerica21.com\/pt-br\/wp-json\/wp\/v2\/posts\/10991\/revisions"}],"wp:featuredmedia":[{"embeddable":true,"href":"https:\/\/latinoamerica21.com\/pt-br\/wp-json\/wp\/v2\/media\/10984"}],"wp:attachment":[{"href":"https:\/\/latinoamerica21.com\/pt-br\/wp-json\/wp\/v2\/media?parent=10991"}],"wp:term":[{"taxonomy":"category","embeddable":true,"href":"https:\/\/latinoamerica21.com\/pt-br\/wp-json\/wp\/v2\/categories?post=10991"},{"taxonomy":"post_tag","embeddable":true,"href":"https:\/\/latinoamerica21.com\/pt-br\/wp-json\/wp\/v2\/tags?post=10991"},{"taxonomy":"gps","embeddable":true,"href":"https:\/\/latinoamerica21.com\/pt-br\/wp-json\/wp\/v2\/gps?post=10991"}],"curies":[{"name":"wp","href":"https:\/\/api.w.org\/{rel}","templated":true}]}}