{"id":11155,"date":"2022-07-06T09:00:00","date_gmt":"2022-07-06T12:00:00","guid":{"rendered":"https:\/\/latinoamerica21.com\/?p=11155"},"modified":"2022-07-06T17:20:25","modified_gmt":"2022-07-06T20:20:25","slug":"ha-que-escolher-entre-energia-e-meio-ambiente","status":"publish","type":"post","link":"https:\/\/latinoamerica21.com\/pt-br\/ha-que-escolher-entre-energia-e-meio-ambiente\/","title":{"rendered":"H\u00e1 que escolher entre energia e meio ambiente?"},"content":{"rendered":"\n<p><strong>Coautora Ana Paula Dalcin<\/strong><\/p>\n\n\n\n<p>A bacia do rio Paran\u00e1, a segunda maior do Brasil e a principal em gera\u00e7\u00e3o de energia hidrel\u00e9trica, conta com mais de 60 hidrel\u00e9tricas que abrigam 33% da capacidade de produ\u00e7\u00e3o de eletricidade de todo o pa\u00eds e respondem por metade da capacidade de armazenamento de \u00e1gua. Mas a opera\u00e7\u00e3o dos reservat\u00f3rios, necess\u00e1rios para controlar a gera\u00e7\u00e3o de energia hidrel\u00e9trica, afeta as fun\u00e7\u00f5es de reprodu\u00e7\u00e3o, alimenta\u00e7\u00e3o e ref\u00fagio de diferentes esp\u00e9cies aqu\u00e1ticas. Esta perda de diversidade tem sido prejudicial h\u00e1 anos, n\u00e3o s\u00f3 aos pescadores que veem seu sustento reduzido, mas a bacia como um todo, j\u00e1 que o impacto na biodiversidade afeta o ecossistema aqu\u00e1tico do rio Paran\u00e1.<\/p>\n\n\n\n<p>A bacia do rio Paran\u00e1 apresenta condi\u00e7\u00f5es de vulnerabilidade para garantir a seguran\u00e7a h\u00eddrica, energ\u00e9tica e alimentar, algo que ficou em evid\u00eancia pela seca que tem afetado a bacia nos \u00faltimos anos. \u00c0 medida que nossa demanda por \u00e1gua, energia e alimentos aumenta, a \u00e1gua torna-se mais escassa, e satisfazer \u00e0s necessidades da sociedade sem comprometer a qualidade do meio ambiente para as gera\u00e7\u00f5es futuras torna-se mais dif\u00edcil.<\/p>\n\n\n\n<p>Enfrentar este desafio depende n\u00e3o apenas do uso mais eficiente da \u00e1gua, mas sobretudo de como compartilhamos este recurso com as distintas demandas existentes, entre elas o pr\u00f3prio meio ambiente. A \u00e1gua dos rios, lagos e reservat\u00f3rios tamb\u00e9m \u00e9 necess\u00e1ria para manter vivos os ecossistemas que proporcionam recursos valiosos para a sociedade. Desde alimentos como peixe, at\u00e9 atividades recreativas e, inclusive, a limpeza da pr\u00f3pria \u00e1gua, realizada pelos organismos que nela vivem.<\/p>\n\n\n\n<p>Por outro lado, para as comunidades que vivem perto dos rios, a import\u00e2ncia desses recursos vai muito al\u00e9m, j\u00e1 que o rio \u00e9 uma fonte de sustento e identidade cultural que \u00e9 transmitida de gera\u00e7\u00e3o em gera\u00e7\u00e3o.<\/p>\n\n\n\n<p>Grande parte do nosso processo de desenvolvimento faz uso de recursos naturais com um conhecimento ainda limitado de como os ecossistemas s\u00e3o afetados. Em v\u00e1rias regi\u00f5es da Am\u00e9rica Latina e do mundo, este processo vem acumulando impactos que j\u00e1 comprometem o meio ambiente. A \u00e1gua se contamina, as popula\u00e7\u00f5es de peixes diminuem e a capacidade do meio ambiente como um todo de sustentar a vida \u00e9 posta em risco.<\/p>\n\n\n\n<p>Neste contexto, as comunidades pesqueiras da bacia do rio Paran\u00e1 v\u00eam relatando h\u00e1 anos a redu\u00e7\u00e3o da quantidade de peixes e seus impactos na subsist\u00eancia das fam\u00edlias que vivem desta atividade. Os pescadores informam que muitas vezes \u00e9 necess\u00e1rio buscar o peixe em zonas mais long\u00ednquas para complementar sua renda, o que tamb\u00e9m acaba aumentando os custos de combust\u00edvel e o esgotamento f\u00edsico dos pescadores.<\/p>\n\n\n\n<p>Condi\u00e7\u00f5es como estas fazem com que muitas fam\u00edlias abandonem a pesca e busquem o sustento em outras atividades. Dos quase 1.200 membros reportados pela associa\u00e7\u00e3o de pescadores na cidade de Porto Rico, Paran\u00e1, em 2010, esse n\u00famero caiu para apenas 384 membros em 2019.<\/p>\n\n\n\n<p><strong>A miss\u00e3o mais importante da gest\u00e3o dos recursos h\u00eddricos<\/strong><\/p>\n\n\n\n<p>Cabe aos organismos que gerenciam a \u00e1gua, aos \u00f3rg\u00e3os de planejamento e comit\u00eas de bacias engajar a sociedade para debater, negociar e buscar um consenso que identifique solu\u00e7\u00f5es para alcan\u00e7ar os objetivos comuns. O resultado deste trabalho participativo \u00e9 a base sobre a qual devem ser criadas pol\u00edticas p\u00fablicas eficazes.<\/p>\n\n\n\n<p>Neste sentido, o projeto de pesquisa transdisciplinar,&nbsp;<a href=\"https:\/\/www.iai.int\/index.php\/en\/post\/detail\/improving-the-governance-of-the-floodplain-in-over-built-river-basins\"><em>Improving the governance of the floodplain in over-built river basins<\/em><\/a>, coordenado pela Universidade Federal do Rio Grande do Sul\/Instituto de Pesquisas Hidr\u00e1ulicas no Brasil, identificou uma extensa cadeia de rela\u00e7\u00f5es causais entre os recursos h\u00eddricos da bacia do Paran\u00e1 e os m\u00faltiplos usos energ\u00e9ticos, ecossist\u00eamicos, pesqueiros e recreativos, e criou m\u00e9todos e solu\u00e7\u00f5es que ajudar\u00e3o a construir caminhos de adapta\u00e7\u00e3o, conciliando os diferentes usos da \u00e1gua e do meio ambiente em benef\u00edcio da sociedade.<\/p>\n\n\n\n<p>Esses usos da \u00e1gua impactam positivamente a sociedade: desde as comunidades locais que dependem da pesca para sua subsist\u00eancia, at\u00e9 os milh\u00f5es de pessoas no Brasil e no Paraguai que s\u00e3o atendidos por eletricidade de uma fonte renov\u00e1vel (hidrel\u00e9trica) gra\u00e7as a um sistema interconectado \u00e0 escala nacional.<\/p>\n\n\n\n<p>Os resultados do estudo mostram que em sistemas complexos como o Paran\u00e1 n\u00e3o h\u00e1 uma solu\u00e7\u00e3o \u00fanica, mas um universo de possibilidades e resultados diferentes. \u00c9 poss\u00edvel combinar diferentes padr\u00f5es de fluxo liberados pelos reservat\u00f3rios e atender as demandas dos peixes, reduzindo o impacto sobre eles.<\/p>\n\n\n\n<p>Como cada combina\u00e7\u00e3o tamb\u00e9m reflete na quantidade de energia produzida pelos reservat\u00f3rios, \u00e9 poss\u00edvel explorar este resultado para encontrar solu\u00e7\u00f5es alternativas de aloca\u00e7\u00e3o de \u00e1gua que satisfa\u00e7am tanto a demanda local de pesca, turismo e recrea\u00e7\u00e3o, como as necessidades de prote\u00e7\u00e3o da biodiversidade na bacia do Paran\u00e1, e as necessidades nacionais de energia renov\u00e1vel e acess\u00edvel.<\/p>\n\n\n\n<p>Ademais, ao dispor de um maior n\u00famero de solu\u00e7\u00f5es alternativas, o processo de negocia\u00e7\u00e3o torna-se menos conflitivo, o que aumenta as possibilidades de alcan\u00e7ar solu\u00e7\u00f5es eficazes para a recupera\u00e7\u00e3o ambiental da bacia sem um custo energ\u00e9tico muito elevado.<\/p>\n\n\n\n<p>As solu\u00e7\u00f5es para estes problemas s\u00e3o urgentes e requerem estrat\u00e9gias de longo prazo para que a bacia se adapte. De fato, segundo o mesmo estudo, os cen\u00e1rios de mudan\u00e7a clim\u00e1tica indicam uma redu\u00e7\u00e3o m\u00e9dia nos fluxos de entre 7 e 40%, o que reduziria n\u00e3o apenas a gera\u00e7\u00e3o de energia, mas tamb\u00e9m se traduziria em menos \u00e1gua dispon\u00edvel para as demandas dos peixes.<\/p>\n\n\n\n<p>A seca de 2020-2021 na bacia do Paran\u00e1 corroborou esta preocupa\u00e7\u00e3o, na medida em que os fluxos liberados de alguns reservat\u00f3rios foram reduzidos para preservar o armazenamento e manter a gera\u00e7\u00e3o hidrel\u00e9trica em um per\u00edodo de baixos estoques de energia no pa\u00eds. Para melhor enfrentar eventos futuros dessa natureza, podem ser avaliadas estrat\u00e9gias de funcionamento do sistema que melhorem o atendimento a algumas das demandas do peixes, permitindo que as popula\u00e7\u00f5es dos mesmos se recuperem a longo prazo, tornando o ecossistema mais resistente para suportar o impacto da pr\u00f3xima seca, quando o funcionamento dos reservat\u00f3rios for modificado para manter a seguran\u00e7a energ\u00e9tica do pa\u00eds (essa \u00e9 a principal prioridade). Os estudos desenvolvidos neste projeto trazem solu\u00e7\u00f5es que contribuem n\u00e3o apenas para essa avalia\u00e7\u00e3o, mas tamb\u00e9m para apoiar pol\u00edticas energ\u00e9ticas que explorem outras fontes de gera\u00e7\u00e3o e armazenamento de energia, reduzindo a press\u00e3o sobre as bacias hidrogr\u00e1ficas.<\/p>\n\n\n\n<p>Em conclus\u00e3o, os reservat\u00f3rios s\u00e3o infraestruturas chave para nossa adapta\u00e7\u00e3o \u00e0s mudan\u00e7as provocadas pelo clima e pelo ser humano. Embora sua constru\u00e7\u00e3o e funcionamento tenham impactos ambientais, muitos dos quais ainda temos que mitigar, os mesmos proporcionam uma importante capacidade de armazenamento de \u00e1gua que ser\u00e1 fundamental para nos ajudar a proteger os ecossistemas dos efeitos das mudan\u00e7as clim\u00e1ticas que tornam a \u00e1gua mais escassa, incerta e vari\u00e1vel.<\/p>\n\n\n\n<p>\u00c9 poss\u00edvel otimizar o funcionamento dos reservat\u00f3rios para reduzir os riscos \u00e0 produ\u00e7\u00e3o de energia e criar oportunidades para manter os fluxos requeridos pelos peixes durante os meses importantes de sua reprodu\u00e7\u00e3o.<\/p>\n\n\n\n<p>Entretanto, isso requer coordenar as pol\u00edticas de \u00e1gua, meio ambiente, energia e sociais, j\u00e1 que necessitamos da \u00e1gua para manter a vida nos rios, gerar eletricidade, fornecer alimentos \u00e0s cidades e comunidades locais, assim como tamb\u00e9m precisamos de energia para produzir alimentos e ampliar as oportunidades de desenvolvimento das regi\u00f5es econ\u00f4mica e socialmente vulner\u00e1veis.<\/p>\n\n\n\n<p>Essa forte conex\u00e3o entre os diferentes fatores deixa claro que uma pol\u00edtica s\u00f3 ter\u00e1 sucesso em uma destes \u00e2mbitos se integrada para ter sucesso tamb\u00e9m nas outras.<\/p>\n\n\n\n<p><sub>Ana Paula Dalcin \u00e9 doutoranda do Programa de P\u00f3s Gradua\u00e7\u00e3o em Recursos H\u00eddricos e Saneamento Ambiental IPH\/UFRGS.<\/sub><\/p>\n","protected":false},"excerpt":{"rendered":"<p>Coautora Ana Paula Dalcin<br \/>\nA bacia do rio Paran\u00e1, a segunda maior do Brasil, tem 40% da capacidade de produ\u00e7\u00e3o de eletricidade do pa\u00eds. Mas a opera\u00e7\u00e3o dos reservat\u00f3rios tamb\u00e9m afeta o ecossistema aqu\u00e1tico do rio. <\/p>\n","protected":false},"author":344,"featured_media":11140,"comment_status":"closed","ping_status":"closed","sticky":false,"template":"","format":"standard","meta":{"_acf_changed":false,"episode_type":"","audio_file":"","cover_image":"","cover_image_id":"","duration":"","filesize":"","filesize_raw":"","date_recorded":"","explicit":"","block":"","itunes_episode_number":"","itunes_title":"","itunes_season_number":"","itunes_episode_type":"","footnotes":""},"categories":[16897,16751,14456,546],"tags":[],"gps":[],"class_list":{"0":"post-11155","1":"post","2":"type-post","3":"status-publish","4":"format-standard","5":"has-post-thumbnail","7":"category-cambio-climatico-pt-br","8":"category-medioambiente-pt-br","9":"category-meio-ambiente","10":"category-sociedad-br"},"acf":[],"_links":{"self":[{"href":"https:\/\/latinoamerica21.com\/pt-br\/wp-json\/wp\/v2\/posts\/11155","targetHints":{"allow":["GET"]}}],"collection":[{"href":"https:\/\/latinoamerica21.com\/pt-br\/wp-json\/wp\/v2\/posts"}],"about":[{"href":"https:\/\/latinoamerica21.com\/pt-br\/wp-json\/wp\/v2\/types\/post"}],"author":[{"embeddable":true,"href":"https:\/\/latinoamerica21.com\/pt-br\/wp-json\/wp\/v2\/users\/344"}],"replies":[{"embeddable":true,"href":"https:\/\/latinoamerica21.com\/pt-br\/wp-json\/wp\/v2\/comments?post=11155"}],"version-history":[{"count":0,"href":"https:\/\/latinoamerica21.com\/pt-br\/wp-json\/wp\/v2\/posts\/11155\/revisions"}],"wp:featuredmedia":[{"embeddable":true,"href":"https:\/\/latinoamerica21.com\/pt-br\/wp-json\/wp\/v2\/media\/11140"}],"wp:attachment":[{"href":"https:\/\/latinoamerica21.com\/pt-br\/wp-json\/wp\/v2\/media?parent=11155"}],"wp:term":[{"taxonomy":"category","embeddable":true,"href":"https:\/\/latinoamerica21.com\/pt-br\/wp-json\/wp\/v2\/categories?post=11155"},{"taxonomy":"post_tag","embeddable":true,"href":"https:\/\/latinoamerica21.com\/pt-br\/wp-json\/wp\/v2\/tags?post=11155"},{"taxonomy":"gps","embeddable":true,"href":"https:\/\/latinoamerica21.com\/pt-br\/wp-json\/wp\/v2\/gps?post=11155"}],"curies":[{"name":"wp","href":"https:\/\/api.w.org\/{rel}","templated":true}]}}