{"id":1119,"date":"2017-02-09T17:40:46","date_gmt":"2017-02-09T20:40:46","guid":{"rendered":"http:\/\/latinoamerica21.com\/?p=1119"},"modified":"2022-12-15T06:25:38","modified_gmt":"2022-12-15T09:25:38","slug":"o-aumento-da-percepcao-da-corrupcao-na-america-latina-e-uma-boa-noticia","status":"publish","type":"post","link":"https:\/\/latinoamerica21.com\/pt-br\/o-aumento-da-percepcao-da-corrupcao-na-america-latina-e-uma-boa-noticia\/","title":{"rendered":"O aumento da percep\u00e7\u00e3o da corrup\u00e7\u00e3o: uma boa not\u00edcia"},"content":{"rendered":"\n<p>De acordo com o \u00cdndice de Percep\u00e7\u00e3o da\nCorrup\u00e7\u00e3o recentemente publicado pela Transpar\u00eancia Internacional, a corrup\u00e7\u00e3o\naumentou no ano passado na Am\u00e9rica Latina. O retrocesso foi not\u00e1vel em 11\npa\u00edses, o M\u00e9xico registrou a maior queda e a Venezuela consolidou sua posi\u00e7\u00e3o\ncomo um dos pa\u00edses mais corruptos do mundo. Em 2016, os latino-americanos\ntestemunharam o vazamento dos Panama Papers e a revela\u00e7\u00e3o do caso Odebrecht,\ndois dos maiores esc\u00e2ndalos da hist\u00f3ria.<\/p>\n\n\n\n<p>Apenas cinco meses ap\u00f3s a pris\u00e3o do\nex-presidente guatemalteco Otto P\u00e9rez Molina por liderar uma rede de fraude\naduaneira em seu pa\u00eds, Marcelo Odebrecht, ex-presidente da maior empresa de\nconstru\u00e7\u00e3o da Am\u00e9rica Latina, foi condenado a quase 20 anos de pris\u00e3o em mar\u00e7o\nde 2016. Depois de negociar o maior acordo de dela\u00e7\u00e3o premiada da hist\u00f3ria com\n77 executivos da empresa, o relat\u00f3rio do Departamento de Justi\u00e7a dos EUA foi publicado\nem 22 de dezembro. Neste documento, representantes de empresas explicam como,\ndurante 15 anos, pagaram cerca de US$ 800 milh\u00f5es em subornos para adquirir\ncontratos de mais de 100 projetos em 12 pa\u00edses latino-americanos.<\/p>\n\n\n\n<p>Al\u00e9m das repercuss\u00f5es que teve no Brasil, o\nacordo tornou-se uma amea\u00e7a para a classe pol\u00edtica dos pa\u00edses envolvidos.\nEmbora o Departamento de Justi\u00e7a dos EUA ainda n\u00e3o tenha divulgado os nomes dos\nenvolvidos fora do Brasil, promotores e governos da Venezuela, Rep\u00fablica\nDominicana, Panam\u00e1, Argentina, Equador, Peru, Guatemala, Col\u00f4mbia e M\u00e9xico anunciaram\nque iniciar\u00e3o investiga\u00e7\u00f5es.<\/p>\n\n\n\n<p>No Peru as repercuss\u00f5es foram praticamente imediatas\ne a promotoria j\u00e1 pediu a pris\u00e3o do ex-presidente Alejandro Toledo que \u00e9\nacusado de ter recebido 20 milh\u00f5es de d\u00f3lares em subornos. Al\u00e9m do sucessor de\nFujimori &#8211; tamb\u00e9m preso por corrup\u00e7\u00e3o &#8211; o caso pode amea\u00e7ar todos os ex-presidentes\nperuanos desde o retorno \u00e0 democracia.<\/p>\n\n\n\n<p>A Col\u00f4mbia \u00e9 outro pa\u00eds que vive um terremoto\npol\u00edtico. Tanto a campanha eleitoral do presidente Santos quanto a do\nex-ministro da Fazenda \u00d3scar Iv\u00e1n Zuluaga, candidato do Centro Democr\u00e1tico de Uribe,\nest\u00e3o sob investiga\u00e7\u00e3o por suposto financiamento ilegal. At\u00e9 agora, o\nex-ministro dos Transportes de \u00c1lvaro Uribe, Gabriel Garc\u00eda, e o ex-senador\nOtto Nicol\u00e1s Bula foram presos por receberem mais de US$ 11 milh\u00f5es em\nsubornos. <\/p>\n\n\n\n<p>Neste momento, as primeiras acusa\u00e7\u00f5es est\u00e3o vindo\n\u00e0 luz. No entanto, os documentos divulgados at\u00e9 agora s\u00f3 podem ser a ponta do iceberg.\nAlguns dos principais executivos da empresa ainda n\u00e3o declararam e, portanto, h\u00e1\numa grande expectativa de que os esc\u00e2ndalos continuar\u00e3o a ser descobertos.<\/p>\n\n\n\n<p>No dia 9 de maio, quando Marcelo Odebrecht\nestava preso h\u00e1 apenas dois meses, os jornais de todo o mundo amanheceram com a\nmanchete do Panama Pepers. Atrav\u00e9s do Cons\u00f3rcio Internacional de Jornalistas,\n11,5 milh\u00f5es de documentos confidenciais do fornecedor de servi\u00e7os corporativos\nMossack Fonseca foram vazados, com dados financeiros de seus clientes. A\ninforma\u00e7\u00e3o afetou dezenas de l\u00edderes mundiais e figuras p\u00fablicas de todo o\nmundo com liga\u00e7\u00f5es a estruturas financeiras opacas em para\u00edsos fiscais que\npermitem a evas\u00e3o fiscal.<\/p>\n\n\n\n<p>Embora seja um estudo realizado no Panam\u00e1, os\ndocumentos vazados cont\u00eam informa\u00e7\u00f5es que afetam clientes em todo o mundo, de\nmodo que um grande n\u00famero de latino-americanos, incluindo pol\u00edticos e\nempres\u00e1rios, foram afetados. Na Argentina, por exemplo, os documentos ligavam o\npr\u00f3prio Presidente Macri a uma empresa offshore registrada nas Bahamas. No\nBrasil, pol\u00edticos de seis partidos estavam ligados a esse tipo de empresa. E no\nEquador, o principal nome citado foi o de Pedro Miguel Delgado Campa\u00f1a,\nex-governador do Banco Central e primo do ex-presidente Rafael Correa.<\/p>\n\n\n\n<blockquote class=\"wp-block-quote is-layout-flow wp-block-quote-is-layout-flow\">\n<p>Esta onda de acusa\u00e7\u00f5es e julgamentos faz de 2016 um ano \u00edcone da corrup\u00e7\u00e3o na regi\u00e3o, uma vez que tantas pessoas pr\u00f3ximas ao poder em tantos pa\u00edses ao mesmo tempo nunca foram acusadas. <\/p>\n<\/blockquote>\n\n\n\n<p>Esta onda de acusa\u00e7\u00f5es e julgamentos faz de\n2016 um ano \u00edcone da corrup\u00e7\u00e3o na regi\u00e3o, uma vez que tantas pessoas pr\u00f3ximas\nao poder em tantos pa\u00edses ao mesmo tempo nunca foram acusadas. \u00c9 por isso que a\npercep\u00e7\u00e3o que os latino-americanos t\u00eam da corrup\u00e7\u00e3o aumentou.<\/p>\n\n\n\n<p>No entanto, isto n\u00e3o significa que a pr\u00f3pria\ncorrup\u00e7\u00e3o tenha aumentado. Na verdade, a maioria dos atos n\u00e3o aconteceu no\n\u00faltimo ano. No caso da Odebrecht, o pagamento de propinas se espalhou por mais\nde 15 anos e alguns dos casos que vieram \u00e0 tona como resultado do vazamento do\nPanama Papers datam da d\u00e9cada de 1970. O que aconteceu \u00e9 que a press\u00e3o dos\ncidad\u00e3os, das institui\u00e7\u00f5es judiciais e de algumas organiza\u00e7\u00f5es internacionais\nacabou descobrindo o que vem se acumulando h\u00e1 d\u00e9cadas. <\/p>\n\n\n\n<p>De acordo com a Transpar\u00eancia Internacional, a divulga\u00e7\u00e3o de hist\u00f3rias de corrup\u00e7\u00e3o na regi\u00e3o \u00e9 um sinal de que os pa\u00edses est\u00e3o combatendo esse fen\u00f4meno. E enquanto os cidad\u00e3os ficam cada vez mais irritados com cada novo epis\u00f3dio, as possibilidades de roubar e n\u00e3o pagar s\u00e3o cada vez mais escassas.<\/p>\n\n\n\n<p><em>Foto de Surizar em Trendhype \/ CC BY-NC<\/em><\/p>\n","protected":false},"excerpt":{"rendered":"<p>De acordo com o \u00cdndice de Percep\u00e7\u00e3o da Corrup\u00e7\u00e3o recentemente publicado pela Transpar\u00eancia Internacional, a corrup\u00e7\u00e3o aumentou no ano passado na Am\u00e9rica Latina. O retrocesso foi not\u00e1vel em 11 pa\u00edses, o M\u00e9xico registrou a maior queda e a Venezuela consolidou sua posi\u00e7\u00e3o como um dos pa\u00edses mais corruptos do mundo. <\/p>\n","protected":false},"author":2,"featured_media":938,"comment_status":"closed","ping_status":"closed","sticky":false,"template":"","format":"standard","meta":{"_acf_changed":false,"episode_type":"","audio_file":"","cover_image":"","cover_image_id":"","duration":"","filesize":"","filesize_raw":"","date_recorded":"","explicit":"","block":"","itunes_episode_number":"","itunes_title":"","itunes_season_number":"","itunes_episode_type":"","footnotes":""},"categories":[16738,16714,16717,14371,544],"tags":[],"gps":[],"class_list":{"0":"post-1119","1":"post","2":"type-post","3":"status-publish","4":"format-standard","5":"has-post-thumbnail","7":"category-peru-pt-br","8":"category-corrupcion-pt-br","9":"category-colombia-pt-br","10":"category-corrupcao","11":"category-politica-br"},"acf":[],"_links":{"self":[{"href":"https:\/\/latinoamerica21.com\/pt-br\/wp-json\/wp\/v2\/posts\/1119","targetHints":{"allow":["GET"]}}],"collection":[{"href":"https:\/\/latinoamerica21.com\/pt-br\/wp-json\/wp\/v2\/posts"}],"about":[{"href":"https:\/\/latinoamerica21.com\/pt-br\/wp-json\/wp\/v2\/types\/post"}],"author":[{"embeddable":true,"href":"https:\/\/latinoamerica21.com\/pt-br\/wp-json\/wp\/v2\/users\/2"}],"replies":[{"embeddable":true,"href":"https:\/\/latinoamerica21.com\/pt-br\/wp-json\/wp\/v2\/comments?post=1119"}],"version-history":[{"count":0,"href":"https:\/\/latinoamerica21.com\/pt-br\/wp-json\/wp\/v2\/posts\/1119\/revisions"}],"wp:featuredmedia":[{"embeddable":true,"href":"https:\/\/latinoamerica21.com\/pt-br\/wp-json\/wp\/v2\/media\/938"}],"wp:attachment":[{"href":"https:\/\/latinoamerica21.com\/pt-br\/wp-json\/wp\/v2\/media?parent=1119"}],"wp:term":[{"taxonomy":"category","embeddable":true,"href":"https:\/\/latinoamerica21.com\/pt-br\/wp-json\/wp\/v2\/categories?post=1119"},{"taxonomy":"post_tag","embeddable":true,"href":"https:\/\/latinoamerica21.com\/pt-br\/wp-json\/wp\/v2\/tags?post=1119"},{"taxonomy":"gps","embeddable":true,"href":"https:\/\/latinoamerica21.com\/pt-br\/wp-json\/wp\/v2\/gps?post=1119"}],"curies":[{"name":"wp","href":"https:\/\/api.w.org\/{rel}","templated":true}]}}