{"id":11755,"date":"2022-08-09T15:00:00","date_gmt":"2022-08-09T18:00:00","guid":{"rendered":"https:\/\/latinoamerica21.com\/?p=11755"},"modified":"2022-08-10T09:37:36","modified_gmt":"2022-08-10T12:37:36","slug":"panama-necessita-de-uma-politica-melhor-para-sair-da-crise","status":"publish","type":"post","link":"https:\/\/latinoamerica21.com\/pt-br\/panama-necessita-de-uma-politica-melhor-para-sair-da-crise\/","title":{"rendered":"Panam\u00e1 necessita de uma pol\u00edtica melhor para sair da crise"},"content":{"rendered":"\n<p>No m\u00eas de julho, em meio a uma calma tensa na regi\u00e3o, no Panam\u00e1, um dos lugares menos esperados por sua estabilidade pol\u00edtica, irrompeu um potente protesto pelo aumento dos pre\u00e7os dos combust\u00edveis, alimentos e rem\u00e9dios. As mobiliza\u00e7\u00f5es paralisaram o tr\u00e1fego em v\u00e1rias partes do pa\u00eds durante v\u00e1rios dias, impedindo o transporte de mercadorias, o que gerou o desabastecimento de v\u00e1rios produtos.<\/p>\n\n\n\n<p><strong>Um massivo e heterog\u00eaneo apoio aos protestos<\/strong><\/p>\n\n\n\n<p>Apesar do impacto econ\u00f4mico, tr\u00eas em cada quatro pessoas apoiam as mobiliza\u00e7\u00f5es, segundo uma pesquisa online realizada pelo Centro Internacional de Estudos Pol\u00edticos e Sociais, AIP do Panam\u00e1 (CIEPS). Este apoio contrasta com os dados do<a href=\"https:\/\/www.latinobarometro.org\/latContents.jsp\"> \u00faltimo relat\u00f3rio Latinobar\u00f3metro<\/a>, que afirma que nove em cada dez pessoas nunca participariam de um protesto n\u00e3o autorizado. Esta contradi\u00e7\u00e3o define o protesto como um acontecimento inesperado e incomum no pa\u00eds.<\/p>\n\n\n\n<p>Os protestos t\u00eam sido protagonizados por uma pluralidade de atores como sindicatos e movimentos sociais que incluem m\u00e9dicos, professores, trabalhadores da constru\u00e7\u00e3o civil, estudantes e grupos ind\u00edgenas. Embora as reivindica\u00e7\u00f5es sejam lideradas pela Alian\u00e7a Nacional pelos Direitos dos Povos (ANADEPO), uma organiza\u00e7\u00e3o que representa 20 grupos de docentes, trabalhadores do campo, pescadores, trabalhadores do transporte e estudantes, outros grupos como a Coordena\u00e7\u00e3o Nacional dos Povos Ind\u00edgenas (COONAPIP) e o Sindicato \u00danico dos Trabalhadores da Constru\u00e7\u00e3o Civil (SUNTRACS) tamb\u00e9m participam.<\/p>\n\n\n\n<p>Estes atores constituem uma rede heterog\u00eanea que aglutina diferentes demandas, \u00e0 maneira da \u201cmultid\u00e3o\u201d descrita por Antonio Negri e Michael Hard. Frente a esta multid\u00e3o, o governo decidiu abrir v\u00e1rias mesas de di\u00e1logo para atender \u00e0s diferentes demandas em diferentes localiza\u00e7\u00f5es. No entanto, a estrat\u00e9gia fracassou e o governo teve que abandon\u00e1-la.<\/p>\n\n\n\n<p>Ap\u00f3s tr\u00eas semanas de protestos, com a media\u00e7\u00e3o da igreja, as partes puderam sentar-se em uma \u00fanica mesa de di\u00e1logo, n\u00e3o sem seus altos e baixos, conflitos e controv\u00e9rsias, mas tentando restaurar a normalidade pol\u00edtica.<\/p>\n\n\n\n<p><strong>As causas dos protestos<\/strong><\/p>\n\n\n\n<p>O gatilho conjuntural dos protestos foi o aumento dos pre\u00e7os da gasolina, dos alimentos e dos rem\u00e9dios, mas segundo os dados da pesquisa do CIEPS, <a href=\"https:\/\/cieps.org.pa\/\">a corrup\u00e7\u00e3o \u00e9 o problema de fundo que desencadeou os protestos<\/a>. Mais de seis em cada dez pessoas acreditam nisso, enquanto o resto opina que o principal motivo \u00e9 o custo de vida. De fato, desde meados de 2020, diferentes pesquisas t\u00eam sido realizadas pelo CIEPS e em todos os casos a corrup\u00e7\u00e3o figurou como o principal problema da sociedade panamenha.<\/p>\n\n\n\n<p>A corrup\u00e7\u00e3o \u00e9 atualmente o grande dilema da pol\u00edtica panamenha. Pode ser definido como um processo que unifica uma pluralidade de demandas insatisfeitas, produto de clientelismo, m\u00e1 administra\u00e7\u00e3o de fundos p\u00fablicos, escassez, iniquidade, inefici\u00eancia, \u201c<a href=\"https:\/\/www.bbc.com\/mundo\/noticias-america-latina-48138161\">el juega vivo<\/a>\u201d, etc. Esta diversidade de fatores se une sob o guarda-chuva da corrup\u00e7\u00e3o.<\/p>\n\n\n\n<p>Os dados apontam o aumento dos pre\u00e7os como \u201ca ponta do iceberg\u201d, mas a aten\u00e7\u00e3o insuficiente \u00e0s demandas cidad\u00e3s, bem como a gest\u00e3o clientelista dos fundos p\u00fablicos constituem os problemas de fundo. Mas h\u00e1 outro grande \u201cpassivo\u201d que tem recebido menos aten\u00e7\u00e3o: a falta de pol\u00edtica.<\/p>\n\n\n\n<p>Desde 2017, o Banco Mundial (BM) incluiu o Panam\u00e1 na <a href=\"https:\/\/elcapitalfinanciero.com\/panama-ingresa-a-lista-de-paises-de-altos-ingresos\/\">lista de pa\u00edses de alta renda<\/a>, superando a renda nacional bruta per capita de $12.055, um n\u00famero que o aproximou dos pa\u00edses do Leste Europeu. Entre 2004 e 2018 o Panam\u00e1 teve <a href=\"https:\/\/publications.iadb.org\/es\/la-desigualdad-de-panama-su-caracter-territorial-y-el-papel-de-las-inversiones-publicas\">um crescimento m\u00e9dio de 7,0%<\/a> frente aos 3,3% da Am\u00e9rica Latina, este crescimento impressionante possibilitou um avan\u00e7o qualitativo e quantitativo do pa\u00eds, mas tamb\u00e9m deixa algumas \u201csombras\u201d, como a incapacidade de reverter o alto grau de inequidade econ\u00f4mica, segundo <a href=\"https:\/\/repositorio.cepal.org\/bitstream\/handle\/11362\/46437\/1\/S2000664_es.pdf\">dados da CEPAL<\/a>, e a persist\u00eancia de tratamento desigual de diferentes grupos humanos, o que se traduz em 82,4% das pessoas considerando que existe discrimina\u00e7\u00e3o no Panam\u00e1.<\/p>\n\n\n\n<p>O modelo de desenvolvimento panamenho postergou estes assuntos seguindo \u201cum crescimento econ\u00f4mico \u00e0s custas da pol\u00edtica\u201d, como afirmam os especialistas Harry Brown e Clara In\u00e9s Luna. Um modelo com um desempenho macroecon\u00f4mico exitoso, mas que atualmente se encontra em uma conjuntura econ\u00f4mica muito complicada ap\u00f3s a maior queda em sua hist\u00f3ria para conter a pandemia em 2020, tendo que enfrentar uma d\u00edvida social hist\u00f3rica.<\/p>\n\n\n\n<p>O momento da pol\u00edtica chegou de forma abrupta diante elites e grupos de poder acostumados aos pactos e consensos em uma pol\u00edtica que tem sido caracterizada como \u201cde transi\u00e7\u00e3o\u201d. O modelo atual j\u00e1 n\u00e3o tem capacidade para abordar o dissenso e o antagonismo. A irrup\u00e7\u00e3o da pol\u00edtica e o imperativo de transform\u00e1-la em uma arte de tornar poss\u00edvel o necess\u00e1rio \u00e9 uma das grandes provas que a sociedade panamenha ter\u00e1. E isto n\u00e3o se resolver\u00e1 com novas e criativas solu\u00e7\u00f5es t\u00e9cnicas, mas com solu\u00e7\u00f5es pol\u00edticas que abordem as profundas assimetrias sofridas pelos cidad\u00e3os panamenhos.<\/p>\n","protected":false},"excerpt":{"rendered":"<p>O gatilho conjuntural das manifesta\u00e7\u00f5es foi o aumento dos pre\u00e7os da gasolina, dos alimentos e dos medicamentos, mas segundo os dados da pesquisa do CIEPS, a corrup\u00e7\u00e3o \u00e9 o problema de fundo que as desencadeou. <\/p>\n","protected":false},"author":363,"featured_media":11752,"comment_status":"closed","ping_status":"closed","sticky":false,"template":"","format":"standard","meta":{"_acf_changed":false,"episode_type":"","audio_file":"","cover_image":"","cover_image_id":"","duration":"","filesize":"","filesize_raw":"","date_recorded":"","explicit":"","block":"","itunes_episode_number":"","itunes_title":"","itunes_season_number":"","itunes_episode_type":"","footnotes":""},"categories":[16755,16936,16714,14371,14376,546],"tags":[],"gps":[],"class_list":{"0":"post-11755","1":"post","2":"type-post","3":"status-publish","4":"format-standard","5":"has-post-thumbnail","7":"category-crisis-politica-pt-br","8":"category-panama-es-pt-br","9":"category-corrupcion-pt-br","10":"category-corrupcao","11":"category-crise-politica","12":"category-sociedad-br"},"acf":[],"_links":{"self":[{"href":"https:\/\/latinoamerica21.com\/pt-br\/wp-json\/wp\/v2\/posts\/11755","targetHints":{"allow":["GET"]}}],"collection":[{"href":"https:\/\/latinoamerica21.com\/pt-br\/wp-json\/wp\/v2\/posts"}],"about":[{"href":"https:\/\/latinoamerica21.com\/pt-br\/wp-json\/wp\/v2\/types\/post"}],"author":[{"embeddable":true,"href":"https:\/\/latinoamerica21.com\/pt-br\/wp-json\/wp\/v2\/users\/363"}],"replies":[{"embeddable":true,"href":"https:\/\/latinoamerica21.com\/pt-br\/wp-json\/wp\/v2\/comments?post=11755"}],"version-history":[{"count":0,"href":"https:\/\/latinoamerica21.com\/pt-br\/wp-json\/wp\/v2\/posts\/11755\/revisions"}],"wp:featuredmedia":[{"embeddable":true,"href":"https:\/\/latinoamerica21.com\/pt-br\/wp-json\/wp\/v2\/media\/11752"}],"wp:attachment":[{"href":"https:\/\/latinoamerica21.com\/pt-br\/wp-json\/wp\/v2\/media?parent=11755"}],"wp:term":[{"taxonomy":"category","embeddable":true,"href":"https:\/\/latinoamerica21.com\/pt-br\/wp-json\/wp\/v2\/categories?post=11755"},{"taxonomy":"post_tag","embeddable":true,"href":"https:\/\/latinoamerica21.com\/pt-br\/wp-json\/wp\/v2\/tags?post=11755"},{"taxonomy":"gps","embeddable":true,"href":"https:\/\/latinoamerica21.com\/pt-br\/wp-json\/wp\/v2\/gps?post=11755"}],"curies":[{"name":"wp","href":"https:\/\/api.w.org\/{rel}","templated":true}]}}