{"id":11791,"date":"2022-08-10T15:00:00","date_gmt":"2022-08-10T18:00:00","guid":{"rendered":"https:\/\/latinoamerica21.com\/?p=11791"},"modified":"2022-08-10T12:27:04","modified_gmt":"2022-08-10T15:27:04","slug":"financiamento-para-o-desenvolvimento-o-combustivel-da-integracao","status":"publish","type":"post","link":"https:\/\/latinoamerica21.com\/pt-br\/financiamento-para-o-desenvolvimento-o-combustivel-da-integracao\/","title":{"rendered":"Financiamento para o desenvolvimento: o combust\u00edvel da integra\u00e7\u00e3o"},"content":{"rendered":"\n<p>A integra\u00e7\u00e3o dos pa\u00edses anda sempre de m\u00e3os dadas com o seu desenvolvimento. A integra\u00e7\u00e3o f\u00edsica requer infraestruturas, estradas e portos. A integra\u00e7\u00e3o econ\u00f4mica requer pol\u00edticas e institui\u00e7\u00f5es comuns que tornem o processo simples e harmonioso. E para conseguir estas duas coisas, \u00e9 necess\u00e1rio financiamento. Um financiamento s\u00f3lido, est\u00e1vel, a salvo das conjunturas econ\u00f4micas e focado nas \u00e1reas e necessidades que, por seu tamanho ou complexidade, geralmente n\u00e3o s\u00e3o rent\u00e1veis para os bancos comerciais ou vi\u00e1veis para os bancos nacionais de desenvolvimento.<\/p>\n\n\n\n<p>Assim, para financiar <a href=\"https:\/\/latinoamerica21.com\/br\/mercosul-momento-de-consolidar-a-integracao\/\" target=\"_blank\" rel=\"noreferrer noopener\">a integra\u00e7\u00e3o entre pa\u00edses \u2013 e seu desenvolvimento \u2013<\/a> \u00e9 necess\u00e1ria uma institui\u00e7\u00e3o sem fins lucrativos, supranacional, com uma clara orienta\u00e7\u00e3o que possibilite os projetos que ajudem a materializar esses objetivos: a integra\u00e7\u00e3o e o desenvolvimento. O exemplo mais exitoso de uma institui\u00e7\u00e3o deste tipo \u00e9 o <a href=\"https:\/\/european-union.europa.eu\/institutions-law-budget\/institutions-and-bodies\/institutions-and-bodies-profiles\/eib_es\" target=\"_blank\" rel=\"noreferrer noopener\">Banco Europeu de Investimento (BEI)<\/a>, uma das maiores e mais importantes institui\u00e7\u00f5es financeiras supranacionais do mundo, tanto por suas realiza\u00e7\u00f5es quanto pelo volume de suas opera\u00e7\u00f5es.<\/p>\n\n\n\n<p>Os \u201cdonos\u201d do banco s\u00e3o todos os pa\u00edses membros da Uni\u00e3o Europeia, que aportam proporcionalmente ao capital do BEI, de acordo com a contribui\u00e7\u00e3o de cada um ao PIB global do bloco. Seus cr\u00e9ditos est\u00e3o fundamentalmente orientados a integra\u00e7\u00e3o, infraestrutura, mudan\u00e7a clim\u00e1tica, meio ambiente e PyMEs. E tem sido fundamental em respaldar a consolida\u00e7\u00e3o da Uni\u00e3o Europeia, especialmente em \u00e1reas e pa\u00edses com menores n\u00edveis de desenvolvimento.<\/p>\n\n\n\n<p>Sua s\u00f3lida classifica\u00e7\u00e3o de cr\u00e9dito (AAA, segundo as tr\u00eas principais ag\u00eancias de classifica\u00e7\u00e3o do mundo) explica que seu principal m\u00e9todo de capta\u00e7\u00e3o de fundos \u00e9 a emiss\u00e3o de t\u00edtulos. Estes fundos lhe permitem, por sua vez, acometer projetos que os Estados membros n\u00e3o podem acometer por conta pr\u00f3pria.<\/p>\n\n\n\n<p>Na Am\u00e9rica Latina, com suas luzes e sombras, o modelo de integra\u00e7\u00e3o mais avan\u00e7ado, com maior institucionalidade e com maior n\u00famero de habitantes na regi\u00e3o \u00e9 o MERCOSUL. A pergunta que me fa\u00e7o h\u00e1 algum tempo \u00e9&#8230; Podemos sonhar com um banco de investimentos independente ou uma ag\u00eancia financeira de desenvolvimento pr\u00f3pria, confi\u00e1vel e com voca\u00e7\u00e3o definitiva para enfrentar os desafios mais urgentes de nossa regi\u00e3o e nosso tempo?<\/p>\n\n\n\n<p>Acredito que sim. O MERCOSUL j\u00e1 acumula 30 anos de conquistas apesar de crises pol\u00edticas e financeiras regionais e globais, al\u00e9m de profundas transforma\u00e7\u00f5es sociais e pol\u00edticas em seus pa\u00edses membros. Isto s\u00f3 prova que nossa voca\u00e7\u00e3o para a integra\u00e7\u00e3o \u00e9 maior do que todos os desafios que enfrentamos e que n\u00e3o \u00e9 descabido sonhar com uma institui\u00e7\u00e3o que obtenha e distribua os recursos necess\u00e1rios para seguir avan\u00e7ando por este caminho.<\/p>\n\n\n\n<p>Do sonho derivam, naturalmente, a aproxima\u00e7\u00e3o com a realidade e a seguinte pergunta: o MERCOSUL precisa de uma institui\u00e7\u00e3o desse car\u00e1ter? A resposta, na minha opini\u00e3o, \u00e9 um evidente, retumbante e inequ\u00edvoco sim. As sequelas sociais e econ\u00f4micas da pandemia, a crise clim\u00e1tica e os desafios globais que o reajuste dos polos de poder global representa s\u00e3o evid\u00eancias de que devemos avan\u00e7ar para um modelo pr\u00f3prio de desenvolvimento e coopera\u00e7\u00e3o, no qual a solu\u00e7\u00e3o de nossos problemas atuais e as bases de nosso futuro dependem cada vez menos de fatores externos.<\/p>\n\n\n\n<p>A urg\u00eancia e a import\u00e2ncia dos desafios que teremos adiante s\u00e3o tamb\u00e9m uma oportunidade para a aud\u00e1cia, a criatividade e a inova\u00e7\u00e3o, tr\u00eas fatores que tamb\u00e9m temos em abund\u00e2ncia em nossa regi\u00e3o.<\/p>\n\n\n\n<p>Minha conclus\u00e3o \u00e9 que precisamos no MERCOSUL de uma fonte de financiamento pr\u00f3pria, confi\u00e1vel e segura para aprofundar a integra\u00e7\u00e3o, as comunica\u00e7\u00f5es, a log\u00edstica, os projetos de energias renov\u00e1veis e ambientais, desenvolvimento de software, biomedicina e que, sobretudo, aposte em reduzir as assimetrias econ\u00f4micas e sociais das regi\u00f5es ou pa\u00edses com menor desenvolvimento relativo.&nbsp;<\/p>\n\n\n\n<p>A integra\u00e7\u00e3o precisa de combust\u00edvel, e este poderia ser o caminho.<\/p>\n","protected":false},"excerpt":{"rendered":"<p>Para financiar a integra\u00e7\u00e3o entre pa\u00edses e seu desenvolvimento, falta uma institui\u00e7\u00e3o sem fins lucrativos, supranacional e com uma clara orienta\u00e7\u00e3o que torne poss\u00edvel os projetos que ajudem a materializar esses objetivos.<\/p>\n","protected":false},"author":325,"featured_media":11783,"comment_status":"closed","ping_status":"closed","sticky":false,"template":"","format":"standard","meta":{"_acf_changed":false,"episode_type":"","audio_file":"","cover_image":"","cover_image_id":"","duration":"","filesize":"","filesize_raw":"","date_recorded":"","explicit":"","block":"","itunes_episode_number":"","itunes_title":"","itunes_season_number":"","itunes_episode_type":"","footnotes":""},"categories":[16798],"tags":[],"gps":[],"class_list":{"0":"post-11791","1":"post","2":"type-post","3":"status-publish","4":"format-standard","5":"has-post-thumbnail","7":"category-mercosur-pt-br"},"acf":[],"_links":{"self":[{"href":"https:\/\/latinoamerica21.com\/pt-br\/wp-json\/wp\/v2\/posts\/11791","targetHints":{"allow":["GET"]}}],"collection":[{"href":"https:\/\/latinoamerica21.com\/pt-br\/wp-json\/wp\/v2\/posts"}],"about":[{"href":"https:\/\/latinoamerica21.com\/pt-br\/wp-json\/wp\/v2\/types\/post"}],"author":[{"embeddable":true,"href":"https:\/\/latinoamerica21.com\/pt-br\/wp-json\/wp\/v2\/users\/325"}],"replies":[{"embeddable":true,"href":"https:\/\/latinoamerica21.com\/pt-br\/wp-json\/wp\/v2\/comments?post=11791"}],"version-history":[{"count":0,"href":"https:\/\/latinoamerica21.com\/pt-br\/wp-json\/wp\/v2\/posts\/11791\/revisions"}],"wp:featuredmedia":[{"embeddable":true,"href":"https:\/\/latinoamerica21.com\/pt-br\/wp-json\/wp\/v2\/media\/11783"}],"wp:attachment":[{"href":"https:\/\/latinoamerica21.com\/pt-br\/wp-json\/wp\/v2\/media?parent=11791"}],"wp:term":[{"taxonomy":"category","embeddable":true,"href":"https:\/\/latinoamerica21.com\/pt-br\/wp-json\/wp\/v2\/categories?post=11791"},{"taxonomy":"post_tag","embeddable":true,"href":"https:\/\/latinoamerica21.com\/pt-br\/wp-json\/wp\/v2\/tags?post=11791"},{"taxonomy":"gps","embeddable":true,"href":"https:\/\/latinoamerica21.com\/pt-br\/wp-json\/wp\/v2\/gps?post=11791"}],"curies":[{"name":"wp","href":"https:\/\/api.w.org\/{rel}","templated":true}]}}