{"id":12111,"date":"2022-09-01T09:00:00","date_gmt":"2022-09-01T12:00:00","guid":{"rendered":"https:\/\/latinoamerica21.com\/?p=12111"},"modified":"2022-09-02T20:04:21","modified_gmt":"2022-09-02T23:04:21","slug":"a-guerra-da-ucrania-e-seu-impacto-na-seguranca-alimentar-na-america-latina","status":"publish","type":"post","link":"https:\/\/latinoamerica21.com\/pt-br\/a-guerra-da-ucrania-e-seu-impacto-na-seguranca-alimentar-na-america-latina\/","title":{"rendered":"A guerra da Ucr\u00e2nia e seu impacto na seguran\u00e7a alimentar da Am\u00e9rica Latina"},"content":{"rendered":"\n<p>A guerra entre R\u00fassia e Ucr\u00e2nia, que come\u00e7ou no final de fevereiro deste ano, teve fortes consequ\u00eancias n\u00e3o s\u00f3 na Europa, mas tamb\u00e9m em escala mundial. Essas consequ\u00eancias v\u00e3o desde a destrui\u00e7\u00e3o da economia e das obras da Ucr\u00e2nia, passando pela viola\u00e7\u00e3o dos direitos humanos da popula\u00e7\u00e3o (parte dela teve que fugir e buscar ref\u00fagio em outros pa\u00edses), at\u00e9 os efeitos que prejudicam os pr\u00f3prios russos, sua economia e suas rela\u00e7\u00f5es internacionais.<\/p>\n\n\n\n<p>Analisar, portanto, o novo tabuleiro geopol\u00edtico nos situa no meio das tens\u00f5es na Eur\u00e1sia, como parte das pretens\u00f5es expansionistas da R\u00fassia de retomar sua predomin\u00e2ncia sobre o territ\u00f3rio da Ucr\u00e2nia.<\/p>\n\n\n\n<p>Al\u00e9m do fato de a R\u00fassia considerar a Ucr\u00e2nia como seu lugar m\u00edtico, agrega-se a condi\u00e7\u00e3o geoestrat\u00e9gica que a torna o prot\u00f3tipo de Estado-pendular, prop\u00edcio para aproximar a R\u00fassia das \u00e1guas quentes do Mediterr\u00e2neo e dos mercados que conseguiu potencializar com v\u00e1rios membros da Uni\u00e3o Europeia (UE), principalmente no que concerne \u00e0 venda de hidrocarbonetos.<\/p>\n\n\n\n<p>Trata-se de uma situa\u00e7\u00e3o de confronto b\u00e9lico em que se mesclam as a\u00e7\u00f5es pr\u00f3prias da geopol\u00edtica cl\u00e1ssica, centradas no crescimento e na recupera\u00e7\u00e3o do espa\u00e7o vital (<em>lebensraum<\/em>). Tamb\u00e9m \u00e9 valorizado o controle sobre fronteiras e \u00e1reas geogr\u00e1ficas com enorme potencial, seja em mat\u00e9ria cultural ou produtiva. Entretanto, \u00e9 essencialmente favor\u00e1vel para conter qualquer tipo de amea\u00e7a que afete os crit\u00e9rios de seguran\u00e7a e defesa, como se observa no caso da R\u00fassia com rela\u00e7\u00e3o \u00e0 presen\u00e7a pr\u00f3xima da Organiza\u00e7\u00e3o do Tratado do Atl\u00e2ntico Norte (OTAN).<\/p>\n\n\n\n<p>Ao anterior se somam outras interpreta\u00e7\u00f5es sobre o mesmo conflito, que oferecem os postulados da geopol\u00edtica cr\u00edtica, que incluem outros agentes e fatores para an\u00e1lise. Neste caso, \u00e9 pertinente mencionar o papel das empresas dedicadas ao agroneg\u00f3cio e aos hidrocarbonetos, juntamente com as empresas transnacionais que se dedicam \u00e0 comercializa\u00e7\u00e3o de alimentos, mas sem deixar de lado as empresas dedicadas \u00e0 tecnologia de ponta utilizada, entre outras coisas, na supervis\u00e3o das \u00e1reas de cultivo mediante drones operados remotamente.<\/p>\n\n\n\n<p>Neste sentido, o foco na Ucr\u00e2nia como epicentro do conflito que incide neste redesenho do novo tabuleiro geopol\u00edtico mundial tornou-se um verdadeiro laborat\u00f3rio cujos efeitos chegam inclusive \u00e0 <a href=\"https:\/\/latinoamerica21.com\/br\/america-latina-e-a-guerra-na-ucrania-a-segunda-armadilha-de-tucidides\/\" target=\"_blank\" rel=\"noreferrer noopener\">Am\u00e9rica Latina<\/a> e \u00e0 regi\u00e3o do mar do Caribe.<\/p>\n\n\n\n<p>De fato, a capacidade produtiva de cereais, \u00f3leos e fertilizantes oferecida tanto pela R\u00fassia quanto pela Ucr\u00e2nia (ali\u00e1s, isto levou o territ\u00f3rio ucraniano a tornar-se o \u201cceleiro da Europa\u201d e tamb\u00e9m de outros pa\u00edses do mundo, incluindo Egito, L\u00edbano e Som\u00e1lia) desencadeou alarmes na comunidade internacional pelo aumento dos pre\u00e7os de produtos de alta demanda como milho, trigo, cevada e \u00f3leos de girassol.<\/p>\n\n\n\n<p>O mesmo aconteceu com os fertilizantes derivados de nitrog\u00eanio e pot\u00e1ssio (espera-se que eles sejam despachados para seus mercados de destino a partir dos portos do sul da Ucr\u00e2nia, que, no entanto, permanecem bloqueados pelas autoridades russas).<\/p>\n\n\n\n<p>A continuidade deste bloqueio nos principais portos da Ucr\u00e2nia, somado \u00e0s retalia\u00e7\u00f5es por parte dos pa\u00edses ocidentais que se somaram ao veto de produtos e suprimentos procedentes da R\u00fassia, est\u00e1 gerando, sem d\u00favida alguma, um efeito <em>boomerang<\/em> em toda a cadeia de abastecimento que \u00e9 utilizada para garantir a <a href=\"https:\/\/latinoamerica21.com\/br\/as-implicacoes-economicas-para-a-america-latina-do-conflito-na-ucrania\/\" target=\"_blank\" rel=\"noreferrer noopener\">seguran\u00e7a alimentar em n\u00edvel mundial<\/a>.<\/p>\n\n\n\n<p><a href=\"https:\/\/latinoamerica21.com\/br\/o-impacto-da-guerra-da-ucrania-na-america-latina\/\" target=\"_blank\" rel=\"noreferrer noopener\">Quais s\u00e3o as repercuss\u00f5es na Am\u00e9rica Latina e no Caribe<\/a>? Uma repercuss\u00e3o fundamental corresponde \u00e0 preocupa\u00e7\u00e3o dos agricultores latino-americanos que, em meio a este fogo cruzado, enfrentam um poss\u00edvel desabastecimento de fertilizantes provenientes tanto da R\u00fassia quanto da Ucr\u00e2nia. Esta situa\u00e7\u00e3o gera um ambiente de incerteza a curto e m\u00e9dio prazo para cobrir a demanda de fertilizantes utilizados na atividade agr\u00edcola que caracteriza v\u00e1rios pa\u00edses da regi\u00e3o.<\/p>\n\n\n\n<p>Neste sentido, o Brasil \u00e9 um dos mais vulner\u00e1veis em meio a esta conjuntura, j\u00e1 que comercializa com a R\u00fassia cerca de 80% do fornecimento necess\u00e1rio de fertilizantes.<\/p>\n\n\n\n<p>Por sua vez, pa\u00edses como o Haiti, e inclusive os que tamb\u00e9m integram o Tri\u00e2ngulo Norte (Guatemala, El Salvador, Honduras), entre outros, cujas capacidades agr\u00edcolas s\u00e3o limitadas, seja por falta de solos produtivos, secas cont\u00ednuas, viol\u00eancia rural e deslocamento for\u00e7ado, eros\u00e3o das terras cultiv\u00e1veis, falta de fontes h\u00eddricas, etc. se veem obrigados a importar a maioria de seus alimentos.<\/p>\n\n\n\n<p>Por sua vez, esses pre\u00e7os s\u00e3o negociados atualmente em alta, seja pelo ambiente de guerra na Ucr\u00e2nia, seja pelo atraso inflacion\u00e1rio que se acumula desde que a pandemia de COVID-19 desacelerou as economias do mundo de maneira dr\u00e1stica.<\/p>\n\n\n\n<p>Isto significa que atualmente o mapa geogr\u00e1fico da crise alimentar nos pa\u00edses da Am\u00e9rica Latina e Caribe mostra <a href=\"https:\/\/latinoamerica21.com\/br\/somos-uma-regiao-desigual-e-discriminatoria\/\" target=\"_blank\" rel=\"noreferrer noopener\">focos de popula\u00e7\u00f5es subnutridas<\/a>, o que nos situa diante de um contexto de maiores desigualdades em termos de acesso a alimentos b\u00e1sicos, mas tamb\u00e9m em termos de poss\u00edveis situa\u00e7\u00f5es de maior tens\u00e3o socioecon\u00f4mica, o que se atribui ao aumento de produtos essenciais para a atividade agr\u00edcola, como sementes e fertilizantes. A isto se somam os problemas de falta de rentabilidade para atrair a m\u00e3o-de-obra necess\u00e1ria no setor agr\u00edcola.<\/p>\n\n\n\n<p>Em s\u00edntese, as tens\u00f5es atuais na Eur\u00e1sia alimentam os divisionismos na forma de dois blocos que concorrem neste novo tabuleiro geopol\u00edtico, levando a uma maior polariza\u00e7\u00e3o na arena internacional.<\/p>\n\n\n\n<p>Ao mesmo tempo, ressurgem velhos e novos problemas substantivos \u00e0 sobreviv\u00eancia da ra\u00e7a humana, pois dizem respeito a um prato di\u00e1rio de comida, uma fonte de emprego, um teto para viver, perman\u00eancia em um lugar em paz, e todos esses aspectos t\u00eam uma repercuss\u00e3o direta na Am\u00e9rica Latina e no Caribe.<\/p>\n\n\n\n<p><em><sub>* Este texto foi originalmente publicado no site da <\/sub><\/em><a href=\"http:\/\/chinayamericalatina.com\/\" target=\"_blank\" rel=\"noreferrer noopener\"><sub><em>REDCAEM<\/em><\/sub><\/a><em><sub>.<\/sub><\/em><\/p>\n","protected":false},"excerpt":{"rendered":"<p>A falta de fertilizantes gera incerteza a curto e meio prazo para cobrir a demanda na atividade agr\u00edcola que caracteriza v\u00e1rios pa\u00edses da regi\u00e3o.<\/p>\n","protected":false},"author":373,"featured_media":12109,"comment_status":"closed","ping_status":"closed","sticky":false,"template":"","format":"standard","meta":{"_acf_changed":false,"episode_type":"","audio_file":"","cover_image":"","cover_image_id":"","duration":"","filesize":"","filesize_raw":"","date_recorded":"","explicit":"","block":"","itunes_episode_number":"","itunes_title":"","itunes_season_number":"","itunes_episode_type":"","footnotes":""},"categories":[16947,544],"tags":[],"gps":[],"class_list":{"0":"post-12111","1":"post","2":"type-post","3":"status-publish","4":"format-standard","5":"has-post-thumbnail","7":"category-internet-es-pt-br","8":"category-politica-br"},"acf":[],"_links":{"self":[{"href":"https:\/\/latinoamerica21.com\/pt-br\/wp-json\/wp\/v2\/posts\/12111","targetHints":{"allow":["GET"]}}],"collection":[{"href":"https:\/\/latinoamerica21.com\/pt-br\/wp-json\/wp\/v2\/posts"}],"about":[{"href":"https:\/\/latinoamerica21.com\/pt-br\/wp-json\/wp\/v2\/types\/post"}],"author":[{"embeddable":true,"href":"https:\/\/latinoamerica21.com\/pt-br\/wp-json\/wp\/v2\/users\/373"}],"replies":[{"embeddable":true,"href":"https:\/\/latinoamerica21.com\/pt-br\/wp-json\/wp\/v2\/comments?post=12111"}],"version-history":[{"count":0,"href":"https:\/\/latinoamerica21.com\/pt-br\/wp-json\/wp\/v2\/posts\/12111\/revisions"}],"wp:featuredmedia":[{"embeddable":true,"href":"https:\/\/latinoamerica21.com\/pt-br\/wp-json\/wp\/v2\/media\/12109"}],"wp:attachment":[{"href":"https:\/\/latinoamerica21.com\/pt-br\/wp-json\/wp\/v2\/media?parent=12111"}],"wp:term":[{"taxonomy":"category","embeddable":true,"href":"https:\/\/latinoamerica21.com\/pt-br\/wp-json\/wp\/v2\/categories?post=12111"},{"taxonomy":"post_tag","embeddable":true,"href":"https:\/\/latinoamerica21.com\/pt-br\/wp-json\/wp\/v2\/tags?post=12111"},{"taxonomy":"gps","embeddable":true,"href":"https:\/\/latinoamerica21.com\/pt-br\/wp-json\/wp\/v2\/gps?post=12111"}],"curies":[{"name":"wp","href":"https:\/\/api.w.org\/{rel}","templated":true}]}}