{"id":12232,"date":"2022-09-11T05:00:00","date_gmt":"2022-09-11T08:00:00","guid":{"rendered":"https:\/\/latinoamerica21.com\/?p=12232"},"modified":"2022-09-10T07:06:38","modified_gmt":"2022-09-10T10:06:38","slug":"o-fascismo-triunfara-nas-eleicoes-brasileiras","status":"publish","type":"post","link":"https:\/\/latinoamerica21.com\/pt-br\/o-fascismo-triunfara-nas-eleicoes-brasileiras\/","title":{"rendered":"O fascismo triunfar\u00e1 nas elei\u00e7\u00f5es brasileiras?"},"content":{"rendered":"\n<p>O ex-presidente Donald Trump endossou oficialmente Jair Bolsonaro em sua tentativa de reelei\u00e7\u00e3o. Em um marco de crise econ\u00f4mica e desgosto geral com o extremismo do presidente brasileiro, o candidato rival, o ex-presidente Lula da Silva, lidera em todas as pesquisas por uma diferen\u00e7a de <a href=\"https:\/\/www.dw.com\/es\/brasil-donald-trump-respalda-a-jair-bolsonaro-de-cara-a-elecciones\/a-63064450\">15 pontos<\/a> com o apoio de 45%. Neste contexto, at\u00e9 que ponto um elogio de Trump pode servir a Bolsonaro?&nbsp;<\/p>\n\n\n\n<p>Trump explicou que o \u201cTrump tropical\u201d, como ele \u00e9 carinhosamente chamado, fez um grande trabalho para o maravilhoso povo do Brasil\u201d. \u201cO Presidente Bolsonaro ama o Brasil acima de tudo\u201d, escreveu Trump. \u201c\u00c9 um homem maravilhoso e tem meu total e completo apoio!\u201d<\/p>\n\n\n\n<p>Pessoalmente, o amor \u00e9 rec\u00edproco. Bolsonaro chegou a dizer que \u201cama Trump\u201d, mas \u00e9 importante pensar na centralidade do culto ao l\u00edder e na expectativa de obedi\u00eancia total dos seguidores. Este tipo de rela\u00e7\u00e3o n\u00e3o \u00e9 infrequente entre os fascistas e os aspirantes a fascistas. Em 1923, Hitler disse: \u201cSe um Mussolini alem\u00e3o fosse entregue para a Alemanha, o povo se ajoelharia e o adoraria mais do que Mussolini o fez\u201d.<\/p>\n\n\n\n<p>Bolsonaro tamb\u00e9m concorda em fazer do machismo vulgar e exacerbado um tema central de campanha. Por exemplo, assim como Trump havia feito na campanha de 2016, Bolsonaro recentemente elogiou seu p\u00eanis e sua pot\u00eancia sexual para apresentar sua idoneidade como candidato.<\/p>\n\n\n\n<p>Faz sentido que um presidente investigado pela justi\u00e7a, que fracassou no manejo da pandemia e que foi rejeitado pela maioria dos eleitores e depois mentiu e continua mentindo sobre o resultado da elei\u00e7\u00e3o, apoie um colega que apresenta exatamente essas caracter\u00edsticas.<\/p>\n\n\n\n<p>Pior ainda, Trump apoiou a tomada do parlamento em seu nome em 6 de janeiro de 2021, a partir da grande mentira de que haviam roubado as elei\u00e7\u00f5es. A finalidade dessa mobiliza\u00e7\u00e3o era manter Trump de forma permanente no poder apesar do resultado da elei\u00e7\u00e3o. \u00c9 neste ponto e nas repetidas amea\u00e7as que, se perder, Bolsonaro n\u00e3o reconhecer\u00e1 os resultados das elei\u00e7\u00f5es, onde \u00e9 poss\u00edvel um perigo fascista para o Brasil.<\/p>\n\n\n\n<p>O mundo atual vive uma transforma\u00e7\u00e3o profunda: <a href=\"https:\/\/latinoamerica21.com\/br\/trump-apagou-a-linha-entre-fascismo-e-populismo\/\" target=\"_blank\" rel=\"noreferrer noopener\">uma tentativa de retorno do populismo ao fascismo<\/a>. Durante o s\u00e9culo passado, o fascismo evoluiu, os l\u00edderes reformularam seu aspecto. Enquanto o fascismo expl\u00edcito desapareceu do poder depois da Segunda Guerra Mundial, suas ideias antidemocr\u00e1ticas sobreviveram, muitas vezes entrela\u00e7adas com v\u00e1rias correntes do populismo.<\/p>\n\n\n\n<p>Apesar de sua falta de originalidade, Bolsonaro destaca-se entre os l\u00edderes autorit\u00e1rios contempor\u00e2neos por estar, como Donald Trump, mais pr\u00f3ximo do fascismo do que outros populistas.<\/p>\n\n\n\n<p>H\u00e1 quatro elementos que diferenciam o fascismo do populismo. Estes s\u00e3o pilares fundamentais que o fascismo tem e o populismo n\u00e3o. O primeiro \u00e9 a viol\u00eancia e a militariza\u00e7\u00e3o da pol\u00edtica. Isto ocorreu na Espanha na Guerra Civil e tamb\u00e9m na It\u00e1lia fascista e na Alemanha hitleriana. Todos exemplos catastr\u00f3ficos de problemas pol\u00edticos sendo resolvidos atrav\u00e9s da viol\u00eancia. O segundo \u00e9 a mentira, a mentira totalit\u00e1ria, extrema, que n\u00e3o s\u00f3 distorce a realidade e cria realidades alternativas na mente das pessoas, mas que tenta criar essa nova realidade. O terceiro \u00e9 a xenofobia, o racismo, a demoniza\u00e7\u00e3o total do inimigo interno imaginado. Qualquer problema que exista (real ou inventado) \u00e9 explicado e resolvido atrav\u00e9s do \u00f3dio ao que \u00e9 diferente. E o quarto \u00e9 a ditadura. N\u00e3o h\u00e1 fascismo sem ditadura, embora possa haver uma ditadura sem fascismo.<\/p>\n\n\n\n<p>Historicamente, os populistas foram eleitos como, por exemplo, Juan Per\u00f3n, Get\u00falio Vargas, Hugo Ch\u00e1vez, Cristina Kirchner ou Silvio Berlusconi. Todos eles, apesar de seu autoritarismo, reconheceram a legitimidade das elei\u00e7\u00f5es, mesmo quando se sa\u00edram mal nelas.<\/p>\n\n\n\n<p>Qualquer observador da pol\u00edtica do Brasil pode notar que para Bolsonaro, um profundo admirador de ditaduras e ditadores, falta, na pr\u00e1tica, o quarto elemento (a ditadura) para se tornar um fascista de fato e direito.<\/p>\n\n\n\n<p>Em seu discurso do Dia da Independ\u00eancia, e isto n\u00e3o \u00e9 irrelevante, Bolsonaro classificou o outro lado como \u201co mal\u201d. As palavras do presidente foram as seguintes: \u201cO mal que durou 14 anos em nosso pa\u00eds, que quase rompeu nossa p\u00e1tria e quer voltar ao local do crime. N\u00e3o o far\u00e3o, as pessoas est\u00e3o do lado do bem\u201d. Este argumento apocal\u00edptico lhe permitiria justificar um golpe de Estado em nome do \u201cbem\u201d?<\/p>\n\n\n\n<p>Como Donald Trump, Bolsonaro representa um novo tipo de governante autocr\u00e1tico global que \u00e9 eleito legalmente, mas tamb\u00e9m adota elementos que figuras populistas como Per\u00f3n consideravam muito controversos ou mesmo t\u00f3xicos: mentiras totalit\u00e1rias, racismo e meios ilegais como golpes de Estado para destruir a democracia a partir de dentro.&nbsp;<\/p>\n\n\n\n<p>Trump poderia ser mais bem considerado um \u201caspirante a fascista\u201d. Trump \u00e9 um populista que aspira a retornar a uma forma de fascismo. Seu governo n\u00e3o foi um fascismo completo porque n\u00e3o descendeu \u00e0 ditadura. Mas poderia ter sido se suas tentativas de reter o poder ap\u00f3s as elei\u00e7\u00f5es de 2020 tivessem sido exitosas.&nbsp;<\/p>\n\n\n\n<p>Este \u00e9 o perigo que a democracia brasileira enfrenta. Bolsonaro \u00e9 uma esp\u00e9cie de mini-Trump. O \u201cTrump tropical\u201d n\u00e3o s\u00f3 compartilha os fracassados desejos fascistas de Trump, mas tamb\u00e9m segue o modelo trumpista de destruir a democracia a partir de dentro.<\/p>\n","protected":false},"excerpt":{"rendered":"<p>O ex-presidente Donald Trump endossou oficialmente Jair Bolsonaro em sua tentativa de reelei\u00e7\u00e3o. Mas at\u00e9 que ponto o elogio de Trump pode servir para Bolsonaro?\u00a0<\/p>\n","protected":false},"author":77,"featured_media":12225,"comment_status":"closed","ping_status":"closed","sticky":false,"template":"","format":"standard","meta":{"_acf_changed":false,"episode_type":"","audio_file":"","cover_image":"","cover_image_id":"","duration":"","filesize":"","filesize_raw":"","date_recorded":"","explicit":"","block":"","itunes_episode_number":"","itunes_title":"","itunes_season_number":"","itunes_episode_type":"","footnotes":""},"categories":[16746,16728,16728,16746,16796,16796,544],"tags":[],"gps":[],"class_list":{"0":"post-12232","1":"post","2":"type-post","3":"status-publish","4":"format-standard","5":"has-post-thumbnail","7":"category-jair-bolsonaro-pt-br","8":"category-brasil-pt-br","11":"category-fascismo-es-pt-br","13":"category-politica-br"},"acf":[],"_links":{"self":[{"href":"https:\/\/latinoamerica21.com\/pt-br\/wp-json\/wp\/v2\/posts\/12232","targetHints":{"allow":["GET"]}}],"collection":[{"href":"https:\/\/latinoamerica21.com\/pt-br\/wp-json\/wp\/v2\/posts"}],"about":[{"href":"https:\/\/latinoamerica21.com\/pt-br\/wp-json\/wp\/v2\/types\/post"}],"author":[{"embeddable":true,"href":"https:\/\/latinoamerica21.com\/pt-br\/wp-json\/wp\/v2\/users\/77"}],"replies":[{"embeddable":true,"href":"https:\/\/latinoamerica21.com\/pt-br\/wp-json\/wp\/v2\/comments?post=12232"}],"version-history":[{"count":0,"href":"https:\/\/latinoamerica21.com\/pt-br\/wp-json\/wp\/v2\/posts\/12232\/revisions"}],"wp:featuredmedia":[{"embeddable":true,"href":"https:\/\/latinoamerica21.com\/pt-br\/wp-json\/wp\/v2\/media\/12225"}],"wp:attachment":[{"href":"https:\/\/latinoamerica21.com\/pt-br\/wp-json\/wp\/v2\/media?parent=12232"}],"wp:term":[{"taxonomy":"category","embeddable":true,"href":"https:\/\/latinoamerica21.com\/pt-br\/wp-json\/wp\/v2\/categories?post=12232"},{"taxonomy":"post_tag","embeddable":true,"href":"https:\/\/latinoamerica21.com\/pt-br\/wp-json\/wp\/v2\/tags?post=12232"},{"taxonomy":"gps","embeddable":true,"href":"https:\/\/latinoamerica21.com\/pt-br\/wp-json\/wp\/v2\/gps?post=12232"}],"curies":[{"name":"wp","href":"https:\/\/api.w.org\/{rel}","templated":true}]}}