{"id":1227,"date":"2019-10-23T19:04:50","date_gmt":"2019-10-23T22:04:50","guid":{"rendered":"http:\/\/latinoamerica21.com\/?p=1227"},"modified":"2023-03-20T17:24:34","modified_gmt":"2023-03-20T20:24:34","slug":"como-se-previa-explodiu-o-paiol-de-polvora-chileno","status":"publish","type":"post","link":"https:\/\/latinoamerica21.com\/pt-br\/como-se-previa-explodiu-o-paiol-de-polvora-chileno\/","title":{"rendered":"Chile: como se previa, p\u00f3lvora explodiu"},"content":{"rendered":"\n<p>Estou escrevendo estas linhas poucos minutos antes que entre em vigor o toque de recolher no Chile, pelo terceiro dia consecutivo. Se algu\u00e9m tivesse me dito alguns dias atr\u00e1s que eu passaria este final de semana trancado, entre estados de emerg\u00eancia e toques de recolher, eu n\u00e3o teria acreditado.<\/p>\n\n\n\n<p>O paiol de p\u00f3lvora chileno explodiu e o estopim foi um\naumento nos pre\u00e7os do transporte p\u00fablico. Mas quem acredita que s\u00e3o as\npassagens de \u00f4nibus que est\u00e3o por tr\u00e1s disso, est\u00e1 errado, e muito errado. Elas\nrepresentam apenas a ponta do iceberg.<\/p>\n\n\n\n<p>Em n\u00edvel conjuntural, as institui\u00e7\u00f5es est\u00e3o absolutamente\ndesorientadas e despreparadas; e \u00e9 dif\u00edcil ver como essa situa\u00e7\u00e3o continuar\u00e1 no\nfuturo imediato. A presid\u00eancia insiste em falar de &#8220;grupos de v\u00e2ndalos\nagindo de forma coordenada&#8221;, e o presidente Sebasti\u00e1n Pi\u00f1era chegou a\ndeclarar que o Chile est\u00e1 em guerra (sic).<\/p>\n\n\n\n<p>O que o governo n\u00e3o quer entender \u00e9 n\u00e3o existem v\u00e2ndalos agindo de forma coordenada. As <a href=\"https:\/\/latinoamerica21.com\/br\/a-crise-politica-no-equador-e-seus-lideres\/\">manifesta\u00e7\u00f5es<\/a> v\u00eam sendo respostas inorg\u00e2nicas, espont\u00e2neas, transversais, nas quais os participantes formam uma colagem de interesses e de aspira\u00e7\u00f5es (algumas delas contradit\u00f3rias).\u00a0<\/p>\n\n\n\n<p>E aqui est\u00e1 o drama: n\u00e3o existe uma cabe\u00e7a com quem negociar, n\u00e3o h\u00e1 l\u00edderes,\ne n\u00e3o h\u00e1 estruturas org\u00e2nicas; trata-se de uma explos\u00e3o social in\u00e9dita no\nChile, na regi\u00e3o e, por sua natureza, talvez no mundo.<\/p>\n\n\n\n<p>Decerto existe anomia. Muita. Existem indiv\u00edduos que se aproveitam da\ndesordem dominante para saquear. Isso levou a que, como rea\u00e7\u00e3o ao vandalismo,\ngrupos organizados de vizinhos tomem a lei nas pr\u00f3prias m\u00e3os e formem grupos de\nautodefesa, os &#8220;coletes amarelos&#8221;. O governo encara esses grupos com\nbons olhos, e lhes deu luz verde, na pr\u00e1tica. Isso \u00e9 muito perigoso porque\nrepresenta uma aceita\u00e7\u00e3o t\u00e1cita de compartilhar o monop\u00f3lio do poder.<\/p>\n\n\n\n<p>At\u00e9 poucos nos atr\u00e1s, muita gente estava convencida de que o Chile era o\npa\u00eds modelo, o &#8220;tigre da Am\u00e9rica do Sul&#8221;. Havia crescimento, a\npobreza estava caindo, o pa\u00eds jogava limpo e, supostamente, as institui\u00e7\u00f5es\neram s\u00f3lidas. Ainda assim, essas realidades, em alguns casos transformadas em\nmitos, foram despencando uma a uma.<\/p>\n\n\n\n<p>Casos de triangula\u00e7\u00e3o de dinheiro p\u00fablico com fins esp\u00farios,\nfinanciamento oculto \u00e0 pol\u00edtica, e um profundo senso de injusti\u00e7a quanto,\nexatamente, \u00e0 aplica\u00e7\u00e3o da justi\u00e7a (que resulta em imposi\u00e7\u00e3o de penas\ndraconianas a alguns e de penas apenas simb\u00f3licas a outros.)<\/p>\n\n\n\n<blockquote class=\"wp-block-quote is-layout-flow wp-block-quote-is-layout-flow\">\n<p>Uma das coisas que doem \u00e9 que a debilidade do acordo social imperante foi tema de repetidos alertas&#8221;<\/p>\n<\/blockquote>\n\n\n\n<p>Mas a realidade \u00e9 que o modelo n\u00e3o beneficiou a todos, como foi\nprometido. Uma das coisas que doem \u00e9 que a debilidade do acordo social\nimperante foi tema de repetidos alertas, e j\u00e1 h\u00e1 muitos anos. A indol\u00eancia e a\nnega\u00e7\u00e3o de um setor majorit\u00e1rio e transversal de (todas) as elites ficou\nexposta.<\/p>\n\n\n\n<p>H\u00e1 anos surgem alertas de que a democracia chilena enfrenta enormes\nproblemas de representa\u00e7\u00e3o. N\u00e3o \u00e9 normal que a \u00fanica forma pela qual as elites\ngovernantes escutem a qualquer grupo (sejam os estudantes, as mulheres, os\nambientalistas ou simplesmente os &#8220;cidad\u00e3os pedestres&#8221;) seja apenas\nvia coquet\u00e9is molotov, bloqueio de avenidas ou coisas ainda piores. Mas as\ninstitui\u00e7\u00f5es que existem agora n\u00e3o servem para muito mais.<\/p>\n\n\n\n<p>Da mesma forma que \u00e9 imposs\u00edvel saber como se desdobrar\u00e3o os <a href=\"https:\/\/g1.globo.com\/mundo\/noticia\/2019\/10\/20\/entenda-a-onda-de-protestos-no-chile.ghtml\">acontecimentos<\/a>, tamb\u00e9m \u00e9 dif\u00edcil recomendar uma solu\u00e7\u00e3o. Pergunto-me se esse talvez n\u00e3o seja o momento oportuno para consultar os cidad\u00e3os do Chile sobre a convoca\u00e7\u00e3o de uma assembleia constituinte verdadeiramente representativa, que d\u00ea ao pa\u00eds uma constitui\u00e7\u00e3o em sintonia com o princ\u00edpios que os cidad\u00e3os apoiam majoritariamente.<\/p>\n\n\n\n<p>Mas creio que isso talvez seja arriscado demais para aqueles que est\u00e3o\nacostumados a sempre sair vitoriosos.<\/p>\n\n\n\n<p><em>Foto de simenon em Foter.com \/ CC BY-SA<\/em><\/p>\n","protected":false},"excerpt":{"rendered":"<p>Estou escrevendo estas linhas poucos minutos antes que entre em vigor o toque de recolher no Chile, pelo terceiro dia consecutivo. Se algu\u00e9m tivesse me dito alguns dias atr\u00e1s que eu passaria este final de semana trancado, entre estados de emerg\u00eancia e toques de recolher, eu n\u00e3o teria acreditado.<\/p>\n","protected":false},"author":32,"featured_media":1225,"comment_status":"closed","ping_status":"closed","sticky":false,"template":"","format":"standard","meta":{"_acf_changed":false,"episode_type":"","audio_file":"","cover_image":"","cover_image_id":"","duration":"","filesize":"","filesize_raw":"","date_recorded":"","explicit":"","block":"","itunes_episode_number":"","itunes_title":"","itunes_season_number":"","itunes_episode_type":"","footnotes":""},"categories":[16755,16772,14502,14376,546],"tags":[],"gps":[],"class_list":{"0":"post-1227","1":"post","2":"type-post","3":"status-publish","4":"format-standard","5":"has-post-thumbnail","7":"category-crisis-politica-pt-br","8":"category-protestas-pt-br","9":"category-protestos","10":"category-crise-politica","11":"category-sociedad-br"},"acf":[],"_links":{"self":[{"href":"https:\/\/latinoamerica21.com\/pt-br\/wp-json\/wp\/v2\/posts\/1227","targetHints":{"allow":["GET"]}}],"collection":[{"href":"https:\/\/latinoamerica21.com\/pt-br\/wp-json\/wp\/v2\/posts"}],"about":[{"href":"https:\/\/latinoamerica21.com\/pt-br\/wp-json\/wp\/v2\/types\/post"}],"author":[{"embeddable":true,"href":"https:\/\/latinoamerica21.com\/pt-br\/wp-json\/wp\/v2\/users\/32"}],"replies":[{"embeddable":true,"href":"https:\/\/latinoamerica21.com\/pt-br\/wp-json\/wp\/v2\/comments?post=1227"}],"version-history":[{"count":0,"href":"https:\/\/latinoamerica21.com\/pt-br\/wp-json\/wp\/v2\/posts\/1227\/revisions"}],"wp:featuredmedia":[{"embeddable":true,"href":"https:\/\/latinoamerica21.com\/pt-br\/wp-json\/wp\/v2\/media\/1225"}],"wp:attachment":[{"href":"https:\/\/latinoamerica21.com\/pt-br\/wp-json\/wp\/v2\/media?parent=1227"}],"wp:term":[{"taxonomy":"category","embeddable":true,"href":"https:\/\/latinoamerica21.com\/pt-br\/wp-json\/wp\/v2\/categories?post=1227"},{"taxonomy":"post_tag","embeddable":true,"href":"https:\/\/latinoamerica21.com\/pt-br\/wp-json\/wp\/v2\/tags?post=1227"},{"taxonomy":"gps","embeddable":true,"href":"https:\/\/latinoamerica21.com\/pt-br\/wp-json\/wp\/v2\/gps?post=1227"}],"curies":[{"name":"wp","href":"https:\/\/api.w.org\/{rel}","templated":true}]}}