{"id":1240,"date":"2019-10-27T08:20:11","date_gmt":"2019-10-27T11:20:11","guid":{"rendered":"http:\/\/latinoamerica21.com\/?p=1240"},"modified":"2025-05-16T05:38:05","modified_gmt":"2025-05-16T08:38:05","slug":"argentina-uma-eleicao-multiplas-decisoes","status":"publish","type":"post","link":"https:\/\/latinoamerica21.com\/pt-br\/argentina-uma-eleicao-multiplas-decisoes\/","title":{"rendered":"Argentina: uma elei\u00e7\u00e3o, m\u00faltiplas decis\u00f5es"},"content":{"rendered":"\n<p>A Argentina se encaminha a elei\u00e7\u00f5es com um n\u00edvel de\nmobiliza\u00e7\u00e3o inusitado. A grande diferen\u00e7a obtida pela Frente de Todos nas\nPrim\u00e1rias Abertas Simult\u00e2neas e Obrigat\u00f3rias (Paso), que, al\u00e9m de definirem\nalgumas candidaturas em n\u00edvel municipal e provincial, funcionaram como uma\nimportante demonstra\u00e7\u00e3o de vontades, gerou uma forte rea\u00e7\u00e3o entre os\npartid\u00e1rios do situacionismo e entre aqueles que temem o kirchnerismo, e isso\nse materializou em forma de um n\u00edvel de organiza\u00e7\u00e3o e mobiliza\u00e7\u00e3o que poucos\nesperavam.<\/p>\n\n\n\n<p>Em 24 de agosto, uma multid\u00e3o se deslocou ao centro da\nCidade Aut\u00f4noma de Buenos Aires, rumo a um ponto de encontro na emblem\u00e1tica\nPlaza de Mayo, em um evento que contou com a presen\u00e7a do presidente, que se\naproximou para cumprimentar e conversar com os participantes, dando in\u00edcio ao\nque alguns definiram como &#8220;a rebeli\u00e3o dos mansos&#8221;, por envolver um\nsetor da sociedade que costuma se manter \u00e0 margem desse tipo de manifesta\u00e7\u00e3o,\nembora guarde as lembran\u00e7as das marchas de protesto contra o governo de\nCristina Kirchner nos anos de 2012 e 2013.&nbsp;&nbsp;&nbsp;&nbsp;&nbsp;&nbsp;&nbsp;&nbsp;&nbsp;&nbsp;&nbsp; <\/p>\n\n\n\n<p>Desse ponto de partida, o governo organizou um itiner\u00e1rio\nrigoroso de encontros populares em diferentes regi\u00f5es do pa\u00eds, que contrastaram\ncom a recep\u00e7\u00e3o p\u00edfia que encontrou no dia de sua posse, 10 de dezembro de 2015.\n<\/p>\n\n\n\n<p>Paradoxalmente, um presidente enfraquecido por uma elei\u00e7\u00e3o\nadversa encontrou a for\u00e7a de centenas de milhares de pessoas nas ruas e chegou\na um momento culminante no Obelisco, no s\u00e1bado (19), quando foi registrada a\nmaior presen\u00e7a de p\u00fablico nas ruas desde o final da campanha pelo retorno da\ndemocracia, em 1983.<\/p>\n\n\n\n<p>O abalo sofrido pelo mercado financeiro com o resultado\ninesperado das Paso (em fun\u00e7\u00e3o da grande diferen\u00e7a a favor da frente\noposicionista), com queda das a\u00e7\u00f5es e t\u00edtulos argentinos, uma forte\ndesvaloriza\u00e7\u00e3o do peso e grande desconfian\u00e7a quanto ao programa de governo e as\npessoas que formariam o hipot\u00e9tico gabinete de Alberto Fern\u00e1ndez, fizeram\nreviver temores que infelizmente est\u00e3o muito vivos na mem\u00f3ria dos argentinos. <\/p>\n\n\n\n<p>Por isso os bancos tiveram de trabalhar fora de seus\nhor\u00e1rios habituais a fim satisfazer a demanda de muitos argentinos por d\u00f3lares,\nj\u00e1 que eles temiam uma nova &#8220;pesificaci\u00f3n&#8221; (a convers\u00e3o de dep\u00f3sitos\nem d\u00f3lares em dep\u00f3sitos em pesos, decretada pelo governo em 2002), preferiram\nn\u00e3o renovar seus investimentos de prazo fixo e fizeram todo o poss\u00edvel para\nfugir da moeda local. <\/p>\n\n\n\n<p>O paradoxo de eleitores da Frente de Todos que n\u00e3o confiam\nna vontade e capacidade de seus l\u00edderes para evitar uma desvaloriza\u00e7\u00e3o maior do\npeso seria um t\u00f3pico interessante para um especialista naqueles ramos de estudo\nque ficam entre a psicologia e a ci\u00eancia social.<\/p>\n\n\n\n<p>O que se poderia esperar de um segundo governo de Mauricio\nMacri, caso ele consiga reverter a desvantagem revelada nas Paso? Em primeiro\nlugar, haveria um forte impacto sobre as vari\u00e1veis financeiras, uma recupera\u00e7\u00e3o\nnos pre\u00e7os de morat\u00f3ria a que ca\u00edram os t\u00edtulos argentinos e um breque \u00e0\nconstante sa\u00edda de reservas que o banco central vem sofrendo desde 12 de\nagosto, apesar das restri\u00e7\u00f5es impostas em conjunto com o Minist\u00e9rio da Fazenda.<\/p>\n\n\n\n<p>Para o mais, se espera uma continuidade das pol\u00edticas\nexterna, de seguran\u00e7a, de educa\u00e7\u00e3o, de sa\u00fade e de defesa, e uma continua\u00e7\u00e3o da\nredu\u00e7\u00e3o de um d\u00e9ficit fiscal que, na aus\u00eancia de cr\u00e9dito internacional, parece\nser uma das poucas ferramentas para escapar \u00e0s restri\u00e7\u00f5es externas, um fen\u00f4meno\nfrequente na hist\u00f3ria econ\u00f4mica argentina.<\/p>\n\n\n\n<p>Qual seria o impacto se Alberto Fern\u00e1ndez confirmasse os\nresultados de 11 de agosto e chegasse \u00e0 presid\u00eancia sem necessidade de um\nsegundo turno na metade de novembro? Em princ\u00edpio, a press\u00e3o quanto ao tipo de\nc\u00e2mbio continuaria, assim como a press\u00e3o dos diferentes agentes econ\u00f4micos para\nconhecer qual seria o programa econ\u00f4mico de um governo dele.<\/p>\n\n\n\n<blockquote class=\"wp-block-quote is-layout-flow wp-block-quote-is-layout-flow\"><p>o atual governo tentaria evitar uma desvaloriza\u00e7\u00e3o maior da moeda enquanto o governo eleito pressionaria para que esse &#8220;trabalho sujo&#8221; fosse realizado por Mauricio Macri.<\/p><\/blockquote>\n\n\n\n<p>Os incentivos nesse caso n\u00e3o encontrariam pontos de contato\nentre o situacionismo e oposi\u00e7\u00e3o, e por isso o atual governo tentaria evitar\numa desvaloriza\u00e7\u00e3o maior da moeda enquanto o governo eleito pressionaria para\nque esse &#8220;trabalho sujo&#8221; fosse realizado por Mauricio Macri.<\/p>\n\n\n\n<p>Com pouca margem (falta de recursos) para voltar a pol\u00edticas\nde corte populista, um futuro governo hipot\u00e9tico da Frente de Todos poderia ser\nmais ortodoxo que o atual em termos fiscais, e utilizar os bons contatos que o\nperonismo costuma ter com os grupos empresariais para realizar reformas como a\nda previd\u00eancia e a trabalhista, que se provaram imposs\u00edveis para um governo sem\nmaioria no Legislativo e que enfrentou fortes obst\u00e1culos impostos por grupos de\npoder pr\u00f3ximos ao sistema tradicional de fazer pol\u00edtica e manter privil\u00e9gios.<\/p>\n\n\n\n<p>O que disp\u00f5e que sim, \u00e9 poss\u00edvel que um governo de Alberto\nFern\u00e1ndez realize uma virada digna de Cop\u00e9rnico na pol\u00edtica externa. Talvez a\nestrela do governo Mauricio Macri, reconhecido pelos principais pa\u00edses do mundo\ne por l\u00edderes de diversas extra\u00e7\u00f5es pol\u00edticas, seja o ponto em que as\ndiferen\u00e7as s\u00e3o mais f\u00e1ceis de vislumbrar.<\/p>\n\n\n\n<p>A rela\u00e7\u00e3o com Brasil, Estados Unidos e Europa precisar\u00e1 ser retomada praticamente do zero. A dist\u00e2ncia com rela\u00e7\u00e3o ao Grupo de Lima e a negativa por parte de Fern\u00e1ndez de definir como ditadura o governo de Nicol\u00e1s Maduro, que o \u00e9, pesam contra a possibilidade de manter o caminho adotado por Macri quanto aos alinhamentos de uma regi\u00e3o decerto muito convulsiva nos dias atuais.<\/p>\n\n\n\n<p><em>Foto de acdelp.8479 em Foter.com \/ CC BY-NC-ND<\/em><\/p>\n","protected":false},"excerpt":{"rendered":"<p>Argentina vota em uma elei\u00e7\u00e3o com um n\u00edvel incomum de mobiliza\u00e7\u00e3o. A grande diferen\u00e7a entre a Frente de Todos e o PASO funcionou como uma importante amostra de vontades e gerou uma rea\u00e7\u00e3o entre os partid\u00e1rios do partido no poder que se materializou em um n\u00edvel inesperado de mobiliza\u00e7\u00e3o.<\/p>\n","protected":false},"author":31,"featured_media":1235,"comment_status":"closed","ping_status":"closed","sticky":false,"template":"","format":"standard","meta":{"_acf_changed":false,"episode_type":"","audio_file":"","cover_image":"","cover_image_id":"","duration":"","filesize":"","filesize_raw":"","date_recorded":"","explicit":"","block":"","itunes_episode_number":"","itunes_title":"","itunes_season_number":"","itunes_episode_type":"","footnotes":""},"categories":[16711,16734,14397,544],"tags":[17187],"gps":[],"class_list":{"0":"post-1240","1":"post","2":"type-post","3":"status-publish","4":"format-standard","5":"has-post-thumbnail","7":"category-elecciones-pt-br","8":"category-argentina-pt-br","9":"category-eleicoes","10":"category-politica-br","11":"tag-debates-2"},"acf":[],"_links":{"self":[{"href":"https:\/\/latinoamerica21.com\/pt-br\/wp-json\/wp\/v2\/posts\/1240","targetHints":{"allow":["GET"]}}],"collection":[{"href":"https:\/\/latinoamerica21.com\/pt-br\/wp-json\/wp\/v2\/posts"}],"about":[{"href":"https:\/\/latinoamerica21.com\/pt-br\/wp-json\/wp\/v2\/types\/post"}],"author":[{"embeddable":true,"href":"https:\/\/latinoamerica21.com\/pt-br\/wp-json\/wp\/v2\/users\/31"}],"replies":[{"embeddable":true,"href":"https:\/\/latinoamerica21.com\/pt-br\/wp-json\/wp\/v2\/comments?post=1240"}],"version-history":[{"count":0,"href":"https:\/\/latinoamerica21.com\/pt-br\/wp-json\/wp\/v2\/posts\/1240\/revisions"}],"wp:featuredmedia":[{"embeddable":true,"href":"https:\/\/latinoamerica21.com\/pt-br\/wp-json\/wp\/v2\/media\/1235"}],"wp:attachment":[{"href":"https:\/\/latinoamerica21.com\/pt-br\/wp-json\/wp\/v2\/media?parent=1240"}],"wp:term":[{"taxonomy":"category","embeddable":true,"href":"https:\/\/latinoamerica21.com\/pt-br\/wp-json\/wp\/v2\/categories?post=1240"},{"taxonomy":"post_tag","embeddable":true,"href":"https:\/\/latinoamerica21.com\/pt-br\/wp-json\/wp\/v2\/tags?post=1240"},{"taxonomy":"gps","embeddable":true,"href":"https:\/\/latinoamerica21.com\/pt-br\/wp-json\/wp\/v2\/gps?post=1240"}],"curies":[{"name":"wp","href":"https:\/\/api.w.org\/{rel}","templated":true}]}}