{"id":12513,"date":"2022-10-02T05:00:00","date_gmt":"2022-10-02T08:00:00","guid":{"rendered":"https:\/\/latinoamerica21.com\/?p=12513"},"modified":"2022-10-02T04:17:32","modified_gmt":"2022-10-02T07:17:32","slug":"a-iminente-derrota-de-bolsonaro","status":"publish","type":"post","link":"https:\/\/latinoamerica21.com\/pt-br\/a-iminente-derrota-de-bolsonaro\/","title":{"rendered":"A iminente derrota de Bolsonaro"},"content":{"rendered":"\n<p>O processo eleitoral brasileiro poder\u00e1 chegar ao seu fim no primeiro turno deste domingo com <a href=\"https:\/\/es.statista.com\/grafico\/28352\/intencion-de-voto-en-las-elecciones-presidenciales-de-brasil\/\">uma prov\u00e1vel derrota de Bolsonaro<\/a>. Neste contexto, \u00e9 necess\u00e1rio estar alerta para poss\u00edveis situa\u00e7\u00f5es imprevis\u00edveis que possam afetar os resultados da elei\u00e7\u00e3o.<\/p>\n\n\n\n<p>Segundo o comportamento pol\u00edtico, o eleitor decide seu voto com base em diversos est\u00edmulos, como a afinidade ideol\u00f3gica, que \u00e9 parte da socializa\u00e7\u00e3o pol\u00edtica. Outros eleitores fazem proje\u00e7\u00f5es com base na viabilidade das promessas dos candidatos, enquanto outros tendem a avaliar a gest\u00e3o do governo.<\/p>\n\n\n\n<p>Ao longo do governo de Bolsonaro, uma vis\u00e3o arcaica vinda do campo militar com inclina\u00e7\u00f5es autorit\u00e1rias se materializou.Trata-se de uma vis\u00e3o influenciada pelo pensador alem\u00e3o Carl Schmitt, onde a pol\u00edtica se baseia na diferen\u00e7a entre amigo-inimigo, aquele que \u00e9 distinto e que deve ser combatido e rejeitado. Neste caso, os comunistas.<\/p>\n\n\n\n<p>Para esta vis\u00e3o de natureza bin\u00e1ria, grupos ultra-liberais e grupos religiosos conservadores convergem para diferenciar o bom do mau; onde os maus s\u00e3o todos aqueles que desejam &#8220;destruir&#8221; uma vis\u00e3o b\u00edblica da fam\u00edlia, com a &#8220;ideologia de g\u00eanero&#8221; ou uma educa\u00e7\u00e3o sexual que desmantela sua vis\u00e3o id\u00edlica desconectada da realidade.<\/p>\n\n\n\n<p>Nesses termos, Bolsonaro dividiu o pa\u00eds. Sua agenda ideol\u00f3gica n\u00e3o se traduziu em bem-estar para os brasileiros; seu discurso foi uma apologia \u00e0 viol\u00eancia que poderia muito bem afetar, desde a auto-estima dos grupos mais desfavorecidos do pa\u00eds, at\u00e9 a viol\u00eancia direta contra os mesmos. Assim, o retrocesso das pol\u00edticas de combate ao racismo e \u00e0 viol\u00eancia contra a mulher empoderou sujeitos que se consideraram historicamente com poder e podem atuar de forma impune por sua condi\u00e7\u00e3o social, de g\u00eanero e de ra\u00e7a. Com Bolsonaro, o governo agiu deliberadamente para desmantelar qualquer a\u00e7\u00e3o que protegesse estes segmentos.<\/p>\n\n\n\n<p>A gest\u00e3o da pandemia pode ter sido o in\u00edcio do colapso do bolsonarismo. Embora seja dif\u00edcil calcular o n\u00famero de vidas perdidas devido \u00e0 vis\u00e3o negacionista de Bolsonaro, o que \u00e9 certo \u00e9 que este tentou impedir a produ\u00e7\u00e3o de vacinas. Assim, diante da absoluta indiferen\u00e7a frente a centenas de milhares de mortes, o governo continuou de forma sistem\u00e1tica e deliberada incentivando o cont\u00e1gio atrav\u00e9s da aus\u00eancia de preven\u00e7\u00e3o.<\/p>\n\n\n\n<p>A maior evid\u00eancia de desarticula\u00e7\u00e3o em \u00e2mbito estatal foi a desprote\u00e7\u00e3o dos povos ind\u00edgenas e as pol\u00edticas de meio-ambiente. Isto foi seguido pela deliberada aus\u00eancia de fiscaliza\u00e7\u00e3o ao desmatamento e ao corte ilegal de madeira, o incentivo \u00e0 explora\u00e7\u00e3o ilegal de ouro que multiplicou a contamina\u00e7\u00e3o dos rios, a liberaliza\u00e7\u00e3o do uso de pesticidas proibidos em muitos pa\u00edses, e o incentivo \u00e0 invas\u00e3o de terras ind\u00edgenas para vincul\u00e1-las \u00e0 agroexporta\u00e7\u00e3o.<\/p>\n\n\n\n<p>A gest\u00e3o econ\u00f4mica \u00e9 outro aspecto que tem uma repercuss\u00e3o negativa no apoio ao presidente. A reforma da previd\u00eancia aprovada no primeiro ano do governo afetou a todos, mas especialmente a classe m\u00e9dia. Por outro lado, o consumo se viu afetado devido \u00e0 desvaloriza\u00e7\u00e3o da moeda e \u00e0 alta infla\u00e7\u00e3o que fez do Brasil o quarto pa\u00eds com a maior taxa de infla\u00e7\u00e3o entre as principais economias do mundo.<\/p>\n\n\n\n<p>A m\u00e1 condu\u00e7\u00e3o da pol\u00edtica de combust\u00edveis elevou durante v\u00e1rios meses o pre\u00e7o das cestas b\u00e1sicas. No Brasil, mais de 125 milh\u00f5es de pessoas possuem alguma vulnerabilidade no que se refere \u00e0 seguran\u00e7a alimentar. Neste contexto, Bolsonaro teve que prover recursos para a sobreviv\u00eancia dos segmentos mais vulner\u00e1veis, e a tentativa de utilizar sua pr\u00f3pria derrota como um triunfo pol\u00edtico n\u00e3o o favoreceu no apoio eleitoral.<\/p>\n\n\n\n<p>Outras vari\u00e1veis, como o enfraquecimento do antipetismo, tamb\u00e9m funcionaram contra ele. A condena\u00e7\u00e3o do ex-juiz Moro &#8211; que se tornou Ministro de Bolsonaro ap\u00f3s condenar Lula e impedi-lo de concorrer \u00e0 presid\u00eancia em 2018 &#8211; pelo Supremo Tribunal Federal, ao decidir que as decis\u00f5es do ex-juiz foram tendenciosas, foi um dos acontecimentos mais impactantes. Isto devolveu ao ex-presidente Lula a condi\u00e7\u00e3o de inoc\u00eancia.&nbsp;<\/p>\n\n\n\n<p>Nos \u00faltimos dois meses, a credibilidade do presidente tamb\u00e9m perdeu for\u00e7a ap\u00f3s a revela\u00e7\u00e3o de um antigo esquema de corrup\u00e7\u00e3o envolvendo a fam\u00edlia com a compra de 101 im\u00f3veis. Metade dessas casas e apartamentos foi obtida com dinheiro em esp\u00e9cie, pondo em d\u00favida a origem do dinheiro e uma evidente intencionalidade de evitar a fiscaliza\u00e7\u00e3o.<\/p>\n\n\n\n<p>Este contexto explica a tend\u00eancia para uma derrota do Presidente Bolsonaro. Seja no primeiro ou segundo turno. De fato, diante deste resultado previs\u00edvel, <a href=\"https:\/\/latinoamerica21.com\/br\/o-tudo-ou-nada-de-bolsonaro-para-se-manter-na-presidencia\/\">Bolsonaro vem ativando h\u00e1 meses o discurso da &#8220;fraude&#8221;<\/a> que busca desconsiderar o processo eleitoral. Esta narrativa est\u00e1 vinculada \u00e0 frustra\u00e7\u00e3o dos eleitores de extrema-direita, que t\u00eam implantado aleatoriamente a viol\u00eancia &#8211; inclusive com a morte de advers\u00e1rios &#8211; em v\u00e1rias partes do pa\u00eds.<\/p>\n\n\n\n<p>Frente a este cen\u00e1rio, e dada a frustra\u00e7\u00e3o e a inclina\u00e7\u00e3o autorit\u00e1ria de Bolsonaro, deve-se ter em conta a possibilidade de a\u00e7\u00f5es deliberadas da extrema direita para afetar os resultados ap\u00f3s a elei\u00e7\u00e3o. O Brasil e sua democracia enfrentam um grande desafio.<\/p>\n\n\n\n<p><em><sub>*Tradu\u00e7\u00e3o do espanhol por Giulia Gaspar<\/sub><\/em><\/p>\n","protected":false},"excerpt":{"rendered":"<p>O processo eleitoral brasileiro pode chegar ao fim no primeiro turno deste domingo com uma derrota do presidente.<\/p>\n","protected":false},"author":207,"featured_media":12502,"comment_status":"closed","ping_status":"closed","sticky":false,"template":"","format":"standard","meta":{"_acf_changed":false,"episode_type":"","audio_file":"","cover_image":"","cover_image_id":"","duration":"","filesize":"","filesize_raw":"","date_recorded":"","explicit":"","block":"","itunes_episode_number":"","itunes_title":"","itunes_season_number":"","itunes_episode_type":"","footnotes":""},"categories":[16711,16728,16746,16719,544],"tags":[],"gps":[],"class_list":{"0":"post-12513","1":"post","2":"type-post","3":"status-publish","4":"format-standard","5":"has-post-thumbnail","7":"category-elecciones-pt-br","8":"category-brasil-pt-br","9":"category-jair-bolsonaro-pt-br","10":"category-debates-pt-br","11":"category-politica-br"},"acf":[],"_links":{"self":[{"href":"https:\/\/latinoamerica21.com\/pt-br\/wp-json\/wp\/v2\/posts\/12513","targetHints":{"allow":["GET"]}}],"collection":[{"href":"https:\/\/latinoamerica21.com\/pt-br\/wp-json\/wp\/v2\/posts"}],"about":[{"href":"https:\/\/latinoamerica21.com\/pt-br\/wp-json\/wp\/v2\/types\/post"}],"author":[{"embeddable":true,"href":"https:\/\/latinoamerica21.com\/pt-br\/wp-json\/wp\/v2\/users\/207"}],"replies":[{"embeddable":true,"href":"https:\/\/latinoamerica21.com\/pt-br\/wp-json\/wp\/v2\/comments?post=12513"}],"version-history":[{"count":0,"href":"https:\/\/latinoamerica21.com\/pt-br\/wp-json\/wp\/v2\/posts\/12513\/revisions"}],"wp:featuredmedia":[{"embeddable":true,"href":"https:\/\/latinoamerica21.com\/pt-br\/wp-json\/wp\/v2\/media\/12502"}],"wp:attachment":[{"href":"https:\/\/latinoamerica21.com\/pt-br\/wp-json\/wp\/v2\/media?parent=12513"}],"wp:term":[{"taxonomy":"category","embeddable":true,"href":"https:\/\/latinoamerica21.com\/pt-br\/wp-json\/wp\/v2\/categories?post=12513"},{"taxonomy":"post_tag","embeddable":true,"href":"https:\/\/latinoamerica21.com\/pt-br\/wp-json\/wp\/v2\/tags?post=12513"},{"taxonomy":"gps","embeddable":true,"href":"https:\/\/latinoamerica21.com\/pt-br\/wp-json\/wp\/v2\/gps?post=12513"}],"curies":[{"name":"wp","href":"https:\/\/api.w.org\/{rel}","templated":true}]}}