{"id":12700,"date":"2022-10-17T09:00:00","date_gmt":"2022-10-17T12:00:00","guid":{"rendered":"https:\/\/latinoamerica21.com\/?p=12700"},"modified":"2022-10-18T04:09:12","modified_gmt":"2022-10-18T07:09:12","slug":"as-eleicoes-brasileiras-de-2022-e-a-america-latina-descontinuidade-e-descontentamento","status":"publish","type":"post","link":"https:\/\/latinoamerica21.com\/pt-br\/as-eleicoes-brasileiras-de-2022-e-a-america-latina-descontinuidade-e-descontentamento\/","title":{"rendered":"As elei\u00e7\u00f5es brasileiras de 2022 e a Am\u00e9rica Latina: descontinuidade e descontentamento"},"content":{"rendered":"\n<p>Infelizmente, n\u00f3s no Brasil temos o p\u00e9ssimo h\u00e1bito de nos importarmos pouco com o que acontece na Am\u00e9rica Latina. No campo pol\u00edtico brasileiro, a Am\u00e9rica Latina \u00e9 relacionada em geral ao perigo da &#8220;venezueliza\u00e7\u00e3o&#8221; chavista ou \u00e0s ondas de governos de esquerda que, vez por outra, parecem se fazer presente na regi\u00e3o. Sob a amea\u00e7a do populismo autocr\u00e1tico, encarnado no presidente Jair Bolsonaro e seus ataques \u00e0s institui\u00e7\u00f5es, em especial ao Supremo Tribunal Federal (STF), comentaristas de ponta citam os exemplos da R\u00fassia, de Vladimir Putin, da Hungria, de Viktor Orb\u00e1n, da Turquia, de Recep Tayyip Erdo\u011fan, mas n\u00e3o falam de Naiyb Bukele, em El Salvador. Em maio de 2021, o popular presidente salvadorenho removeu de uma s\u00f3 vez, com o apoio do Parlamento, cinco ju\u00edzes da Suprema Corte e o Procurador Geral, estabelecendo amplo controle sobre o Poder Judici\u00e1rio no pa\u00eds.<\/p>\n\n\n\n<p>H\u00e1 v\u00e1rios pontos de interse\u00e7\u00e3o importantes entre os contextos brasileiro e latino-americano, discuto aqui apenas um, em rela\u00e7\u00e3o aos resultados do primeiro turno das \u00faltimas elei\u00e7\u00f5es no Brasil, realizado em 2 de outubro. Na ocasi\u00e3o, os eleitores foram \u00e0s urnas escolher um presidente, 27 governadores, 513 congressistas, 27 senadores e centenas de representantes nos parlamentos estaduais. A Presid\u00eancia e 12 cargos de governador ficaram para ser decididos em um segundo turno, no dia 30 do mesmo m\u00eas.<\/p>\n\n\n\n<p>O ponto em comum \u00e9 o surgimento e a <a href=\"https:\/\/latinoamerica21.com\/br\/o-perigo-dos-outsiders\/\" target=\"_blank\" rel=\"noreferrer noopener\">consolida\u00e7\u00e3o de novos atores na arena pol\u00edtica<\/a>, substituindo aqueles de perfil mais tradicional. Vale lembrar que o segundo turno das elei\u00e7\u00f5es peruanas de 2021 foi disputado por duas candidaturas de fora do <em>establishment<\/em>: Keiko Fujimori e Pedro Castillo, que acabou vencedor sem nunca ter sido eleito para qualquer outro cargo administrativo na pol\u00edtica peruana. No Chile, novamente no ano passado, dois pol\u00edticos nada tradicionais tamb\u00e9m disputaram o segundo turno: Gabriel Boric e Jos\u00e9 Antonio Kast. Boric, oriundo de um partido criado em 2017, venceu com 55% dos votos. A candidata Yasna Campillay, apoiada pelos tradicionais Partido Dem\u00f3crata Cristiano (PDC), Partido por la Democracia (PPD) e Partido Socialista (PS), obteve apenas 11% dos votos no primeiro turno. O PDC, o PPD e o PS constitu\u00edram a famosa <em>concertaci\u00f3n<\/em>, que governou o Chile entre 1990 e 2010. Na Col\u00f4mbia, j\u00e1 em 2022, o embate final ficou entre Gustavo Petro e Rodolfo Hern\u00e1ndez, da peculiar Liga de Gobernantes Anticorrupci\u00f3n. Petro, chamado de &#8220;o primeiro presidente de esquerda da hist\u00f3ria colombiana&#8221;, e sua vice-presidente Francia M\u00e1rquez, uma ativista negra, feminista e defensora do meio-ambiente, venceram com pouco mais de 50% dos votos. O pr\u00f3prio Nayib Bukele foi eleito presidente de El Salvador em 2019 rompendo com 30 anos de dom\u00ednio dos partidos tradicionais no pa\u00eds (ARENA e FMLN).<\/p>\n\n\n\n<p>Ora, o que tudo isso tem a ver com a situa\u00e7\u00e3o brasileira? Vale notar que a vit\u00f3ria de Jair Bolsonaro nas elei\u00e7\u00f5es presidenciais de 2018 rompeu com o dom\u00ednio do Partido dos Trabalhadores (PT) e do Partido da Social Democracia Brasileira (PSDB), que disputaram a Presid\u00eancia no Brasil desde 1994. Apesar de ter sido deputado federal desde 1991, Bolsonaro sempre foi um pol\u00edtico minorit\u00e1rio, defensor do regime militar e da tortura, e que aparece na cena maior da pol\u00edtica brasileira com uma plataforma antissistema e reacion\u00e1ria, &#8220;para mudar tudo isso que est\u00e1 a\u00ed&#8221;. Ap\u00f3s uma performance catastr\u00f3fica durante a pandemia do Covid-19, que causou a morte de quase 700 mil brasileiros, Bolsonaro chegou ao segundo turno tendo recebido mais de 50 milh\u00f5es de votos no \u00faltimo 2 de outubro.<\/p>\n\n\n\n<p>\u00c9 preciso perceber tamb\u00e9m o que acontece no Congresso Nacional brasileiro. Entre os 10 deputados federais mais votados do pa\u00eds, n\u00e3o h\u00e1 nenhum do PT ou do PSDB, mas h\u00e1 figuras como Nikolas Ferreira, um youtuber de extrema direita que far\u00e1 seu primeiro mandato na Casa tendo recebido quase 1,5 milh\u00e3o de votos em Minas Gerais. H\u00e1 tamb\u00e9m Guilherme Boulos, outro que far\u00e1 seu primeiro mandato, tendo recebido pouco mais de um milh\u00e3o de votos em S\u00e3o Paulo. Boulos \u00e9, de fato, um novo expoente da esquerda brasileira, oriundo de um pequeno partido que h\u00e1 poucos anos recebia votos apenas em alguns bairros liberais do Rio de Janeiro (PSOL). Se olharmos do ponto de vista hist\u00f3rico, vemos que, entre as elei\u00e7\u00f5es de 2010 e 2022, o PSOL de Guilherme Boulos cresceu 366% no Congresso Nacional, tendo passado de tr\u00eas assentos para 14. Enquanto isso, o PSDB caiu mais de 75%, passando de 54 assentos para apenas 13 eleitos nas elei\u00e7\u00f5es deste ano. O Partido Liberal (PL), encampado por Jair Bolsonaro para o pleito, elegeu 99 deputados, um crescimento de 141% em rela\u00e7\u00e3o a 2010.<\/p>\n\n\n\n<p>Acredito que uma boa explica\u00e7\u00e3o para o que sucede se encontra no \u00faltimo relat\u00f3rio Latinobar\u00f3metro 2021, que entrevistou cidad\u00e3os de 17 pa\u00edses da Am\u00e9rica Latina entre 26 de outubro e 15 de dezembro de 2020, com mais de 19 mil entrevistas feitas presencialmente e outras 1200 via internet. O <em>report <\/em>aponta para um enorme descontentamento com as elites pol\u00edticas tradicionais e partidos obsoletos que, desde a transi\u00e7\u00e3o democr\u00e1tica, foram incapazes de lidar com os problemas cr\u00f4nicos da regi\u00e3o como a desigualdade, a corrupc\u00e3o e a viol\u00eancia. Nesse contexto, as consequ\u00eancias para a democracia s\u00e3o claras, com uma queda de 14 pontos percentuais no apoio aos regimes democr\u00e1ticos latino-americanos entre 2010 e 2020.<\/p>\n\n\n\n<p>Com isso, ao menos tr\u00eas quest\u00f5es podem ser ressaltadas como pontos a serem necessariamente refletidos a partir do que foi aqui exposto. Em primeiro lugar, fica claro que n\u00e3o basta derrotar plataformas antidemocr\u00e1ticas no Brasil ou na regi\u00e3o como um todo. \u00c9 preciso tamb\u00e9m fazer com que as institui\u00e7\u00f5es trabalhem para o povo (e n\u00e3o somente para as elites). Hoje, ao menos no contexto brasileiro, defendemos institui\u00e7\u00f5es que t\u00eam se mostrado incapazes de contemplar de forma universal os direitos b\u00e1sicos do cidad\u00e3o no pa\u00eds e fazemos isso apenas porque n\u00e3o temos escolha melhor. Em segundo lugar, \u00e9 importante perceber o que muitos autores entendem como mudan\u00e7as na cultura pol\u00edtica que ocorrem em paralelo \u00e0s transforma\u00e7\u00f5es na infraestrutura comunicacional. As m\u00eddias digitais, para o bem e para o mal, trouxeram novas formas de participa\u00e7\u00e3o e novos formatos de informa\u00e7\u00e3o pol\u00edtica, que colocam press\u00e3o sobre os partidos tradicionais frente a novos atores mais aptos \u00e0s din\u00e2micas da internet. Por fim, torna-se imprescind\u00edvel uma aten\u00e7\u00e3o maior brasileira para a Am\u00e9rica Latina, de modo a se construir inst\u00e2ncias de coopera\u00e7\u00e3o mais eficazes para problemas pol\u00edticos comuns e como forma prof\u00edcua de se entender a si mesmo.&nbsp; &nbsp;<\/p>\n","protected":false},"excerpt":{"rendered":"<p>Os resultados da primeira rodada no Brasil refletem o que est\u00e1 acontecendo na Am\u00e9rica Latina: o surgimento e a consolida\u00e7\u00e3o de novos atores na arena pol\u00edtica, substituindo aqueles com um perfil mais tradicional.<\/p>\n","protected":false},"author":381,"featured_media":12697,"comment_status":"closed","ping_status":"closed","sticky":false,"template":"","format":"standard","meta":{"_acf_changed":false,"episode_type":"","audio_file":"","cover_image":"","cover_image_id":"","duration":"","filesize":"","filesize_raw":"","date_recorded":"","explicit":"","block":"","itunes_episode_number":"","itunes_title":"","itunes_season_number":"","itunes_episode_type":"","footnotes":""},"categories":[16728,14397,544],"tags":[],"gps":[],"class_list":{"0":"post-12700","1":"post","2":"type-post","3":"status-publish","4":"format-standard","5":"has-post-thumbnail","7":"category-brasil-pt-br","8":"category-eleicoes","9":"category-politica-br"},"acf":[],"_links":{"self":[{"href":"https:\/\/latinoamerica21.com\/pt-br\/wp-json\/wp\/v2\/posts\/12700","targetHints":{"allow":["GET"]}}],"collection":[{"href":"https:\/\/latinoamerica21.com\/pt-br\/wp-json\/wp\/v2\/posts"}],"about":[{"href":"https:\/\/latinoamerica21.com\/pt-br\/wp-json\/wp\/v2\/types\/post"}],"author":[{"embeddable":true,"href":"https:\/\/latinoamerica21.com\/pt-br\/wp-json\/wp\/v2\/users\/381"}],"replies":[{"embeddable":true,"href":"https:\/\/latinoamerica21.com\/pt-br\/wp-json\/wp\/v2\/comments?post=12700"}],"version-history":[{"count":0,"href":"https:\/\/latinoamerica21.com\/pt-br\/wp-json\/wp\/v2\/posts\/12700\/revisions"}],"wp:featuredmedia":[{"embeddable":true,"href":"https:\/\/latinoamerica21.com\/pt-br\/wp-json\/wp\/v2\/media\/12697"}],"wp:attachment":[{"href":"https:\/\/latinoamerica21.com\/pt-br\/wp-json\/wp\/v2\/media?parent=12700"}],"wp:term":[{"taxonomy":"category","embeddable":true,"href":"https:\/\/latinoamerica21.com\/pt-br\/wp-json\/wp\/v2\/categories?post=12700"},{"taxonomy":"post_tag","embeddable":true,"href":"https:\/\/latinoamerica21.com\/pt-br\/wp-json\/wp\/v2\/tags?post=12700"},{"taxonomy":"gps","embeddable":true,"href":"https:\/\/latinoamerica21.com\/pt-br\/wp-json\/wp\/v2\/gps?post=12700"}],"curies":[{"name":"wp","href":"https:\/\/api.w.org\/{rel}","templated":true}]}}