{"id":12842,"date":"2022-10-28T09:00:00","date_gmt":"2022-10-28T12:00:00","guid":{"rendered":"https:\/\/latinoamerica21.com\/?p=12842"},"modified":"2022-10-27T17:29:12","modified_gmt":"2022-10-27T20:29:12","slug":"america-latina-e-china-em-tempos-de-incerteza-mundial","status":"publish","type":"post","link":"https:\/\/latinoamerica21.com\/pt-br\/america-latina-e-china-em-tempos-de-incerteza-mundial\/","title":{"rendered":"Am\u00e9rica Latina e China em tempos de incerteza mundial"},"content":{"rendered":"\n<p>As din\u00e2micas internacionais n\u00e3o d\u00e3o tr\u00e9gua \u00e0 economia e ao com\u00e9rcio internacional, o que leva as organiza\u00e7\u00f5es e aos analistas a permanente revis\u00e3o das proje\u00e7\u00f5es econ\u00f4micas para os pr\u00f3ximos meses. O certo \u00e9 que n\u00e3o \u00e9 mais poss\u00edvel prever o que vai acontecer na economia global, e a alternativa \u00e9 limitar-se a identificar cen\u00e1rios poss\u00edveis.<\/p>\n\n\n\n<p>Atualmente, toda a aten\u00e7\u00e3o do mundo est\u00e1 voltada para a <a href=\"https:\/\/latinoamerica21.com\/br\/a-guerra-da-ucrania-e-seu-impacto-na-seguranca-alimentar-na-america-latina\/\">guerra na Ucr\u00e2nia<\/a>, que come\u00e7ou em fevereiro de 2022 e est\u00e1 em fase de escalada, dada a anexa\u00e7\u00e3o de mais quatro prov\u00edncias ucranianas por Vladimir Putin. Juntamente com a Crimeia, anexada em 2014, a R\u00fassia controla 22% do territ\u00f3rio da Ucr\u00e2nia e a por\u00e7\u00e3o mais rica em produtos agr\u00edcolas e minerais. A isto se soma o poss\u00edvel uso de armas nucleares por parte de Putin.<\/p>\n\n\n\n<p>Mas tamb\u00e9m chegou-se a limites inesperados no enfrentamento de Estados Unidos e China por Taiwan, dada a <a href=\"https:\/\/latinoamerica21.com\/br\/pelosi-em-taiwan-um-gesto-politico-e-uma-resposta-desproporcional\/\">visita da Presidente da C\u00e2mara dos Representantes dos Estados Unidos, Nancy Pelosi<\/a>, \u00e0 ilha. \u00c0 medida que se estabilizam as tens\u00f5es entre as duas principais pot\u00eancias mundiais, a Cor\u00e9ia do Norte est\u00e1 fazendo sentir sua presen\u00e7a com uma s\u00e9rie de lan\u00e7amentos de m\u00edsseis, alguns dos quais chegaram a atravessar o territ\u00f3rio japon\u00eas.<\/p>\n\n\n\n<p>Neste contexto, as principais economias mundiais enfrentam enormes desafios e j\u00e1 evidenciam resultados econ\u00f4micos muito deficientes at\u00e9 este momento de 2022. Naturalmente, a guerra na Ucr\u00e2nia teve um impacto nos pre\u00e7os internacionais, n\u00e3o s\u00f3 de produtos aliment\u00edcios, mas tamb\u00e9m energ\u00e9ticos, o que afetou os pre\u00e7os internos com altos n\u00edveis de infla\u00e7\u00e3o nos \u00faltimos meses.<\/p>\n\n\n\n<p>Recentemente, e devido \u00e0s pol\u00edticas monet\u00e1rias e financeiras (taxas de juros) seguidas pelas principais pot\u00eancias, al\u00e9m de certa recupera\u00e7\u00e3o e aumento dos n\u00edveis de oferta, os pre\u00e7os internacionais sofreram uma queda significativa, embora permane\u00e7am a pre\u00e7os historicamente altos.<\/p>\n\n\n\n<p>Por outro lado, h\u00e1 o <a href=\"https:\/\/latinoamerica21.com\/br\/a-nova-onda-rosa-latino-americana-e-as-relacoes-com-a-china\/\">fator China<\/a>, que sofreu com os efeitos de sua pol\u00edtica de COVID zero na economia, especialmente as decis\u00f5es dr\u00e1sticas de quarentenas obrigat\u00f3rias e de fechamento de portos, tal como ocorreu em Xangai. Embora se espere que um levantamento progressivo das medidas restritivas na China comece por meio do comit\u00ea central do Partido Comunista, a estabiliza\u00e7\u00e3o total pode n\u00e3o ser alcan\u00e7ada at\u00e9 meados de 2023.<\/p>\n\n\n\n<p>De fato, de acordo com dados do Fundo Monet\u00e1rio Internacional (FMI), no segundo trimestre de 2022 a economia da China caiu -2,6%, enquanto a dos Estados Unidos e do Reino Unido, -0,1% (no caso da principal pot\u00eancia mundial, seria o segundo trimestre consecutivo de decl\u00ednio). Enquanto isso, o Jap\u00e3o cresceu 0,5% no segundo trimestre deste ano e a zona do euro, 0,6%.<\/p>\n\n\n\n<p>Al\u00e9m disso, o FMI prev\u00ea que o crescimento econ\u00f4mico para 2022 e 2023 esteja nas taxas mais baixas at\u00e9 agora no s\u00e9culo XXI e espera uma situa\u00e7\u00e3o ainda pior com o corte total do fornecimento de g\u00e1s da R\u00fassia para a Uni\u00e3o Europ\u00e9ia, o que aumenta os riscos de recess\u00e3o. Por outro lado, a Organiza\u00e7\u00e3o Mundial do Com\u00e9rcio (OMC) revisou suas proje\u00e7\u00f5es de crescimento do com\u00e9rcio mundial para 2023, e este estar\u00e1 nos piores \u00edndices das \u00faltimas d\u00e9cadas.<\/p>\n\n\n\n<p>Neste cen\u00e1rio de globaliza\u00e7\u00e3o econ\u00f4mica e interdepend\u00eancia, a Am\u00e9rica Latina n\u00e3o est\u00e1 isenta da crise global, especialmente dada a import\u00e2ncia das principais economias do mundo como mercados de destino das exporta\u00e7\u00f5es, por exemplo a China, onde as vendas para esse mercado est\u00e3o caindo (assim como a j\u00e1 mencionada queda nos pre\u00e7os internacionais de alguns produtos).<\/p>\n\n\n\n<p>Al\u00e9m disso, em tempos de incerteza, o d\u00f3lar se fortalece, o que tem implica\u00e7\u00f5es para os n\u00edveis de d\u00edvida de muitos dos pa\u00edses latino-americanos. Estes, por sua vez, se veem impactados pelo aumento das taxas de juros para controlar a infla\u00e7\u00e3o. Isto encarece as taxas de financiamento de muitas das economias emergentes.&nbsp;<\/p>\n\n\n\n<p>Por outro lado, e al\u00e9m dos efeitos rec\u00e9m assinalados, alguns pa\u00edses da Am\u00e9rica Latina mostram desempenhos melhores do que os projetados, mesmo com a revis\u00e3o para cima do crescimento esperado para o restante do ano. A capacidade de produzir produtos agr\u00edcolas e alimentos processados (embora existam amea\u00e7as clim\u00e1ticas), bem como, em alguns casos, bens energ\u00e9ticos de forma muito competitiva (com capacidade de exportar para o mundo), \u00e9 um enorme diferencial na conjuntura atual em que existem limita\u00e7\u00f5es de oferta estruturais.&nbsp;&nbsp;<\/p>\n\n\n\n<p>Num contexto de instabilidade, com guerras em curso e receios de dificuldades ainda maiores, conceitos vinculados&nbsp; \u00e0 seguran\u00e7a alimentar e \u00e0 continuidade das cadeias de abastecimento colocam muitos pa\u00edses latino-americanos em uma posi\u00e7\u00e3o de vantagem comparativa, que deve ser aproveitada e complementada com reformas estruturais que ainda est\u00e3o pendentes.<\/p>\n\n\n\n<p><em><sub>* Este texto foi publicado originalmente no site da <\/sub><\/em><a href=\"http:\/\/chinayamericalatina.com\/\"><sub><em>REDCAEM<\/em><\/sub><\/a><\/p>\n\n\n\n<p><em><sub>*Tradu\u00e7\u00e3o do espanhol por Giulia Gaspar<\/sub><\/em><\/p>\n","protected":false},"excerpt":{"rendered":"<p>As din\u00e2micas internacionais n\u00e3o d\u00e3o tr\u00e9gua \u00e0 economia e ao com\u00e9rcio internacional, o que leva as organiza\u00e7\u00f5es e os analistas a revisar permanentemente as proje\u00e7\u00f5es econ\u00f4micas para os pr\u00f3ximos meses.<\/p>\n","protected":false},"author":324,"featured_media":12840,"comment_status":"closed","ping_status":"closed","sticky":false,"template":"","format":"standard","meta":{"_acf_changed":false,"episode_type":"","audio_file":"","cover_image":"","cover_image_id":"","duration":"","filesize":"","filesize_raw":"","date_recorded":"","explicit":"","block":"","itunes_episode_number":"","itunes_title":"","itunes_season_number":"","itunes_episode_type":"","footnotes":""},"categories":[16742,16761,544],"tags":[],"gps":[],"class_list":{"0":"post-12842","1":"post","2":"type-post","3":"status-publish","4":"format-standard","5":"has-post-thumbnail","7":"category-comercio-pt-br","8":"category-china-es-pt-br","9":"category-politica-br"},"acf":[],"_links":{"self":[{"href":"https:\/\/latinoamerica21.com\/pt-br\/wp-json\/wp\/v2\/posts\/12842","targetHints":{"allow":["GET"]}}],"collection":[{"href":"https:\/\/latinoamerica21.com\/pt-br\/wp-json\/wp\/v2\/posts"}],"about":[{"href":"https:\/\/latinoamerica21.com\/pt-br\/wp-json\/wp\/v2\/types\/post"}],"author":[{"embeddable":true,"href":"https:\/\/latinoamerica21.com\/pt-br\/wp-json\/wp\/v2\/users\/324"}],"replies":[{"embeddable":true,"href":"https:\/\/latinoamerica21.com\/pt-br\/wp-json\/wp\/v2\/comments?post=12842"}],"version-history":[{"count":0,"href":"https:\/\/latinoamerica21.com\/pt-br\/wp-json\/wp\/v2\/posts\/12842\/revisions"}],"wp:featuredmedia":[{"embeddable":true,"href":"https:\/\/latinoamerica21.com\/pt-br\/wp-json\/wp\/v2\/media\/12840"}],"wp:attachment":[{"href":"https:\/\/latinoamerica21.com\/pt-br\/wp-json\/wp\/v2\/media?parent=12842"}],"wp:term":[{"taxonomy":"category","embeddable":true,"href":"https:\/\/latinoamerica21.com\/pt-br\/wp-json\/wp\/v2\/categories?post=12842"},{"taxonomy":"post_tag","embeddable":true,"href":"https:\/\/latinoamerica21.com\/pt-br\/wp-json\/wp\/v2\/tags?post=12842"},{"taxonomy":"gps","embeddable":true,"href":"https:\/\/latinoamerica21.com\/pt-br\/wp-json\/wp\/v2\/gps?post=12842"}],"curies":[{"name":"wp","href":"https:\/\/api.w.org\/{rel}","templated":true}]}}