{"id":12874,"date":"2022-10-30T05:00:00","date_gmt":"2022-10-30T08:00:00","guid":{"rendered":"https:\/\/latinoamerica21.com\/?p=12874"},"modified":"2022-10-29T12:27:19","modified_gmt":"2022-10-29T15:27:19","slug":"so-a-politica-freara-a-mudanca-climatica","status":"publish","type":"post","link":"https:\/\/latinoamerica21.com\/pt-br\/so-a-politica-freara-a-mudanca-climatica\/","title":{"rendered":"S\u00f3 a pol\u00edtica frear\u00e1 a mudan\u00e7a clim\u00e1tica"},"content":{"rendered":"\n<p>Um relat\u00f3rio recente <a href=\"https:\/\/public.wmo.int\/en\/media\/press-release\/more-bad-news-planet-greenhouse-gas-levels-hit-new-highs\" target=\"_blank\" rel=\"noreferrer noopener\">da Organiza\u00e7\u00e3o Meteorol\u00f3gica Mundial (OMM)<\/a> destaca que os gases de efeito estufa (GEE) alcan\u00e7aram n\u00edveis recordes: 50% a mais durante o per\u00edodo 1990-2021. Al\u00e9m de mostrar os n\u00edveis extremos de di\u00f3xido de carbono abrigados na atmosfera, o relat\u00f3rio destaca o perigoso aumento das emiss\u00f5es de metano: embora permane\u00e7a menos na atmosfera, seu efeito sobre a mudan\u00e7a clim\u00e1tica \u00e9 muito mais pronunciado. Mais preocupante \u00e9 a tend\u00eancia que projeta: vamos queimar nos pr\u00f3ximos anos.<\/p>\n\n\n\n<p>Segundo o \u00faltimo relat\u00f3rio da Ag\u00eancia Internacional de Energia (AIE), a invas\u00e3o da R\u00fassia na Ucr\u00e2nia acarretou uma corrida por novos projetos petrol\u00edferos. <a href=\"https:\/\/latinoamerica21.com\/br\/e-se-taxarmos-os-lucros-das-petroleiras-para-financiar-a-transicao-energetica\/\" target=\"_blank\" rel=\"noreferrer noopener\">O aumento no pre\u00e7o dos combust\u00edveis f\u00f3sseis<\/a> proporciona \u00e0s petroleiras lucros extraordin\u00e1rios, a um grau que o Secret\u00e1rio Geral das Na\u00e7\u00f5es Unidas, Ant\u00f3nio Guterres, n\u00e3o para de denunciar, ao mesmo tempo em que clama por impostos extraordin\u00e1rios.<\/p>\n\n\n\n<p>O maior custo energ\u00e9tico, no entanto, poderia acelerar a transi\u00e7\u00e3o energ\u00e9tica, como argumenta o diretor executivo da AIE, Fatih Birol. Esta afirma\u00e7\u00e3o se fundamenta em fatos, como as mudan\u00e7as provocadas pelo surgimento de novos pacotes verdes, como a lei de redu\u00e7\u00e3o da infla\u00e7\u00e3o introduzida pelo governo de Joe Biden nos EUA, a bateria de medidas introduzidas pela Uni\u00e3o Europeia ou os novos pacotes de Jap\u00e3o, Cor\u00e9ia do Sul, China e \u00cdndia. Em resumo, mesmo que alguns celebrem uma maior produ\u00e7\u00e3o e outros saem em busca de g\u00e1s em cada canto do planeta, tanto produtores quanto compradores sabem que o pico dos f\u00f3sseis est\u00e1 bem pr\u00f3ximo.<\/p>\n\n\n\n<p>Deixando as promessas de lado, o certo \u00e9 que, se os n\u00edveis atuais de produ\u00e7\u00e3o e consumo continuarem, as proje\u00e7\u00f5es seguir\u00e3o catastr\u00f3ficas, como mostra o \u00faltimo relat\u00f3rio do Programa das Na\u00e7\u00f5es Unidas para o Meio Ambiente: <a href=\"https:\/\/www.unep.org\/resources\/emissions-gap-report-2022#:~:text=The%20window%20is%20closing!,cent%20to%20avoid%20global%20catastrophe.\" target=\"_blank\" rel=\"noreferrer noopener\"><em>Lacuna de emiss\u00f5es 2022: a janela que se fecha<\/em><\/a>, PNUMA, 2022. Considerando os compromissos assumidos pelos pa\u00edses em Paris em 2015 \u2013 as denominadas contribui\u00e7\u00f5es nacionais determinadas (NDCs) \u2013 estamos caminhando para um \u00edndice de emiss\u00f5es que gera um aumento de 2,5\u00b0C na temperatura m\u00e9dia do planeta.<\/p>\n\n\n\n<p>Os efeitos que o aumento de 1,2\u00b0C t\u00eam causado em 2022 s\u00e3o evidentes: um ter\u00e7o do Paquist\u00e3o est\u00e1 debaixo d&#8217;\u00e1gua, as calotas polares est\u00e3o derretendo e a Groenl\u00e2ndia est\u00e1 perdendo seu permafrost, como a camada de solo permanentemente congelada \u00e9 conhecida. Tudo isso implica uma eleva\u00e7\u00e3o nos n\u00edveis do oceano, o que repercute nas cidades costeiras do mundo todo. A ind\u00fastria de seguros sabe disso. Por isso, deixou de segurar muitas casas nas zonas costeiras dos EUA.<\/p>\n\n\n\n<p>Como mostram os \u00faltimos relat\u00f3rios do painel internacional de especialistas em mudan\u00e7a clim\u00e1tica (<a href=\"https:\/\/www.ipcc.ch\/\" target=\"_blank\" rel=\"noreferrer noopener\">IPCC, 2022<\/a>), o principal obst\u00e1culo \u00e9 pol\u00edtico. \u00c9 necess\u00e1rio novas regula\u00e7\u00f5es e impostos, assim como um redesenho do sistema financeiro. E isto n\u00e3o \u00e9 s\u00f3 responsabilidade dos pa\u00edses desenvolvidos: na regi\u00e3o, a ind\u00fastria petrol\u00edfera recebe recursos substanciais, enquanto se beneficia de grandes subs\u00eddios. A transi\u00e7\u00e3o n\u00e3o pode ser deixada na m\u00e3o do mercado, s\u00e3o os Governos locais que devem fixar metas e canalizar fundos.<\/p>\n\n\n\n<p>Estes relat\u00f3rios repercutir\u00e3o, sem d\u00favida, em Sharm El Sheikh, Egito, onde acontecer\u00e1 a <a href=\"https:\/\/unfccc.int\/process-and-meetings\/conferences\/sharm-el-sheikh-climate-change-conference-november-2022\/information-for-cop-27-participants-a-z\" target=\"_blank\" rel=\"noreferrer noopener\">27\u00aa Confer\u00eancia das Partes<\/a> (COP). V\u00e1rias delega\u00e7\u00f5es da regi\u00e3o ir\u00e3o destacar o papel que a Am\u00e9rica Latina pode desempenhar no mercado energ\u00e9tico como provedor de g\u00e1s natural. O entusiasmo n\u00e3o s\u00f3 reflete os pre\u00e7os, mas tamb\u00e9m a declara\u00e7\u00e3o da UE de considerar o g\u00e1s como sustent\u00e1vel. A urg\u00eancia n\u00e3o s\u00f3 encobre o que \u00e9 importante, mas tamb\u00e9m justifica as inconsist\u00eancias.<\/p>\n\n\n\n<p>Os sinais equivocados podem, lamentavelmente, terminar levando a decis\u00f5es err\u00f4neas. Uma s\u00e9rie de relat\u00f3rios do Banco Interamericano de Desenvolvimento (BID) levanta os altos riscos financeiros de embarcar nestes projetos: ativos irrecuper\u00e1veis. Um relat\u00f3rio recente do PNUMA, <em>O<\/em> <em>g\u00e1s natural \u00e9 um bom investimento para a Am\u00e9rica Latina e o Caribe?<\/em>, destaca como seria errado avan\u00e7ar nessa dire\u00e7\u00e3o.<\/p>\n\n\n\n<p>Levando em conta tanto o econ\u00f4mico quanto o social, o relat\u00f3rio destaca que os benef\u00edcios s\u00e3o significativamente menores do que aqueles que gerariam ao avan\u00e7ar com a transi\u00e7\u00e3o. Avan\u00e7ar com as renov\u00e1veis poderia criar tr\u00eas milh\u00f5es de empregos, al\u00e9m de gerar avan\u00e7os tecnol\u00f3gicos em dire\u00e7\u00e3o a cadeias de valor mais din\u00e2micas. Pensando nas necessidades energ\u00e9ticas da regi\u00e3o, avan\u00e7ar com as energias renov\u00e1veis implicaria uma economia milion\u00e1ria de milh\u00f5es, resultado da queda cont\u00ednua nos pre\u00e7os dos equipamentos.<\/p>\n\n\n\n<p>Mas nas decis\u00f5es p\u00fablicas, o curto prazo \u00e9 primordial e n\u00e3o existem fendas ao aplaudir o extrativismo. Certamente os pre\u00e7os enviam sinais favor\u00e1veis, mas as decis\u00f5es de investimento s\u00e3o regidas pela rentabilidade. S\u00e3o os Governos que devem, com suas pol\u00edticas, apontar os perigos de investir em novos po\u00e7os e avan\u00e7ar com o <em>fracking<\/em>. Entretanto, salvo algumas exce\u00e7\u00f5es, ningu\u00e9m na regi\u00e3o prop\u00f5e o debate.<\/p>\n\n\n\n<p>Tudo isso levanta a necessidade de transformar nosso esquema de produ\u00e7\u00e3o, nosso sistema de transporte, a pr\u00f3pria vida. Os relat\u00f3rios mencionados s\u00e3o uma amostra da gravidade do problema. Se n\u00e3o quisermos que a temperatura aumente acima de 1,5\u00b0C at\u00e9 2030, as emiss\u00f5es de GEE devem diminuir em 45%. Temos os meios; as alternativas s\u00e3o t\u00e9cnica e economicamente vi\u00e1veis. No entanto, a gan\u00e2ncia pode mais do que a simpatia, uma leitura tendenciosa do trabalho de Adam Smith.<\/p>\n\n\n\n<p>Se n\u00e3o agirmos, n\u00e3o estamos s\u00f3 condenando as gera\u00e7\u00f5es futuras, for\u00e7aremos milh\u00f5es de pessoas a uma busca desesperada por novas fronteiras e sentenciaremos milhares de pessoas \u00e0 exposi\u00e7\u00e3o a eventos cada vez mais extremos. E se negligenciarmos os perigos de avan\u00e7ar sobre os limites da Terra, a economia perde o sentido. Ao apresentar o \u00faltimo relat\u00f3rio, o diretor executivo do PNUMA, Inger Andersen, afirmou que a janela est\u00e1 se fechando sobre n\u00f3s, que n\u00e3o h\u00e1 espa\u00e7o para mudan\u00e7as incrementais pois o tempo acabou. O momento atual exige repensar nosso modo de vida, repensemos nossas perspectivas.<\/p>\n","protected":false},"excerpt":{"rendered":"<p>Um relat\u00f3rio recente da Organiza\u00e7\u00e3o Meteorol\u00f3gica Mundial destaca que os gases de efeito estufa alcan\u00e7aram n\u00edveis recordes, o que est\u00e1 causando graves consequ\u00eancias para o planeta.<\/p>\n","protected":false},"author":213,"featured_media":12864,"comment_status":"closed","ping_status":"closed","sticky":false,"template":"","format":"standard","meta":{"_acf_changed":false,"episode_type":"","audio_file":"","cover_image":"","cover_image_id":"","duration":"","filesize":"","filesize_raw":"","date_recorded":"","explicit":"","block":"","itunes_episode_number":"","itunes_title":"","itunes_season_number":"","itunes_episode_type":"","footnotes":""},"categories":[16897,14475,14522,546],"tags":[],"gps":[],"class_list":{"0":"post-12874","1":"post","2":"type-post","3":"status-publish","4":"format-standard","5":"has-post-thumbnail","7":"category-cambio-climatico-pt-br","8":"category-mudanca-climatica","9":"category-transicao-energetica","10":"category-sociedad-br"},"acf":[],"_links":{"self":[{"href":"https:\/\/latinoamerica21.com\/pt-br\/wp-json\/wp\/v2\/posts\/12874","targetHints":{"allow":["GET"]}}],"collection":[{"href":"https:\/\/latinoamerica21.com\/pt-br\/wp-json\/wp\/v2\/posts"}],"about":[{"href":"https:\/\/latinoamerica21.com\/pt-br\/wp-json\/wp\/v2\/types\/post"}],"author":[{"embeddable":true,"href":"https:\/\/latinoamerica21.com\/pt-br\/wp-json\/wp\/v2\/users\/213"}],"replies":[{"embeddable":true,"href":"https:\/\/latinoamerica21.com\/pt-br\/wp-json\/wp\/v2\/comments?post=12874"}],"version-history":[{"count":0,"href":"https:\/\/latinoamerica21.com\/pt-br\/wp-json\/wp\/v2\/posts\/12874\/revisions"}],"wp:featuredmedia":[{"embeddable":true,"href":"https:\/\/latinoamerica21.com\/pt-br\/wp-json\/wp\/v2\/media\/12864"}],"wp:attachment":[{"href":"https:\/\/latinoamerica21.com\/pt-br\/wp-json\/wp\/v2\/media?parent=12874"}],"wp:term":[{"taxonomy":"category","embeddable":true,"href":"https:\/\/latinoamerica21.com\/pt-br\/wp-json\/wp\/v2\/categories?post=12874"},{"taxonomy":"post_tag","embeddable":true,"href":"https:\/\/latinoamerica21.com\/pt-br\/wp-json\/wp\/v2\/tags?post=12874"},{"taxonomy":"gps","embeddable":true,"href":"https:\/\/latinoamerica21.com\/pt-br\/wp-json\/wp\/v2\/gps?post=12874"}],"curies":[{"name":"wp","href":"https:\/\/api.w.org\/{rel}","templated":true}]}}