{"id":13090,"date":"2022-11-13T05:00:00","date_gmt":"2022-11-13T08:00:00","guid":{"rendered":"https:\/\/latinoamerica21.com\/?p=13090"},"modified":"2022-11-13T07:22:15","modified_gmt":"2022-11-13T10:22:15","slug":"lula-vs-evangelicos-a-polarizacao-acabou","status":"publish","type":"post","link":"https:\/\/latinoamerica21.com\/pt-br\/lula-vs-evangelicos-a-polarizacao-acabou\/","title":{"rendered":"Lula vs. evang\u00e9licos: a polariza\u00e7\u00e3o acabou?"},"content":{"rendered":"\n<p><strong><em>Coautor David Samuels<\/em><\/strong><\/p>\n\n\n\n<p>O que esperar da rela\u00e7\u00e3o de Lula com o movimento evang\u00e9lico? Durante a campanha presidencial, l\u00edderes evang\u00e9licos louvaram Bolsonaro e demonizaram Lula. A t\u00edtulo de exemplo, o \u201cpastor pop\u201d Claudio Duarte, com 7 milh\u00f5es de seguidores no Instagram, afirmou que bons crist\u00e3os votavam em Bolsonaro. Na mesma linha, Silas Malafaia, um dos mais aguerridos dos aliados de Bolsonaro, disse que Lula era \u201cuma vergonha\u201d e Michele Bolsonaro, o elo entre seu marido e os l\u00edderes evang\u00e9licos, disse que Lula era \u201co pai da mentira\u201d. Gra\u00e7as a esse estilo discursivo, grande parte dos observadores conclu\u00edram que n\u00e3o haveria esperan\u00e7a de que os evang\u00e9licos fizessem as pazes com Lula e o Partido dos Trabalhadores.<\/p>\n\n\n\n<p>Entretanto, as aproxima\u00e7\u00f5es recentes de lideran\u00e7as evang\u00e9licas-chave, como <a href=\"https:\/\/www.telam.com.ar\/notas\/202211\/609823-pastor-apoyo-bolsonaro-religion-brasil.html\">Edir Macedo (que pediu para que seus fi\u00e9is perdoassem Lula)<\/a>, e o governo eleito sugerem que o abismo entre evang\u00e9licos e petistas n\u00e3o seja intranspon\u00edvel. Primeiro, \u00e9 importante lembrar que Macedo se aliou a Lula no passado. Seu partido (ent\u00e3o, PRB \u2013 hoje, Republicanos) participou ativamente do governo petista, tendo Marcelo Crivella, seu sobrinho e apadrinhado pol\u00edtico, como Ministro da Pesca. Em segundo lugar, a oposi\u00e7\u00e3o do eleitorado evang\u00e9lico a Lula nunca foi monol\u00edtica. Ainda em maio deste ano, o instituto Datafolha divulgou que, enquanto 39% dos evang\u00e9licos apoiavam Bolsonaro, 36% apoiavam Lula. Ao final do segundo turno, depois de um intenso lobby de l\u00edderes evang\u00e9licos dentro das igrejas em apoio a Bolsonaro, essa dist\u00e2ncia cresceu e o apoio evang\u00e9lico a Bolsonaro chegou a 61%. No entanto, Lula caiu apenas 4 pontos e manteve o apoio de 32% do eleitorado evang\u00e9lico. Bolsonaro abriu uma vantagem consider\u00e1vel em rela\u00e7\u00e3o \u00e0 Lula, mas esse aumento vertiginoso do apoio evang\u00e9lico pr\u00f3ximo \u00e0s elei\u00e7\u00f5es indica que este pode ser ef\u00eamero e prestes a se dissipar.<\/p>\n\n\n\n<p>Outro motivo, talvez ainda mais importante para a aproxima\u00e7\u00e3o dos dois grupos, seja a inviabilidade da manuten\u00e7\u00e3o das igrejas evang\u00e9licas na oposi\u00e7\u00e3o ao governo Lula \u2013 ou a qualquer governo. O mercado religioso brasileiro, cada vez mais competitivo, exige que <a href=\"https:\/\/latinoamerica21.com\/br\/populismo-religioso-inserido-na-politica-latino-americana\/\">l\u00edderes evang\u00e9licos se dediquem a angariar recursos estatais para operar e expandir<\/a>. Primeiro porque os recursos limitados dos membros dessas igrejas n\u00e3o s\u00e3o suficientes para o pagamento de suas obriga\u00e7\u00f5es, j\u00e1 que aproximadamente dois ter\u00e7os dos evang\u00e9licos vivem com menos de um sal\u00e1rio m\u00ednimo. As igrejas neopentecostais sobretudo (setor religioso que mais se expande no pa\u00eds) precisam demonstrar a conquista de sucesso financeiro com a constru\u00e7\u00e3o de igrejas cada vez mais suntuosas e a manuten\u00e7\u00e3o do estilo de vida opulento de seus pastores, dada a centralidade da teologia da prosperidade nos seus cultos.<\/p>\n\n\n\n<p>Uma vez que n\u00e3o podem contar apenas com seus fi\u00e9is, l\u00edderes evang\u00e9licos miram os cofres p\u00fablicos. Por meio de seus representantes no Congresso, as igrejas evang\u00e9licas competem pelo acesso a recursos estatais que podem ser redistribu\u00eddos entre os seus seguidores, de modo a garantir vantagens competitivas no mercado religioso. Afinal, um dos apelos-chave das igrejas evang\u00e9licas s\u00e3o os servi\u00e7os que elas prestam \u00e0s popula\u00e7\u00f5es mais vulner\u00e1veis \u2013 servi\u00e7os esses caros e que requerem um influxo constante de recursos. As igrejas evang\u00e9licas tamb\u00e9m buscam influenciar o conte\u00fado de in\u00fameras pol\u00edticas p\u00fablicas, incluindo: o acesso e a regula\u00e7\u00e3o dos meios de comunica\u00e7\u00e3o de massa, como TV, r\u00e1dio e m\u00eddias sociais; a isen\u00e7\u00e3o de impostos e taxas sobre im\u00f3veis, ve\u00edculos e atividades das igrejas; e a regula\u00e7\u00e3o de pol\u00edticas educacionais, como reformas curriculares. Dada a necessidade de recursos e influ\u00eancia, l\u00edderes evang\u00e9licos t\u00eam motivos contundentes para trabalhar <em>com<\/em> e n\u00e3o <em>contra <\/em>o governo.<\/p>\n\n\n\n<p>Por fim, Lula precisa tanto do apoio evang\u00e9lico quanto os evang\u00e9licos precisam do apoio de Lula. Ao lidar bem com os l\u00edderes evang\u00e9licos, Lula e o PT podem trazer benef\u00edcios consider\u00e1veis para o mandato e para as pr\u00f3ximas elei\u00e7\u00f5es presidenciais. Afinal, mesmo que Bolsonaro tenha conseguido apoio de uma base ampla e difusa, falta a ele um partido pol\u00edtico. Sem um partido, \u00e9 improv\u00e1vel que ele consiga construir e comandar uma oposi\u00e7\u00e3o s\u00f3lida ao governo de Lula. Deputados do centr\u00e3o, provenientes de diversos partidos, tamb\u00e9m precisam acessar os recursos do governo, e Lula \u2013 um l\u00edder com popularidade e resili\u00eancia comprovadas \u2013 permanecer\u00e1 n\u00e3o s\u00f3 um ator-chave, mas algu\u00e9m que pode se tornar ainda mais popular se seu mandato for bem sucedido. Os pol\u00edticos brasileiros s\u00e3o especialistas em saber para onde os ventos sopram \u2013 e neste momento, os ventos favorecem Lula. A depender da ocorr\u00eancia de poss\u00edveis crises econ\u00f4micas e pol\u00edticas, a polariza\u00e7\u00e3o entre o presidente eleito e os evang\u00e9licos tende a arrefecer.<\/p>\n\n\n\n<p><em><sub>David Samuels \u00e9 um cientista pol\u00edtico americano e professor de Ci\u00eancia Pol\u00edtica na Universidade de Minnesota, EUA, PhD da Universidade da Calif\u00f3rnia, San Diego. Ele \u00e9 especialista em pol\u00edtica comparativa e pol\u00edtica brasileira.<\/sub><\/em><\/p>\n","protected":false},"excerpt":{"rendered":"<p>Coautor David Samuels<br \/>\nDurante a campanha presidencial, os l\u00edderes evang\u00e9licos enalteceram Jair Bolsonaro, mas Lula necessita do apoio dos evang\u00e9licos tanto quanto os evang\u00e9licos necessitam do apoio de Lula. <\/p>\n","protected":false},"author":387,"featured_media":13082,"comment_status":"closed","ping_status":"closed","sticky":false,"template":"","format":"standard","meta":{"_acf_changed":false,"episode_type":"","audio_file":"","cover_image":"","cover_image_id":"","duration":"","filesize":"","filesize_raw":"","date_recorded":"","explicit":"","block":"","itunes_episode_number":"","itunes_title":"","itunes_season_number":"","itunes_episode_type":"","footnotes":""},"categories":[16728,16728,17034,17034,16797,16797,14492,544],"tags":[],"gps":[],"class_list":{"0":"post-13090","1":"post","2":"type-post","3":"status-publish","4":"format-standard","5":"has-post-thumbnail","7":"category-brasil-pt-br","9":"category-evangelicos-pt-br","11":"category-polarizacion-pt-br","13":"category-polarizacao","14":"category-politica-br"},"acf":[],"_links":{"self":[{"href":"https:\/\/latinoamerica21.com\/pt-br\/wp-json\/wp\/v2\/posts\/13090","targetHints":{"allow":["GET"]}}],"collection":[{"href":"https:\/\/latinoamerica21.com\/pt-br\/wp-json\/wp\/v2\/posts"}],"about":[{"href":"https:\/\/latinoamerica21.com\/pt-br\/wp-json\/wp\/v2\/types\/post"}],"author":[{"embeddable":true,"href":"https:\/\/latinoamerica21.com\/pt-br\/wp-json\/wp\/v2\/users\/387"}],"replies":[{"embeddable":true,"href":"https:\/\/latinoamerica21.com\/pt-br\/wp-json\/wp\/v2\/comments?post=13090"}],"version-history":[{"count":0,"href":"https:\/\/latinoamerica21.com\/pt-br\/wp-json\/wp\/v2\/posts\/13090\/revisions"}],"wp:featuredmedia":[{"embeddable":true,"href":"https:\/\/latinoamerica21.com\/pt-br\/wp-json\/wp\/v2\/media\/13082"}],"wp:attachment":[{"href":"https:\/\/latinoamerica21.com\/pt-br\/wp-json\/wp\/v2\/media?parent=13090"}],"wp:term":[{"taxonomy":"category","embeddable":true,"href":"https:\/\/latinoamerica21.com\/pt-br\/wp-json\/wp\/v2\/categories?post=13090"},{"taxonomy":"post_tag","embeddable":true,"href":"https:\/\/latinoamerica21.com\/pt-br\/wp-json\/wp\/v2\/tags?post=13090"},{"taxonomy":"gps","embeddable":true,"href":"https:\/\/latinoamerica21.com\/pt-br\/wp-json\/wp\/v2\/gps?post=13090"}],"curies":[{"name":"wp","href":"https:\/\/api.w.org\/{rel}","templated":true}]}}