{"id":13166,"date":"2022-11-17T08:00:00","date_gmt":"2022-11-17T11:00:00","guid":{"rendered":"https:\/\/latinoamerica21.com\/?p=13166"},"modified":"2022-11-15T11:58:35","modified_gmt":"2022-11-15T14:58:35","slug":"as-guayaberas-de-lula-e-a-recomposicao-das-relacoes-com-a-regiao","status":"publish","type":"post","link":"https:\/\/latinoamerica21.com\/pt-br\/as-guayaberas-de-lula-e-a-recomposicao-das-relacoes-com-a-regiao\/","title":{"rendered":"As guayaberas de Lula e a recomposi\u00e7\u00e3o das rela\u00e7\u00f5es com a regi\u00e3o"},"content":{"rendered":"\n<p>A imagem que um l\u00edder projeta, incluindo suas vestimentas, \u00e9 um recurso extremamente importante para os pol\u00edticos. Seja o terno formal (ocidental) masculino, a t\u00fanica mao\u00edsta, a <em>thobe<\/em> \u00e1rabe ou o kurta indiano, ao longo da hist\u00f3ria os l\u00edderes pol\u00edticos t\u00eam usado certas vestes com o prop\u00f3sito impl\u00edcito ou expl\u00edcito de construir e transmitir uma imagem transcendente. O mesmo acontece com a guayabera, como \u00e9 conhecida um tipo de camisa muito popular usada na regi\u00e3o do Caribe e proximidades, desde a Fl\u00f3rida nos Estados Unidos at\u00e9 o norte da Bol\u00edvia, e do Pac\u00edfico mexicano e equatoriano \u00e0s Ilhas Can\u00e1rias (Espanha).<\/p>\n\n\n\n<p>A guayabera \u00e9 usada em encontros pol\u00edticos e sociais de alto n\u00edvel, principalmente em regi\u00f5es tropicais. Esta foi incorporada \u00e0 est\u00e9tica de numerosos l\u00edderes latino-americanos e caribenhos das mais diversas orienta\u00e7\u00f5es pol\u00edticas e ideol\u00f3gicas, incluindo liberais, progressistas e conservadores. Da mesma forma, ao utiliz\u00e1-la em eventos internacionais de alto n\u00edvel, os l\u00edderes e diplomatas tentam transmitir uma identidade particular. Em termos acad\u00eamicos, tudo o que foi dito acima est\u00e1 ligado ao conceito de <em>soft power<\/em>.<\/p>\n\n\n\n<p>Embora a guayabera n\u00e3o seja uma pe\u00e7a de vestu\u00e1rio comumente usada no Brasil, n\u00e3o h\u00e1 d\u00favida de que faz parte do vestu\u00e1rio do presidente eleito Luiz In\u00e1cio Lula da Silva. Acontece que, pelo menos desde a d\u00e9cada de 1990 at\u00e9 a recente campanha eleitoral, o veterano pol\u00edtico brasileiro utilizou de forma not\u00f3ria sua extensa cole\u00e7\u00e3o de guayaberas, inclusive no momento de exercer o sufr\u00e1gio no segundo (balotagem).<\/p>\n\n\n\n<p>Em retrospectiva, as guayaberas de Lula projetam uma imagem de lideran\u00e7a consistente, confi\u00e1vel, cordial e diferenciada. Mas, al\u00e9m disso, o uso de um traje inconfundivelmente latino-americano transmite o compromisso pessoal, pol\u00edtico-partid\u00e1rio e civilizat\u00f3rio do futuro governo de Lula com o conjunto de pa\u00edses do continente.<\/p>\n\n\n\n<p>Ao contr\u00e1rio do que foi observado durante o governo de sa\u00edda de Jair Bolsonaro, \u00e9 bem prov\u00e1vel que o futuro presidente brasileiro avance para <a href=\"https:\/\/ctxt.es\/es\/20221101\/Firmas\/41278\/lula-da-silva-relaciones-internacionales-brasil-brics-cop27.htm\" target=\"_blank\" rel=\"noreferrer noopener\">uma revis\u00e3o completa da pol\u00edtica latino-americana<\/a> do governo de Bras\u00edlia. Isto parece ser mais do que necess\u00e1rio, em virtude da clara deprecia\u00e7\u00e3o das rela\u00e7\u00f5es do gigante sul-americano com a maioria de seus vizinhos, seja em termos bilaterais e multilaterais, ou em temas setoriais da agenda regional (especialmente em assuntos como democracia, direitos humanos, integra\u00e7\u00e3o econ\u00f4mica, meio ambiente, coopera\u00e7\u00e3o internacional para o desenvolvimento, seguran\u00e7a internacional e quest\u00f5es estrat\u00e9gicas contempor\u00e2neas).<\/p>\n\n\n\n<p>A retirada abrupta do Brasil da Comunidade de Estados Latino-Americanos e Caribenhos (CELAC) em 2019 \u00e9 um dos exemplos mais evidentes da pol\u00edtica bolsonarista. A participa\u00e7\u00e3o do governo de Bras\u00edlia tamb\u00e9m foi escassa em outros f\u00f3runs pol\u00edtico-diplom\u00e1ticos, econ\u00f4micos, ambientais e culturais, tais como a Uni\u00e3o das Na\u00e7\u00f5es Sul-Americanas, a Comunidade dos Pa\u00edses de L\u00edngua Portuguesa, o Mercado Comum do Sul, a Organiza\u00e7\u00e3o do Tratado de Coopera\u00e7\u00e3o Amaz\u00f4nica e a Comunidade Ibero-Americana.&nbsp;<\/p>\n\n\n\n<p>Portanto, os principais cen\u00e1rios prospectivos dispon\u00edveis sugerem que, a partir de janeiro de 2023, Lula e seu governo trabalhar\u00e3o em favor de <a href=\"https:\/\/latinoamerica21.com\/br\/brasil-um-estranho-em-seu-proprio-continente\/\" target=\"_blank\" rel=\"noreferrer noopener\">uma reinser\u00e7\u00e3o renovada do Brasil<\/a> nas rela\u00e7\u00f5es internacionais da Am\u00e9rica Latina. N\u00e3o h\u00e1 d\u00favida de que tal recomposi\u00e7\u00e3o das rela\u00e7\u00f5es bilaterais, multilaterais ou setoriais do Brasil com seus vizinhos ser\u00e1 positiva, construtiva e pr\u00f3-ativa.<\/p>\n\n\n\n<p>Embora muito eficiente na defesa de seus interesses nacionais, h\u00e1 mais de quatro d\u00e9cadas o l\u00edder petista tem demonstrado uma profunda aprecia\u00e7\u00e3o, conhecimento e interlocu\u00e7\u00e3o com l\u00edderes pol\u00edticos, sociais, econ\u00f4micos e culturais de quase todos os pa\u00edses vizinhos. Esta \u00e9 a par\u00e1bola de &#8220;vestir a guayabera&#8221;, no sentido de formular e implementar uma pol\u00edtica externa para a regi\u00e3o latino-americana e caribenha muito mais pragm\u00e1tica, republicana e consistente, sem esquecer que este \u00e9 um mandato constitucional para as autoridades brasileiras.<\/p>\n\n\n\n<p>A julgar pelas primeiras rea\u00e7\u00f5es dos l\u00edderes pol\u00edticos dos pa\u00edses vizinhos \u00e0 vit\u00f3ria de Lula, a interlocu\u00e7\u00e3o com a maioria dos governos (incluindo os Estados Unidos e o Canad\u00e1) ser\u00e1 fluida e coerente. Isto \u00e9 ainda mais oportuno tendo em conta que a agenda hemisf\u00e9rica e global atual apresenta muitos assuntos que poderiam ser beneficiados pelo reposicionamento pol\u00edtico-diplom\u00e1tico do Brasil. Estes v\u00e3o desde aspectos clim\u00e1ticos e de seguran\u00e7a alimentar, passando pela dif\u00edcil situa\u00e7\u00e3o sociopol\u00edtica do Haiti, Venezuela, Cuba e Nicar\u00e1gua, at\u00e9 os desdobramentos regionais devido \u00e0 guerra entre a R\u00fassia e a Ucr\u00e2nia.<\/p>\n\n\n\n<p>Outros temas nos quais o papel do Brasil seria fundamental s\u00e3o aqueles relacionados com assuntos de seguran\u00e7a internacional, integra\u00e7\u00e3o econ\u00f4mica (incluindo o acordo de associa\u00e7\u00e3o entre o Mercosul e a Uni\u00e3o Europeia), as rela\u00e7\u00f5es com atores extra-regionais (China, \u00cdndia, Turquia, \u00c1frica do Sul), fluxos migrat\u00f3rios e refugiados, assim como aspectos s\u00f3cio-culturais e consulares.<\/p>\n\n\n\n<p>Em suma, al\u00e9m do meramente est\u00e9tico, da identidade pol\u00edtica ou da imagem que o futuro presidente brasileiro pretende continuar transmitindo atrav\u00e9s de sua cole\u00e7\u00e3o de guayaberas, parece inquestion\u00e1vel que Lula e seu governo procurar\u00e3o avan\u00e7ar em dire\u00e7\u00e3o a um reencontro com seus vizinhos latino-americanos. Neste sentido, &#8220;vestir a guayabera&#8221; n\u00e3o deixa de implicar um compromisso renovado orientado para construir um futuro comum e uma ordem internacional de povos livres.<\/p>\n\n\n\n<p><em><sub>*Tradu\u00e7\u00e3o do espanhol por Giulia Gaspar.<\/sub><\/em><\/p>\n","protected":false},"excerpt":{"rendered":"<p>A utiliza\u00e7\u00e3o de um vestu\u00e1rio inequivocamente latino-americano transmite o compromisso pessoal, pol\u00edtico-partid\u00e1rio e civilizacional do futuro governo de Lula para com a Am\u00e9rica Latina.<\/p>\n","protected":false},"author":181,"featured_media":13157,"comment_status":"closed","ping_status":"closed","sticky":false,"template":"","format":"standard","meta":{"_acf_changed":false,"episode_type":"","audio_file":"","cover_image":"","cover_image_id":"","duration":"","filesize":"","filesize_raw":"","date_recorded":"","explicit":"","block":"","itunes_episode_number":"","itunes_title":"","itunes_season_number":"","itunes_episode_type":"","footnotes":""},"categories":[16768,16768,16801,16801,16728,16728,14507,544],"tags":[],"gps":[],"class_list":{"0":"post-13166","1":"post","2":"type-post","3":"status-publish","4":"format-standard","5":"has-post-thumbnail","7":"category-lula-da-silva-pt-br","9":"category-integracion-regional-pt-br","11":"category-brasil-pt-br","13":"category-relacoes-internacionais","14":"category-politica-br"},"acf":[],"_links":{"self":[{"href":"https:\/\/latinoamerica21.com\/pt-br\/wp-json\/wp\/v2\/posts\/13166","targetHints":{"allow":["GET"]}}],"collection":[{"href":"https:\/\/latinoamerica21.com\/pt-br\/wp-json\/wp\/v2\/posts"}],"about":[{"href":"https:\/\/latinoamerica21.com\/pt-br\/wp-json\/wp\/v2\/types\/post"}],"author":[{"embeddable":true,"href":"https:\/\/latinoamerica21.com\/pt-br\/wp-json\/wp\/v2\/users\/181"}],"replies":[{"embeddable":true,"href":"https:\/\/latinoamerica21.com\/pt-br\/wp-json\/wp\/v2\/comments?post=13166"}],"version-history":[{"count":0,"href":"https:\/\/latinoamerica21.com\/pt-br\/wp-json\/wp\/v2\/posts\/13166\/revisions"}],"wp:featuredmedia":[{"embeddable":true,"href":"https:\/\/latinoamerica21.com\/pt-br\/wp-json\/wp\/v2\/media\/13157"}],"wp:attachment":[{"href":"https:\/\/latinoamerica21.com\/pt-br\/wp-json\/wp\/v2\/media?parent=13166"}],"wp:term":[{"taxonomy":"category","embeddable":true,"href":"https:\/\/latinoamerica21.com\/pt-br\/wp-json\/wp\/v2\/categories?post=13166"},{"taxonomy":"post_tag","embeddable":true,"href":"https:\/\/latinoamerica21.com\/pt-br\/wp-json\/wp\/v2\/tags?post=13166"},{"taxonomy":"gps","embeddable":true,"href":"https:\/\/latinoamerica21.com\/pt-br\/wp-json\/wp\/v2\/gps?post=13166"}],"curies":[{"name":"wp","href":"https:\/\/api.w.org\/{rel}","templated":true}]}}