{"id":13169,"date":"2022-11-15T09:00:00","date_gmt":"2022-11-15T12:00:00","guid":{"rendered":"https:\/\/latinoamerica21.com\/?p=13169"},"modified":"2022-11-14T19:12:32","modified_gmt":"2022-11-14T22:12:32","slug":"futebol-e-politica-meandros-da-polarizacao","status":"publish","type":"post","link":"https:\/\/latinoamerica21.com\/pt-br\/futebol-e-politica-meandros-da-polarizacao\/","title":{"rendered":"Futebol e pol\u00edtica, meandros da polariza\u00e7\u00e3o"},"content":{"rendered":"\n<p>Se pensar que este artigo \u00e9 sobre a Copa do Mundo no Qatar e sua tortuosa rela\u00e7\u00e3o com o poder, algo que tamb\u00e9m \u00e9 muito relevante, pode parar de l\u00ea-lo. Aqui estou me referindo a forma pela qual a l\u00f3gica que preside o futebol (e outros esportes) permeia a pol\u00edtica. Hoje existe uma situa\u00e7\u00e3o na qual a pol\u00edtica n\u00e3o s\u00f3 n\u00e3o \u00e9 compreendida sem os usos e entendimentos do universo futebol\u00edstico, mas tamb\u00e9m faz uso deles para seu desempenho.<\/p>\n\n\n\n<p>Isto ocorre de forma evidente quando se quer compreender a t\u00e3o citada polariza\u00e7\u00e3o. Definida nas recentes elei\u00e7\u00f5es brasileiras ou nas \u00faltimas elei\u00e7\u00f5es colombianas, bem como em outros pa\u00edses da regi\u00e3o; na Argentina cede lugar \u00e0 fenda e \u00e9 uma evid\u00eancia muito s\u00f3lida na arena pol\u00edtica cotidiana chilena ou uruguaia. Ela \u00e9 manejada por todos, de modo que acaba se tornando o difuso mantra explicativo do estado das coisas atual e de seus males.&nbsp;<\/p>\n\n\n\n<p>De fato, a polariza\u00e7\u00e3o \u00e9 o demiurgo por excel\u00eancia do mundo da pol\u00edtica cuja presen\u00e7a se estende a cada vez mais \u00e2mbitos e domina qualquer luta pelo poder. Quando Bernard Manin h\u00e1 25 anos se referiu pela primeira vez \u00e0 &#8220;democracia de audi\u00eancia&#8221;, estava fazendo uma an\u00e1lise precisa de uma situa\u00e7\u00e3o na qual o eleitorado n\u00e3o mais apostava nos partidos, mas nos candidatos, os meios de comunica\u00e7\u00e3o emergiram como os f\u00f3runs de intermedia\u00e7\u00e3o por excel\u00eancia, e a assessoria pol\u00edtica, baseada em pressupostos de marketing, era o principal agente do processo.<\/p>\n\n\n\n<p>Al\u00e9m disso, apenas dois quinqu\u00eanios depois, o panorama come\u00e7ou a mudar radicalmente gra\u00e7as \u00e0 transforma\u00e7\u00e3o digital exponencial. As sociedades tornaram-se ainda mais individualizadas, seguindo a constata\u00e7\u00e3o de Zygmunt Bauman no in\u00edcio deste s\u00e9culo, quando ele come\u00e7ou a explorar sua ideia de &#8220;modernidade l\u00edquida&#8221;. Em seguida, o capitalismo desenfreado levou a f\u00f3rmulas incomuns de auto-explora\u00e7\u00e3o do enxame que configura a &#8220;sociedade do cansa\u00e7o&#8221;, de acordo com Byung Chul Han, chegando ao capitalismo de vigil\u00e2ncia de Shoshana Zuboff, uma nova ordem econ\u00f4mica &#8220;que reivindica para si a experi\u00eancia humana como mat\u00e9ria-prima gratuita aproveit\u00e1vel para uma s\u00e9rie de pr\u00e1ticas comerciais ocultas de extra\u00e7\u00e3o, predi\u00e7\u00e3o e vendas&#8221;.<\/p>\n\n\n\n<p>Tudo isso n\u00e3o \u00e9 estranho a uma grande maioria de pa\u00edses da Am\u00e9rica Latina onde os estragos da crise iniciada nos Estados Unidos em 2008 tardaram a chegar, deflagrando a era dourada das mat\u00e9rias primas. Entretanto, na pol\u00edtica, ao contr\u00e1rio dos tempos anteriores, a democracia n\u00e3o se desmoronou e somente na Venezuela e na Nicar\u00e1gua foi degenerada severamente. Mas um estado de fadiga foi gradualmente se espalhando. Em sua caracteriza\u00e7\u00e3o, com claros tra\u00e7os de mal-estar popular, devido \u00e0 quebra de expectativas, desigualdade, corrup\u00e7\u00e3o e inseguran\u00e7a. E, por outro lado, da crise de representa\u00e7\u00e3o, pela desfigura\u00e7\u00e3o dos partidos e o individualismo avassalador, incorporava-se o presidencialismo como forma de governo presente em todos os pa\u00edses.&nbsp;<\/p>\n\n\n\n<p>Mas, neste ponto, o que tem o futebol a ver com tudo isso? H\u00e1 pelo menos quatro aspectos que se destacam quando se trata de caracteriz\u00e1-lo: regras, competi\u00e7\u00e3o, espet\u00e1culo e emo\u00e7\u00f5es, todos eles unidos por um elemento unificador que ser\u00e1 apontado no final. Nos quatro elementos a pol\u00edtica encontra uma conex\u00e3o. O j\u00e1 mencionado presidencialismo se move sob a regra da l\u00f3gica da soma zero, segundo a qual o vencedor leva tudo. As elei\u00e7\u00f5es s\u00e3o o marco da competi\u00e7\u00e3o que terminou convertendo-se no principal, se n\u00e3o o \u00fanico, mecanismo democr\u00e1tico real.&nbsp;<\/p>\n\n\n\n<p>Mas o mesmo \u00e9 capturado por uma combina\u00e7\u00e3o perversa na qual se combinam os requisitos do espet\u00e1culo com a paix\u00e3o futebol\u00edstica na hora de interpretar a pol\u00edtica. Dirigida por um grupo de gurus da comunica\u00e7\u00e3o e com um componente cada vez mais sofisticado de estrat\u00e9gias virtuais produz uma intensa retroalimenta\u00e7\u00e3o de ambos gra\u00e7as ao grande impulso dado pelas emo\u00e7\u00f5es. De fato, no mundo acad\u00eamico, e seguindo o trabalho de Mariano Torcal, hoje falamos menos de polariza\u00e7\u00e3o ideol\u00f3gica do que de polariza\u00e7\u00e3o afetiva gerada &#8220;por sentimentos relativos a certas identidades ou atores pol\u00edticos do sistema&#8221;.<\/p>\n\n\n\n<p>O elemento aglutinador a que me referia refere-se \u00e0 banaliza\u00e7\u00e3o que envolve o processo. No final do dia, tudo se converte em um jogo em maior ou menor medida galante. Somente o alcance exagerado das paix\u00f5es pode faz\u00ea-la derrapar. Barra bravas ou viol\u00eancia pol\u00edtica contra candidatos ou apoiadores s\u00e3o as gotas \u00e1cidas da proposta.<\/p>\n\n\n\n<p>Acredito que esta constru\u00e7\u00e3o da narrativa do presente pela maioria dos comentaristas, formadores de opini\u00e3o e gurus, embora baseada em aspectos que aparentemente podem ser objetivados, \u00e9 muito perversa. Delirantes diante de uma avalanche de supostas verdades que todos constroem a seu bel-prazer, de viraliza\u00e7\u00e3o, de ativismo digital an\u00f4nimo e sem nenhum questionamento s\u00e9rio do que est\u00e1 acontecendo, no fundo basicamente n\u00e3o est\u00e3o fazendo mais do que atender aos interesses do p\u00fablico em geral. N\u00e3o \u00e9 apenas a cl\u00e1ssica quest\u00e3o do &#8220;p\u00e3o e circo&#8221;, mas o resultado do paroxismo ao qual a transforma\u00e7\u00e3o digital exponencial tem sido conduzida at\u00e9 agora, onde s\u00edmbolos e linguagem s\u00e3o permanentemente distorcidos.<\/p>\n\n\n\n<p>Termos como &#8220;o campo est\u00e1 lamacento&#8221;, &#8220;vit\u00f3ria em tempo de les\u00e3o&#8221; ou &#8220;vingan\u00e7a pela primeira perna&#8221;, que ilustram boa parte das an\u00e1lises, s\u00e3o acrescentados ao fervor daqueles que usam uma determinada camisa que deve acabar prevalecendo sobre qualquer outra que se oponha a ela. No final, como aponta Miguel Pastorino, se produz uma alarmante incapacidade de separar <a href=\"https:\/\/latinoamerica21.com\/br\/democracia-hackeada-o-desaparecimento-dos-outros\/\">as opini\u00f5es da identidade<\/a>, de modo que, como ocorre no futebol, a camiseta pressup\u00f5e uma acumula\u00e7\u00e3o de argumentos e nunca o contr\u00e1rio.<\/p>\n\n\n\n<p>La polarizaci\u00f3n resulta as\u00ed un trampantojo. Una palabra m\u00e1s que se introduce en la jerga de la pol\u00edtica que confunde, pero que es el producto de una estrategia adecuada, a la vez, en el marco de actuaci\u00f3n del presidencialismo que ceba el narcisismo, al igual que en un entorno social en el que las emociones de la grada gozan de un predicamento hoy por hoy imbatible. La polarizaci\u00f3n es el argumento del partido, su propia raz\u00f3n de ser. Sin ella no hay juego ni, a fin de cuentas, p\u00fablico interesado.<\/p>\n\n\n\n<p>A polariza\u00e7\u00e3o \u00e9, portanto, um trompe l&#8217;oeil. Mais uma palavra introduzida no jarg\u00e3o da pol\u00edtica que confunde, mas que \u00e9 o produto de uma estrat\u00e9gia apropriada, ao mesmo tempo, no marco de atua\u00e7\u00e3o do presidencialismo que alimenta o narcisismo, assim como em um ambiente social no qual as emo\u00e7\u00f5es da multid\u00e3o desfrutam de uma situa\u00e7\u00e3o que atualmente \u00e9 imbat\u00edvel. A polariza\u00e7\u00e3o \u00e9 o argumento da partida, sua pr\u00f3pria raison d&#8217;\u00eatre. Sem ela n\u00e3o h\u00e1 jogo, e nem, em \u00faltima inst\u00e2ncia, p\u00fablico interessado.<\/p>\n","protected":false},"excerpt":{"rendered":"<p>A pol\u00edtica n\u00e3o s\u00f3 n\u00e3o pode ser entendida sem os usos e entendimentos pr\u00f3prios do universo futebol\u00edstico, como tamb\u00e9m faz uso deles para o seu desempenho.<\/p>\n","protected":false},"author":45,"featured_media":13163,"comment_status":"closed","ping_status":"closed","sticky":false,"template":"","format":"standard","meta":{"_acf_changed":false,"episode_type":"","audio_file":"","cover_image":"","cover_image_id":"","duration":"","filesize":"","filesize_raw":"","date_recorded":"","explicit":"","block":"","itunes_episode_number":"","itunes_title":"","itunes_season_number":"","itunes_episode_type":"","footnotes":""},"categories":[16708,16708,16871,16871,16797,16797,14421,14492,544],"tags":[],"gps":[],"class_list":{"0":"post-13169","1":"post","2":"type-post","3":"status-publish","4":"format-standard","5":"has-post-thumbnail","7":"category-politica-pt-br","9":"category-futbol-pt-br","11":"category-polarizacion-pt-br","13":"category-futebol","14":"category-polarizacao","15":"category-politica-br"},"acf":[],"_links":{"self":[{"href":"https:\/\/latinoamerica21.com\/pt-br\/wp-json\/wp\/v2\/posts\/13169","targetHints":{"allow":["GET"]}}],"collection":[{"href":"https:\/\/latinoamerica21.com\/pt-br\/wp-json\/wp\/v2\/posts"}],"about":[{"href":"https:\/\/latinoamerica21.com\/pt-br\/wp-json\/wp\/v2\/types\/post"}],"author":[{"embeddable":true,"href":"https:\/\/latinoamerica21.com\/pt-br\/wp-json\/wp\/v2\/users\/45"}],"replies":[{"embeddable":true,"href":"https:\/\/latinoamerica21.com\/pt-br\/wp-json\/wp\/v2\/comments?post=13169"}],"version-history":[{"count":0,"href":"https:\/\/latinoamerica21.com\/pt-br\/wp-json\/wp\/v2\/posts\/13169\/revisions"}],"wp:featuredmedia":[{"embeddable":true,"href":"https:\/\/latinoamerica21.com\/pt-br\/wp-json\/wp\/v2\/media\/13163"}],"wp:attachment":[{"href":"https:\/\/latinoamerica21.com\/pt-br\/wp-json\/wp\/v2\/media?parent=13169"}],"wp:term":[{"taxonomy":"category","embeddable":true,"href":"https:\/\/latinoamerica21.com\/pt-br\/wp-json\/wp\/v2\/categories?post=13169"},{"taxonomy":"post_tag","embeddable":true,"href":"https:\/\/latinoamerica21.com\/pt-br\/wp-json\/wp\/v2\/tags?post=13169"},{"taxonomy":"gps","embeddable":true,"href":"https:\/\/latinoamerica21.com\/pt-br\/wp-json\/wp\/v2\/gps?post=13169"}],"curies":[{"name":"wp","href":"https:\/\/api.w.org\/{rel}","templated":true}]}}