{"id":13482,"date":"2022-12-04T05:00:00","date_gmt":"2022-12-04T08:00:00","guid":{"rendered":"https:\/\/latinoamerica21.com\/?p=13482"},"modified":"2022-12-02T11:44:44","modified_gmt":"2022-12-02T14:44:44","slug":"eleitoralmente-minas-gerais-e-um-brasil-em-miniatura","status":"publish","type":"post","link":"https:\/\/latinoamerica21.com\/pt-br\/eleitoralmente-minas-gerais-e-um-brasil-em-miniatura\/","title":{"rendered":"Eleitoralmente, Minas Gerais \u00e9 um Brasil em miniatura"},"content":{"rendered":"\n<p>Ap\u00f3s cada elei\u00e7\u00e3o, qualquer que seja o pa\u00eds, as an\u00e1lises tra\u00e7am mapas do comportamento dos eleitores e demonstram como a somat\u00f3ria de tend\u00eancias diversas nas diferentes regi\u00f5es comp\u00f5em o resultado final em n\u00edvel nacional. No entanto, em pouqu\u00edssimos casos, observam-se prov\u00edncias ou regi\u00f5es que, pela composi\u00e7\u00e3o de sua popula\u00e7\u00e3o, refletem as tend\u00eancias pol\u00edticas nacionais; esses territ\u00f3rios s\u00e3o conhecidos como <em>bellwethers<\/em>. Seja no Estado de Minas Gerais no Brasil, no Estado de Ohio nos Estados Unidos ou na Comunidade Aut\u00f4noma de Arag\u00f3n na Espanha, elei\u00e7\u00e3o ap\u00f3s elei\u00e7\u00e3o os resultados eleitorais s\u00e3o um reflexo do resultado a n\u00edvel nacional.<\/p>\n\n\n\n<p>De acordo com os especialistas Tejedor e Dader, os <em>bellwethers<\/em> podem ser definidos como cidades, prov\u00edncias ou regi\u00f5es que marcam ou dirigem a tend\u00eancia nacional, embora tamb\u00e9m possam ser uma c\u00f3pia quase exata do resultado nacional. Portanto, os <em>bellwethers<\/em> tamb\u00e9m podem ser uma ferramenta para prever o vencedor de uma elei\u00e7\u00e3o nacional.<\/p>\n\n\n\n<p>De acordo com os especialistas Tufte e Sun em seu livro <em>Are There Bellwether Electoral Districts?<\/em>, os<em> bellwethers<\/em> se dividem em duas categorias principais. Por um lado, os distritos barom\u00e9tricos prev\u00eaem a propor\u00e7\u00e3o de votos nacionais recebidos pelo vencedor e, por outro lado, os distritos swingom\u00e9tricos detectam as mudan\u00e7as ou oscila\u00e7\u00f5es na propor\u00e7\u00e3o de votos de uma elei\u00e7\u00e3o a outra. Esses dois m\u00e9todos permitem medir os desvios nas regi\u00f5es em rela\u00e7\u00e3o \u00e0 m\u00e9dia nacional e, naturalmente, o n\u00famero de vezes que as regi\u00f5es acertam a posteriori no voto para o vencedor das elei\u00e7\u00f5es.&nbsp;<\/p>\n\n\n\n<p><strong>Brasil e Minas Gerais<\/strong><\/p>\n\n\n\n<p>As <a href=\"https:\/\/latinoamerica21.com\/br\/xenofobia-a-nordestinos-nao-pode-chamar-de-racismo\/\" target=\"_blank\" rel=\"noreferrer noopener\">recentes elei\u00e7\u00f5es presidenciais no Brasil<\/a> reafirmaram que <a href=\"https:\/\/www.vozpopuli.com\/internacional\/minas-gerais-ohio-brasil-lula-presidente.html\" target=\"_blank\" rel=\"noreferrer noopener\">Minas Gerais \u00e9 um estado <em>bellwether<\/em><\/a> de bastante confian\u00e7a. Em uma an\u00e1lise pr\u00e9via, observamos que, de 1989 a 2022, o \u00fanico estado federal no Brasil que se encaixava nas defini\u00e7\u00f5es \u00e9 Minas Gerais. Foi o \u00fanico Estado, junto com o Amazonas, que n\u00e3o falhou em nenhum dos ciclos eleitorais \u00e0 presid\u00eancia do Brasil, e seus indicadores s\u00e3o quase exatamente os mesmos da m\u00e9dia nacional de votos.<\/p>\n\n\n\n<p>Durante o primeiro turno, a an\u00e1lise barom\u00e9trica mostrou que o voto recebido por Lula da Silva em Minas Gerais foi apenas 0,14% abaixo da m\u00e9dia nacional. Al\u00e9m disso, seu desvio m\u00e9dio desde 1989 \u00e9 de 3,53 pontos porcentuais. Em termos de an\u00e1lise <em>swingom\u00e9trica<\/em>, as diferen\u00e7as de votos de umas elei\u00e7\u00f5es para outras em Minas Gerais oscilam de 3,16% a 0,80%.<\/p>\n\n\n\n<p>Esta an\u00e1lise nos permitiu fazer estimativas para o segundo turno. Previmos que o resultado seria muito pr\u00f3ximo, e no final foram 50,90% dos votos para Lula e 49,10% para Bolsonaro. O segundo turno correspondeu a nossa an\u00e1lise pr\u00e9via, conforme observado em Minas Gerais. A porcentagem dos votos em Minas Gerais ficou 0,70 pontos atr\u00e1s do resultado nacional e sua varia\u00e7\u00e3o entre o primeiro e o segundo turno foi de 0,56 pontos.<\/p>\n\n\n\n<p><strong>Espanha e Arag\u00f3n<\/strong><\/p>\n\n\n\n<p>Na Espanha, \u00e9 bem conhecido que o que acontece em Arag\u00f3n se reflete em n\u00edvel nacional. Nossa an\u00e1lise de 1977 a 2019 demonstra que a Comunidade Aut\u00f4noma de Arag\u00f3n \u00e9 a \u00fanica que sempre votou no vencedor das elei\u00e7\u00f5es gerais. Al\u00e9m disso, se analisarmos as prov\u00edncias que comp\u00f5em Arag\u00f3n, vemos que nas elei\u00e7\u00f5es gerais Huesca e Zaragoza sempre votaram no vencedor eleitoral. Enquanto a an\u00e1lise barom\u00e9trica demonstra que Zaragoza \u00e9 a prov\u00edncia que melhor reflete a porcentagem de votos para o vencedor das elei\u00e7\u00f5es gerais.<\/p>\n\n\n\n<p>Outro tipo interessante de an\u00e1lise encontramos nas elei\u00e7\u00f5es regionais como preditores do que vai acontecer em n\u00edvel nacional. Arag\u00f3n volta a ser chave. Apesar de as elei\u00e7\u00f5es gerais e regionais n\u00e3o terem coincidido nos mesmos anos at\u00e9 2011, podemos analisar o que ocorre um ano antes em Arag\u00f3n para entender as mudan\u00e7as a n\u00edvel nacional.<\/p>\n\n\n\n<p>Nossa an\u00e1lise mostra que as elei\u00e7\u00f5es regionais em Arag\u00f3n s\u00e3o um bom indicador <em>swingom\u00e9trico<\/em> j\u00e1 que, desde 2011, as elei\u00e7\u00f5es t\u00eam coletado as mesmas varia\u00e7\u00f5es de votos que ocorreriam nas elei\u00e7\u00f5es gerais meses depois. E a an\u00e1lise barom\u00e9trica nos permitiu ver que a porcentagem de voto obtido pelo partido mais votado em Arag\u00f3n \u00e9 praticamente id\u00eantica \u00e0 porcentagem de voto obtido pelo vencedor das elei\u00e7\u00f5es gerais em n\u00edvel nacional.<\/p>\n\n\n\n<p><strong>Bellwethers como preditores, uma explica\u00e7\u00e3o<\/strong><\/p>\n\n\n\n<p>Autores como Edwards Tufte explicaram em suas pesquisas por que os bellwethers podem ser capazes de replicar resultados em n\u00edvel nacional. Uma das possibilidades mais amplamente reconhecidas \u00e9 a exist\u00eancia de uma popula\u00e7\u00e3o altamente representativa do panorama nacional. Desta forma, poder\u00edamos explicar por que a composi\u00e7\u00e3o de sua popula\u00e7\u00e3o reflete as tend\u00eancias pol\u00edticas nacionais \u00e0 escala regional.<\/p>\n\n\n\n<p>O estudo sociol\u00f3gico da popula\u00e7\u00e3o por estratos pode determinar as semelhan\u00e7as entre as popula\u00e7\u00f5es dessas regi\u00f5es e a popula\u00e7\u00e3o geral do pa\u00eds segundo par\u00e2metros como a propor\u00e7\u00e3o entre homens e mulheres ou a composi\u00e7\u00e3o et\u00e1ria da popula\u00e7\u00e3o. A estas semelhan\u00e7as, somam-se outras, como a situa\u00e7\u00e3o socioecon\u00f4mica e as prefer\u00eancias pol\u00edticas, que propiciam os acertos eleitorais elei\u00e7\u00e3o ap\u00f3s elei\u00e7\u00e3o, seja em Ohio, Arag\u00f3n ou Minas Gerais.<\/p>\n","protected":false},"excerpt":{"rendered":"<p>Existem prov\u00edncias ou regi\u00f5es, conhecidas como bellwethers, que pela composi\u00e7\u00e3o de sua popula\u00e7\u00e3o refletem as tend\u00eancias pol\u00edticas em n\u00edvel nacional.<\/p>\n","protected":false},"author":393,"featured_media":13476,"comment_status":"closed","ping_status":"closed","sticky":false,"template":"","format":"standard","meta":{"_acf_changed":false,"episode_type":"","audio_file":"","cover_image":"","cover_image_id":"","duration":"","filesize":"","filesize_raw":"","date_recorded":"","explicit":"","block":"","itunes_episode_number":"","itunes_title":"","itunes_season_number":"","itunes_episode_type":"","footnotes":""},"categories":[16770,16770,16711,16711,16728,16728,14397,544],"tags":[],"gps":[],"class_list":{"0":"post-13482","1":"post","2":"type-post","3":"status-publish","4":"format-standard","5":"has-post-thumbnail","7":"category-democracia-pt-br","9":"category-elecciones-pt-br","11":"category-brasil-pt-br","13":"category-eleicoes","14":"category-politica-br"},"acf":[],"_links":{"self":[{"href":"https:\/\/latinoamerica21.com\/pt-br\/wp-json\/wp\/v2\/posts\/13482","targetHints":{"allow":["GET"]}}],"collection":[{"href":"https:\/\/latinoamerica21.com\/pt-br\/wp-json\/wp\/v2\/posts"}],"about":[{"href":"https:\/\/latinoamerica21.com\/pt-br\/wp-json\/wp\/v2\/types\/post"}],"author":[{"embeddable":true,"href":"https:\/\/latinoamerica21.com\/pt-br\/wp-json\/wp\/v2\/users\/393"}],"replies":[{"embeddable":true,"href":"https:\/\/latinoamerica21.com\/pt-br\/wp-json\/wp\/v2\/comments?post=13482"}],"version-history":[{"count":0,"href":"https:\/\/latinoamerica21.com\/pt-br\/wp-json\/wp\/v2\/posts\/13482\/revisions"}],"wp:featuredmedia":[{"embeddable":true,"href":"https:\/\/latinoamerica21.com\/pt-br\/wp-json\/wp\/v2\/media\/13476"}],"wp:attachment":[{"href":"https:\/\/latinoamerica21.com\/pt-br\/wp-json\/wp\/v2\/media?parent=13482"}],"wp:term":[{"taxonomy":"category","embeddable":true,"href":"https:\/\/latinoamerica21.com\/pt-br\/wp-json\/wp\/v2\/categories?post=13482"},{"taxonomy":"post_tag","embeddable":true,"href":"https:\/\/latinoamerica21.com\/pt-br\/wp-json\/wp\/v2\/tags?post=13482"},{"taxonomy":"gps","embeddable":true,"href":"https:\/\/latinoamerica21.com\/pt-br\/wp-json\/wp\/v2\/gps?post=13482"}],"curies":[{"name":"wp","href":"https:\/\/api.w.org\/{rel}","templated":true}]}}