{"id":1400,"date":"2019-12-19T14:48:39","date_gmt":"2019-12-19T17:48:39","guid":{"rendered":"http:\/\/latinoamerica21.com\/?p=1400"},"modified":"2023-01-29T21:43:50","modified_gmt":"2023-01-30T00:43:50","slug":"a-dificil-historia-da-a-l-se-tornou-mais-dificil-ainda","status":"publish","type":"post","link":"https:\/\/latinoamerica21.com\/pt-br\/a-dificil-historia-da-a-l-se-tornou-mais-dificil-ainda\/","title":{"rendered":"A dif\u00edcil hist\u00f3ria da A.L. se tornou mais dif\u00edcil ainda"},"content":{"rendered":"\n<p>Desde a queda dos pre\u00e7os das mat\u00e9rias-primas em 2013, a Am\u00e9rica Latina vem testemunhando turbul\u00eancias pol\u00edticas crescentes em sua hist\u00f3ria. Surgiram amplos protestos no Chile, Equador e Bol\u00edvia.<\/p>\n\n\n\n<p>O per\u00edodo de agita\u00e7\u00e3o pol\u00edtica do Brasil come\u00e7ou antes, com\nprotestos contra a corrup\u00e7\u00e3o, o que levou ao julgamento pol\u00edtico e destitui\u00e7\u00e3o\nda presidente Dilma Rousseff, seguido pela elei\u00e7\u00e3o de um presidente de direita\npopulista, Jair Bolsonaro, que est\u00e1 contribuindo para uma maior polariza\u00e7\u00e3o\npol\u00edtica no pa\u00eds.<\/p>\n\n\n\n<p>Independentemente da opini\u00e3o pessoal sobre se os acontecimentos recentes na Bol\u00edvia constituem ou n\u00e3o um golpe militar, a maioria das pessoas aceita que os militares desempenharam papel crucial em <a href=\"https:\/\/www.reuters.com\/article\/bolivia-renuncia-repercussao-idBRKBN1XL1IO-OBRTP\">remover Evo Morales do poder<\/a>.<\/p>\n\n\n\n<p>A hist\u00f3ria latino-americana sofre pela depend\u00eancia quanto \u00e0s\nexporta\u00e7\u00f5es, inquieta\u00e7\u00e3o (quando n\u00e3o insurg\u00eancia) popular, repress\u00e3o pol\u00edtica,\ngovernos autorit\u00e1rios e intromiss\u00e3o (quando n\u00e3o interven\u00e7\u00e3o direta) militar.<\/p>\n\n\n\n<p>Supunha-se que a transi\u00e7\u00e3o para a democracia e a\nliberaliza\u00e7\u00e3o dos mercados na d\u00e9cada de 1980 mitigariam esses desafios. No\nentanto, a polariza\u00e7\u00e3o pol\u00edtica piorou.<\/p>\n\n\n\n<p>A agita\u00e7\u00e3o pol\u00edtica atual na Am\u00e9rica Latina tem como raiz 35\nanos de pol\u00edticas econ\u00f4micas desatinadas, adotadas principalmente como resposta\n\u00e0 crise da d\u00edvida internacional do come\u00e7o da d\u00e9cada de 1980.<\/p>\n\n\n\n<p>Por insist\u00eancia de institui\u00e7\u00f5es financeiras internacionais,\nque defendiam a \u201csabedoria\u201d convencional da \u00e9poca, foram promovidas reformas de\nmercado. A regi\u00e3o j\u00e1 sofria com uma hist\u00f3ria dif\u00edcil de grande desigualdade\nsocioecon\u00f4mica e instabilidade pol\u00edtica, e a globaliza\u00e7\u00e3o econ\u00f4mica, com sua\nagenda desregulamentadora do mercado, piorou muito esses problemas.<\/p>\n\n\n\n<p>Sob a suposi\u00e7\u00e3o de que esses pa\u00edses deveriam se aproveitar\nde suas \u201cvantagens comparativas\u201d, o Consenso de Washington insistiu na\nelimina\u00e7\u00e3o da prote\u00e7\u00e3o industrial, na desregulamenta\u00e7\u00e3o do investimento\nestrangeiro e na flexibiliza\u00e7\u00e3o dos mercados de trabalho.<\/p>\n\n\n\n<p>A soma total dessa orienta\u00e7\u00e3o de pol\u00edticas:\ndesindustrializa\u00e7\u00e3o, desemprego e aumento do tamanho do setor informal.<\/p>\n\n\n\n<blockquote class=\"wp-block-quote is-layout-flow wp-block-quote-is-layout-flow\">\n<p>A privatiza\u00e7\u00e3o das empresas estatais e os esfor\u00e7os para promover a expans\u00e3o das exporta\u00e7\u00f5es produziram concentra\u00e7\u00e3o de riqueza, j\u00e1 que apenas as maiores empresas nacionais tinham condi\u00e7\u00f5es de aproveitar as novas oportunidades&#8221;<\/p>\n<\/blockquote>\n\n\n\n<p>A privatiza\u00e7\u00e3o das empresas estatais e os esfor\u00e7os para\npromover a expans\u00e3o das exporta\u00e7\u00f5es produziram concentra\u00e7\u00e3o de riqueza, j\u00e1 que\napenas as maiores empresas nacionais (frequentemente aliada a capitais\nestrangeiros) tinham condi\u00e7\u00f5es de aproveitar as novas oportunidades.<\/p>\n\n\n\n<p>Supunha-se que o desaparecimento de empresas nacionais\nineficientes seria compensado pelo crescimento econ\u00f4mico e pela gera\u00e7\u00e3o de novas\noportunidades de emprego.<\/p>\n\n\n\n<p>N\u00e3o foi o que aconteceu. Ao longo da d\u00e9cada de 1990, a\npobreza diminuiu apenas lentamente, e a desigualdade se tornou mais alta que nunca.<\/p>\n\n\n\n<p>Tudo isso teve profundas consequ\u00eancias pol\u00edticas.<\/p>\n\n\n\n<p>O poder do empresariado aumentou a partir da d\u00e9cada de 1980,\n\u00e0 medida que os governos se tornavam dependentes do investimento privado para\nimpulsionar o crescimento econ\u00f4mico, e aumentou o n\u00famero de empres\u00e1rios que\nobtinham posi\u00e7\u00f5es formais de poder dentro do Estado, especialmente indica\u00e7\u00f5es\npara postos ministeriais.<\/p>\n\n\n\n<p>Enquanto isso, a mobiliza\u00e7\u00e3o popular crescia \u00e0 medida que\numa ampla faixa da popula\u00e7\u00e3o se desiludia com os partidos pol\u00edticos\ntradicionais.<\/p>\n\n\n\n<p>Em 2009, mais de dois ter\u00e7os dos pa\u00edses da regi\u00e3o haviam\nelegido governos de esquerda. Essas vit\u00f3rias eleitorais causaram grande\nconsterna\u00e7\u00e3o entre os empres\u00e1rios e muitos integrantes da classe m\u00e9dia, que em\nmuitos casos continuaram a ser opositores implac\u00e1veis das novas administra\u00e7\u00f5es.<\/p>\n\n\n\n<p>A repentina chegada ao poder de l\u00edderes que representavam os pobres urbanos e rurais engendrou fortes sentimentos de inseguran\u00e7a, e at\u00e9 medo, nas classes m\u00e9dia e alta. Mesmo assim, as tens\u00f5es cont\u00ednuas entre os <a href=\"https:\/\/latinoamerica21.com\/br\/a-polarizacao-sistemica\/\">governos<\/a> e os interesses empresariais durante os anos 2000 detiveram o investimento privado.<\/p>\n\n\n\n<p>No entanto, porque essas vit\u00f3rias eleitorais coincidiram com\na alta nos pre\u00e7os das mat\u00e9rias-primas e com aumentos substanciais da\narrecada\u00e7\u00e3o estatal, os governos de esquerda puderam repartir o botim, reduzir\na pobreza e (especialmente no caso da Venezuela) adotar uma ret\u00f3rica\nantiempresarial: o crescimento impulsionado pelas mat\u00e9rias-primas evitava a\nnecessidade de investimento privado.<\/p>\n\n\n\n<p>Mas, quando as balan\u00e7as comerciais se deterioraram, o\nd\u00e9ficit fiscal disparou e os governos cortaram os programas sociais.<\/p>\n\n\n\n<p>O medo de eros\u00e3o do apoio das massas, combinado a uma classe\nm\u00e9dia intransigente e e \u00e0 oposi\u00e7\u00e3o da classe alta, provavelmente est\u00e1 na raiz\ndas tend\u00eancias autorit\u00e1rias dos regimes de esquerda populistas, sobretudo na Venezuela,\nmas tamb\u00e9m na Bol\u00edvia.<\/p>\n\n\n\n<p>No Chile, Brasil e Argentina, as recess\u00f5es econ\u00f4micas\nprecipitaram a elei\u00e7\u00e3o de governos de direita, acontecimentos eleitorais que\nimediatamente provocaram crescente insatisfa\u00e7\u00e3o entre os setores\nsocioecon\u00f4micos mais baixos, devido a cortes nos programas que beneficiavam os\npobres e aos aumentos de pre\u00e7os, o que resultou em aumento no custo dos\nprodutos b\u00e1sicos.<\/p>\n\n\n\n<p>No caso do Chile, cabe recordar que o atual governo\ndireitista de Sebasti\u00e1n Pi\u00f1era enfrentou os protestos (que pediam por uma nova\nConstitui\u00e7\u00e3o e pelo fim da desigualdade) recorrendo a soldados e tanques, a\nprimeira vez em que um governo reage dessa maneira no pa\u00eds desde seu retorno ao\ngoverno civil e \u00e0 democracia.<\/p>\n\n\n\n<p>A dif\u00edcil hist\u00f3ria da Am\u00e9rica Latina se tornou mais dif\u00edcil\nainda, agora.<\/p>\n\n\n\n<p>A polariza\u00e7\u00e3o entre os partid\u00e1rios pr\u00e9vios da esquerda pol\u00edtica\ne seus oponentes de direita cresceu, e agora est\u00e1 enla\u00e7ada com o desprezo\nracial.<\/p>\n\n\n\n<p>Ainda que as pol\u00edticas econ\u00f4micas anteriores \u00e0 d\u00e9cada de\n1980 deixassem muito a desejar, a ades\u00e3o ideol\u00f3gica \u00e0 efic\u00e1cia do mercado cegou\nos lideres quanto aos fatos: que uma vantagem comparativa pode ser criada.<\/p>\n\n\n\n<p>O que era preciso era uma estrat\u00e9gia orientada \u00e0 expans\u00e3o das atividades produtivas e das oportunidades de emprego. Em lugar disso, a f\u00e9 no mercado deixou a regi\u00e3o dependente dos vaiv\u00e9ns da demanda internacional por mat\u00e9rias-primas e exposta aos problemas pol\u00edticos derivados essa depend\u00eancia.<\/p>\n\n\n\n<p><em>Foto de simenon en Trends Hype \/ CC BY-SA<\/em><\/p>\n","protected":false},"excerpt":{"rendered":"<p>A hist\u00f3ria latino-americana sofre pela depend\u00eancia quanto \u00e0s<br \/>\nexporta\u00e7\u00f5es, inquieta\u00e7\u00e3o popular, repress\u00e3o pol\u00edtica, governos autorit\u00e1rios e intromiss\u00e3o militar. Supunha-se que a transi\u00e7\u00e3o para a democracia e a liberaliza\u00e7\u00e3o dos mercados na d\u00e9cada de 1980 mitigariam esses desafios.<\/p>\n","protected":false},"author":34,"featured_media":1397,"comment_status":"closed","ping_status":"closed","sticky":false,"template":"","format":"standard","meta":{"_acf_changed":false,"episode_type":"","audio_file":"","cover_image":"","cover_image_id":"","duration":"","filesize":"","filesize_raw":"","date_recorded":"","explicit":"","block":"","itunes_episode_number":"","itunes_title":"","itunes_season_number":"","itunes_episode_type":"","footnotes":""},"categories":[16708,16777,16750],"tags":[],"gps":[],"class_list":{"0":"post-1400","1":"post","2":"type-post","3":"status-publish","4":"format-standard","5":"has-post-thumbnail","7":"category-politica-pt-br","8":"category-globalizacion-pt-br","9":"category-economia-pt-br"},"acf":[],"_links":{"self":[{"href":"https:\/\/latinoamerica21.com\/pt-br\/wp-json\/wp\/v2\/posts\/1400","targetHints":{"allow":["GET"]}}],"collection":[{"href":"https:\/\/latinoamerica21.com\/pt-br\/wp-json\/wp\/v2\/posts"}],"about":[{"href":"https:\/\/latinoamerica21.com\/pt-br\/wp-json\/wp\/v2\/types\/post"}],"author":[{"embeddable":true,"href":"https:\/\/latinoamerica21.com\/pt-br\/wp-json\/wp\/v2\/users\/34"}],"replies":[{"embeddable":true,"href":"https:\/\/latinoamerica21.com\/pt-br\/wp-json\/wp\/v2\/comments?post=1400"}],"version-history":[{"count":0,"href":"https:\/\/latinoamerica21.com\/pt-br\/wp-json\/wp\/v2\/posts\/1400\/revisions"}],"wp:featuredmedia":[{"embeddable":true,"href":"https:\/\/latinoamerica21.com\/pt-br\/wp-json\/wp\/v2\/media\/1397"}],"wp:attachment":[{"href":"https:\/\/latinoamerica21.com\/pt-br\/wp-json\/wp\/v2\/media?parent=1400"}],"wp:term":[{"taxonomy":"category","embeddable":true,"href":"https:\/\/latinoamerica21.com\/pt-br\/wp-json\/wp\/v2\/categories?post=1400"},{"taxonomy":"post_tag","embeddable":true,"href":"https:\/\/latinoamerica21.com\/pt-br\/wp-json\/wp\/v2\/tags?post=1400"},{"taxonomy":"gps","embeddable":true,"href":"https:\/\/latinoamerica21.com\/pt-br\/wp-json\/wp\/v2\/gps?post=1400"}],"curies":[{"name":"wp","href":"https:\/\/api.w.org\/{rel}","templated":true}]}}