{"id":14014,"date":"2022-12-20T08:00:00","date_gmt":"2022-12-20T11:00:00","guid":{"rendered":"https:\/\/latinoamerica21.com\/?p=14014"},"modified":"2022-12-19T14:58:52","modified_gmt":"2022-12-19T17:58:52","slug":"amlo-o-lider-e-o-mito","status":"publish","type":"post","link":"https:\/\/latinoamerica21.com\/pt-br\/amlo-o-lider-e-o-mito\/","title":{"rendered":"AMLO: o l\u00edder e o mito"},"content":{"rendered":"\n<p>Como negar a <a href=\"https:\/\/g1.globo.com\/mundo\/noticia\/2022\/11\/27\/milhares-de-pessoas-vao-as-ruas-da-cidade-do-mexico-em-apoio-a-presidente.ghtml\" target=\"_blank\" rel=\"noreferrer noopener\">avalanche de partid\u00e1rios pr\u00f3-Obrador<\/a> que foi vista recentemente na Avenida Reforma, na Cidade do M\u00e9xico? Como n\u00e3o aceitar que provavelmente 1,2 milh\u00f5es de pessoas participaram? Como n\u00e3o reconhecer o fasc\u00ednio que L\u00f3pez Obrador continua provocando, al\u00e9m daqueles que puderam ir sob press\u00e3o desde Tijuana ou Ciudad Chetumal?<\/p>\n\n\n\n<p>Porque, se olharmos bem, tudo se centrou no Presidente L\u00f3pez Obrador. Foi ele quem convocou a mobiliza\u00e7\u00e3o ap\u00f3s <a href=\"https:\/\/latinoamerica21.com\/br\/a-revanche-de-amlo\/\" target=\"_blank\" rel=\"noreferrer noopener\">a manifesta\u00e7\u00e3o cidad\u00e3 de 13 de novembro<\/a> e quem decidiu sobre o roteiro no qual seria o principal protagonista. Seria ele tamb\u00e9m quem faria um longo discurso repetindo muito do que diz diariamente em sua confer\u00eancia matinal com o \u00fanico objetivo de demonstrar que sua aura ainda est\u00e1 intacta.\u00a0<\/p>\n\n\n\n<p>AMLO se equipara aos mitos de Hidalgo, Morelos, Ju\u00e1rez, Madero, Mag\u00f3n e C\u00e1rdenas, j\u00e1 que cada um dos grandes personagens da hist\u00f3ria tem seu lado humano mas tamb\u00e9m seu lado m\u00edtico, aquele que lhe atribuem as massas ou na atualidade tamb\u00e9m os meios de comunica\u00e7\u00e3o. Aquele que \u00e9 indivis\u00edvel. E esse \u00e9 um dos problemas do mito encarnado: como transferir essa aura para outra pessoa, a fim de continuar a transforma\u00e7\u00e3o do M\u00e9xico? N\u00e3o h\u00e1 como. E a demonstra\u00e7\u00e3o s\u00e3o essas 1,2 milh\u00f5es de pessoas que se deslocaram para o centro da Cidade do M\u00e9xico para acompanh\u00e1-lo e demonstrar que n\u00e3o h\u00e1 outro para suced\u00ea-lo.<\/p>\n\n\n\n<p>Mas a adora\u00e7\u00e3o do l\u00edder sempre divide o partido internamente. A\u00ed est\u00e1 o senador governante Ricardo Monreal, que declarou que est\u00e1 indo embora. E ele n\u00e3o est\u00e1 partindo sozinho em meio ao rep\u00fadio dos &#8220;talib\u00e3s&#8221; do movimento, mas est\u00e1 levando pelo menos um governador, parte das bancadas do Congresso da Uni\u00e3o e possivelmente arrastando consigo alguns votos da Cidade do M\u00e9xico.<\/p>\n\n\n\n<p>\u00c9 o problema do mito transformado em homem. \u00c9 religioso e intransfer\u00edvel. Al\u00e9m disso, sua influ\u00eancia \u00e9 limitada. O fato de um milh\u00e3o de pessoas ter participado da marcha pr\u00f3-governo e da marcha de 13 de novembro \u00e9 significativo, mas n\u00e3o descreve o universo de eleitores potenciais na \u00e1rea metropolitana da Cidade do M\u00e9xico. Tamb\u00e9m n\u00e3o significa que aqueles que n\u00e3o compareceram n\u00e3o apoiam o governo ou pertencem ao mundo dos indecisos. E esse \u00e9 o grande ponto de interroga\u00e7\u00e3o para as elei\u00e7\u00f5es de 2024. A quest\u00e3o no Estado do M\u00e9xico e Coahuila para 2023.<\/p>\n\n\n\n<p>Como ir\u00e1 votar a \u00e1rea metropolitana da Cidade do M\u00e9xico? Como o fez em 2018 ou como o fez em 2021? As estrat\u00e9gias de Morena e da oposi\u00e7\u00e3o procuram capturar este eleitorado por bem ou por mal. O fato \u00e9 que a marcha pr\u00f3-governo mobilizou, a grosso modo, funcion\u00e1rios p\u00fablicos, empregados, benefici\u00e1rios de programas sociais e, acima de tudo, os fi\u00e9is de AMLO. O resto poderia ter ficado em casa esperando a partida do M\u00e9xico contra a Argentina ou simplesmente n\u00e3o pertencer ao c\u00edrculo da aura do mito.<\/p>\n\n\n\n<p>N\u00e3o se trata apenas, como disse o jornalista Jorge Patterson, do &#8220;que n\u00e3o estamos vendo&#8221;, que \u00e9 a marca m\u00edtica de AMLO. E sim das zonas de sil\u00eancio ou aquelas que j\u00e1 se afastaram, como aconteceu na Cidade do M\u00e9xico.<\/p>\n\n\n\n<p>Subtra\u00eddas ao mito obradorista, muitos est\u00e3o procurando por alternativas \u00e0 Morena. E isto ficou evidente na marcha na capital de 13 de novembro. Mas n\u00e3o h\u00e1 nada escrito. A Cidade do M\u00e9xico, ou melhor, a \u00e1rea metropolitana do Vale do M\u00e9xico, poderia mais uma vez se tornar uma disputa acirrada com um resultado imprevis\u00edvel.<\/p>\n\n\n\n<p>Em suma, a massiva manifesta\u00e7\u00e3o do obradorismo foi uma demonstra\u00e7\u00e3o da capacidade intacta de AMLO para mobilizar enormes massas em todo o pa\u00eds para acompanh\u00e1-lo e aplaudi-lo. Desta forma, o presidente exalta seu mito e garante que nenhuma manifesta\u00e7\u00e3o de oposi\u00e7\u00e3o o desafiar\u00e1. Por isso a convocat\u00f3ria foi muito pessoal. N\u00e3o foi Morena, foi ele. Se a mobiliza\u00e7\u00e3o tivesse sido convocada por Morena, o mito teria sido politizado. E o mito precisa do incenso da imagem, da voz, do <em>rictus<\/em> do l\u00edder.<\/p>\n","protected":false},"excerpt":{"rendered":"<p>A manifesta\u00e7\u00e3o em massa do obradorismo foi uma demonstra\u00e7\u00e3o da capacidade intacta da AMLO de mobilizar enormes massas em todo o pa\u00eds e de fortalecer seu mito para garantir que nenhuma manifesta\u00e7\u00e3o de oposi\u00e7\u00e3o o desafiaria.<\/p>\n","protected":false},"author":331,"featured_media":13995,"comment_status":"closed","ping_status":"closed","sticky":false,"template":"","format":"standard","meta":{"_acf_changed":false,"episode_type":"","audio_file":"","cover_image":"","cover_image_id":"","duration":"","filesize":"","filesize_raw":"","date_recorded":"","explicit":"","block":"","itunes_episode_number":"","itunes_title":"","itunes_season_number":"","itunes_episode_type":"","footnotes":""},"categories":[16896,16896,16706,16706,16776,16776,544],"tags":[],"gps":[],"class_list":{"0":"post-14014","1":"post","2":"type-post","3":"status-publish","4":"format-standard","5":"has-post-thumbnail","7":"category-lideres-politicos-pt-br","9":"category-mexico-pt-br","11":"category-lopez-obrador-pt-br","13":"category-politica-br"},"acf":[],"_links":{"self":[{"href":"https:\/\/latinoamerica21.com\/pt-br\/wp-json\/wp\/v2\/posts\/14014","targetHints":{"allow":["GET"]}}],"collection":[{"href":"https:\/\/latinoamerica21.com\/pt-br\/wp-json\/wp\/v2\/posts"}],"about":[{"href":"https:\/\/latinoamerica21.com\/pt-br\/wp-json\/wp\/v2\/types\/post"}],"author":[{"embeddable":true,"href":"https:\/\/latinoamerica21.com\/pt-br\/wp-json\/wp\/v2\/users\/331"}],"replies":[{"embeddable":true,"href":"https:\/\/latinoamerica21.com\/pt-br\/wp-json\/wp\/v2\/comments?post=14014"}],"version-history":[{"count":0,"href":"https:\/\/latinoamerica21.com\/pt-br\/wp-json\/wp\/v2\/posts\/14014\/revisions"}],"wp:featuredmedia":[{"embeddable":true,"href":"https:\/\/latinoamerica21.com\/pt-br\/wp-json\/wp\/v2\/media\/13995"}],"wp:attachment":[{"href":"https:\/\/latinoamerica21.com\/pt-br\/wp-json\/wp\/v2\/media?parent=14014"}],"wp:term":[{"taxonomy":"category","embeddable":true,"href":"https:\/\/latinoamerica21.com\/pt-br\/wp-json\/wp\/v2\/categories?post=14014"},{"taxonomy":"post_tag","embeddable":true,"href":"https:\/\/latinoamerica21.com\/pt-br\/wp-json\/wp\/v2\/tags?post=14014"},{"taxonomy":"gps","embeddable":true,"href":"https:\/\/latinoamerica21.com\/pt-br\/wp-json\/wp\/v2\/gps?post=14014"}],"curies":[{"name":"wp","href":"https:\/\/api.w.org\/{rel}","templated":true}]}}