{"id":14271,"date":"2023-01-02T08:00:00","date_gmt":"2023-01-02T11:00:00","guid":{"rendered":"https:\/\/latinoamerica21.com\/?p=14271"},"modified":"2023-01-02T12:01:46","modified_gmt":"2023-01-02T15:01:46","slug":"a-prisao-do-principal-opositor-do-mas-e-a-deriva-ditatorial-na-bolivia","status":"publish","type":"post","link":"https:\/\/latinoamerica21.com\/pt-br\/a-prisao-do-principal-opositor-do-mas-e-a-deriva-ditatorial-na-bolivia\/","title":{"rendered":"A pris\u00e3o do principal opositor do MAS e a deriva ditatorial na Bol\u00edvia"},"content":{"rendered":"\n<p>Sob a falsa tese de um golpe de Estado (crise pol\u00edtica de 2019), a ex-presidente Jeanine A\u00f1ez foi detida e encarcerada em mar\u00e7o de 2021. Quase dois anos depois e partindo da mesma tese, Luis Fernando Camacho, o governador do departamento aut\u00f4nomo com maior poder econ\u00f4mico da Bol\u00edvia, foi apreendido (sequestro estatal) e <a href=\"https:\/\/www.france24.com\/es\/am%C3%A9rica-latina\/20221230-vuelven-las-tensiones-a-bolivia-con-la-reclusi%C3%B3n-del-opositor-luis-fernando-camacho\">detido preventivamente por quatro meses<\/a>. Ele \u00e9 acusado de terrorismo.<\/p>\n\n\n\n<p>Este ato, cometido por agentes policiais em 28 de dezembro, revelou a deriva ditatorial do governo Arce e provocou uma rea\u00e7\u00e3o cidad\u00e3 em Santa Cruz, mediante o bloqueio de ruas, inc\u00eandios em institui\u00e7\u00f5es p\u00fablicas (Minist\u00e9rio P\u00fablico, comando policial e poder judici\u00e1rio, impostos nacionais, entre outros) e a casa de um ministro de estado, e enfrentamentos com a pol\u00edcia.&nbsp;<\/p>\n\n\n\n<p>Como podemos entender a deriva ditatorial do presidente boliviano expressa com a apreens\u00e3o de um governador aut\u00f4nomo eleito pelo voto dos cidad\u00e3os?<\/p>\n\n\n\n<p>A apreens\u00e3o do governador de Santa Cruz pode ser entendida como indicativo <a href=\"https:\/\/latinoamerica21.com\/br\/bolivia-a-democracia-nao-tem-quem-lhe-escreva\/\">da deriva ditatorial do governo boliviano<\/a>, uma vez que seus direitos pol\u00edticos foram n\u00e3o apenas restringidos, mas tamb\u00e9m suprimidos. Em outras palavras, a partir do v\u00e9rtice da pir\u00e2mide, o poder central decidiu pela liberdade pol\u00edtica de um governador aut\u00f4nomo sem intermedia\u00e7\u00e3o ou contrapesos institucionais que limitem ou restrinjam os abusos do monop\u00f3lio da viol\u00eancia do Estado.<\/p>\n\n\n\n<p>Para entender este acontecimento de alto impacto, que reflete a debilidade institucional da democracia na Bol\u00edvia, \u00e9 pertinente reconhecer quatro fatores que o configuram: jur\u00eddico, pol\u00edtico-partid\u00e1rio, polariza\u00e7\u00e3o e auto-organiza\u00e7\u00e3o cidad\u00e3.<\/p>\n\n\n\n<p>De acordo com especialistas na \u00e1rea jur\u00eddica, cinco ilegalidades foram cometidas com a apreens\u00e3o de Camacho. Sequestro: seu direito \u00e0 defesa e \u00e0 notifica\u00e7\u00e3o pr\u00e9via foi violado; viol\u00eancia excessiva foi usada e n\u00e3o tinha uma acusa\u00e7\u00e3o formal, al\u00e9m de estar no meio do feriado judicial; n\u00e3o houve um delito penal, j\u00e1 que o suposto delito de terrorismo \u00e9 vago e amb\u00edguo; ele foi transferido para La Paz quando reside em Santa Cruz; e houve desaparecimento for\u00e7ado, j\u00e1 que se violaram seus direitos \u00e0 liberdade f\u00edsica, integridade pessoal, integridade moral psicol\u00f3gica e o direito \u00e0 sa\u00fade.&nbsp;<\/p>\n\n\n\n<p>A luta interna no MAS entre a ala radical de Evo Morales e a ala renovadora de Luis Arce se aprofundou ao ponto de trazer \u00e0 tona alega\u00e7\u00f5es de corrup\u00e7\u00e3o e narcotr\u00e1fico na gest\u00e3o de ambos os l\u00edderes do partido que governa desde 2006. Entretanto, a falsa tese de um golpe de Estado em 2019 \u00e9 comum em ambas as alas e lideran\u00e7as. Portanto, a deten\u00e7\u00e3o de Camacho pode ser traduzida em um trof\u00e9u pol\u00edtico para o presidente que simboliza, no \u00e2mbito de sua falsa tese, a queda do &#8220;golpista olig\u00e1rquico da direita&#8221; e, por conseguinte, um sopro de ar fresco com as massas.<\/p>\n\n\n\n<p>De uma perspectiva afetiva, a polariza\u00e7\u00e3o \u00e9 um processo de permanente conflito entre n\u00f3s e eles. Ou seja, um cen\u00e1rio onde as elites governantes decidem pelo confronto e deixam de lado a coopera\u00e7\u00e3o, questionam a legitimidade de certas institui\u00e7\u00f5es p\u00fablicas e provocam conflitos entre os cidad\u00e3os mediante temas que dividem e mobilizam porque, estrategicamente, a fragmenta\u00e7\u00e3o \u00e9 mais favor\u00e1vel do que o consenso. Sob este marco conceitual, fica claro que o sequestro estatal do governador de Santa Cruz alimenta a polariza\u00e7\u00e3o porque outorga benef\u00edcios ao MAS como partido em fun\u00e7\u00e3o de governo, que, ali\u00e1s, est\u00e1 sofrendo a evolu\u00e7\u00e3o constante de uma divis\u00e3o interna.&nbsp;<\/p>\n\n\n\n<p>O permanente conflito de &#8220;n\u00f3s&#8221; contra &#8220;eles&#8221; fomentado pela elite dominante tem sido uma circunst\u00e2ncia favor\u00e1vel para a auto-organiza\u00e7\u00e3o cidad\u00e3 em Santa Cruz e seu protesto pol\u00edtico contra os abusos do poder central do Estado. Entre 22 de outubro e 25 de novembro de 2022, houve uma greve de atividades p\u00fablicas e privadas com bloqueios de ruas e estradas no departamento, exigindo a reprograma\u00e7\u00e3o do censo da popula\u00e7\u00e3o e habitacional antes de 2025 &#8211; o ano das elei\u00e7\u00f5es gerais &#8211; que atingiu seu objetivo.<\/p>\n\n\n\n<p>Com a apreens\u00e3o e deten\u00e7\u00e3o preventiva de Camacho, o governo Arce tocou uma veia de alta sensibilidade ideol\u00f3gica e identit\u00e1ria porque n\u00e3o respeitou a investidura de um representante pol\u00edtico que venceu as elei\u00e7\u00f5es com mais de 50% dos votos e encarna os valores culturais da regi\u00e3o. Em outras palavras, fortaleceu ideologicamente a fronteira hist\u00f3rica entre Santa Cruz e o estado central, dirigido a partir de La Paz.<\/p>\n\n\n\n<p>Em conclus\u00e3o, sob a falsa tese do golpe de Estado, que na realidade foi uma crise pol\u00edtica gerada pela ren\u00fancia e fuga de Evo Morales ap\u00f3s cometer fraude eleitoral, as institui\u00e7\u00f5es democr\u00e1ticas est\u00e3o mais debilitadas do que nunca pelo comportamento pol\u00edtico do atual governo nacional. A deriva ditatorial de Luis Arce, manifestada no sequestro estatal de Luis Fernando Camacho (governador aut\u00f4nomo) e o roubo de sua liberdade pol\u00edtica, \u00e9 um terr\u00edvel sinal pol\u00edtico para a esperan\u00e7a de conviv\u00eancia democr\u00e1tica e respeito \u00e0s diferen\u00e7as ideol\u00f3gicas na Bol\u00edvia. \u00c9 um sinal sombrio que a Am\u00e9rica Latina deve levar a s\u00e9rio a fim de colocar limites a tal situa\u00e7\u00e3o.<\/p>\n","protected":false},"excerpt":{"rendered":"<p>Com base na tese de golpe de Estado, Luis Fernando Camacho, governador de Santa Cruz, o departamento mais poderoso economicamente da Bol\u00edvia, foi detido preventivamente por quatro meses. Ele \u00e9 acusado de terrorismo.<\/p>\n","protected":false},"author":120,"featured_media":14258,"comment_status":"closed","ping_status":"closed","sticky":false,"template":"","format":"standard","meta":{"_acf_changed":false,"episode_type":"","audio_file":"","cover_image":"","cover_image_id":"","duration":"","filesize":"","filesize_raw":"","date_recorded":"","explicit":"","block":"","itunes_episode_number":"","itunes_title":"","itunes_season_number":"","itunes_episode_type":"","footnotes":""},"categories":[16708,16710,16843,16719,544],"tags":[],"gps":[],"class_list":{"0":"post-14271","1":"post","2":"type-post","3":"status-publish","4":"format-standard","5":"has-post-thumbnail","7":"category-politica-pt-br","8":"category-bolivia-pt-br","9":"category-mas-pt-br","10":"category-debates-pt-br","11":"category-politica-br"},"acf":[],"_links":{"self":[{"href":"https:\/\/latinoamerica21.com\/pt-br\/wp-json\/wp\/v2\/posts\/14271","targetHints":{"allow":["GET"]}}],"collection":[{"href":"https:\/\/latinoamerica21.com\/pt-br\/wp-json\/wp\/v2\/posts"}],"about":[{"href":"https:\/\/latinoamerica21.com\/pt-br\/wp-json\/wp\/v2\/types\/post"}],"author":[{"embeddable":true,"href":"https:\/\/latinoamerica21.com\/pt-br\/wp-json\/wp\/v2\/users\/120"}],"replies":[{"embeddable":true,"href":"https:\/\/latinoamerica21.com\/pt-br\/wp-json\/wp\/v2\/comments?post=14271"}],"version-history":[{"count":0,"href":"https:\/\/latinoamerica21.com\/pt-br\/wp-json\/wp\/v2\/posts\/14271\/revisions"}],"wp:featuredmedia":[{"embeddable":true,"href":"https:\/\/latinoamerica21.com\/pt-br\/wp-json\/wp\/v2\/media\/14258"}],"wp:attachment":[{"href":"https:\/\/latinoamerica21.com\/pt-br\/wp-json\/wp\/v2\/media?parent=14271"}],"wp:term":[{"taxonomy":"category","embeddable":true,"href":"https:\/\/latinoamerica21.com\/pt-br\/wp-json\/wp\/v2\/categories?post=14271"},{"taxonomy":"post_tag","embeddable":true,"href":"https:\/\/latinoamerica21.com\/pt-br\/wp-json\/wp\/v2\/tags?post=14271"},{"taxonomy":"gps","embeddable":true,"href":"https:\/\/latinoamerica21.com\/pt-br\/wp-json\/wp\/v2\/gps?post=14271"}],"curies":[{"name":"wp","href":"https:\/\/api.w.org\/{rel}","templated":true}]}}