{"id":14346,"date":"2023-01-07T08:00:00","date_gmt":"2023-01-07T11:00:00","guid":{"rendered":"https:\/\/latinoamerica21.com\/?p=14346"},"modified":"2023-01-05T20:38:38","modified_gmt":"2023-01-05T23:38:38","slug":"a-visao-de-polanyi-em-tempos-de-antropoceno","status":"publish","type":"post","link":"https:\/\/latinoamerica21.com\/pt-br\/a-visao-de-polanyi-em-tempos-de-antropoceno\/","title":{"rendered":"A vis\u00e3o de Polanyi em tempos de Antropoceno"},"content":{"rendered":"\n<p>A atividade humana marcou <a href=\"https:\/\/latinoamerica21.com\/br\/as-encruzilhadas-da-humanidade-na-epoca-do-antropoceno\/\" target=\"_blank\" rel=\"noreferrer noopener\">uma nova era geol\u00f3gica: o Antropoceno<\/a>. Embora seu come\u00e7o esteja geralmente associado ao processo de industrializa\u00e7\u00e3o, \u00e9 em meados do s\u00e9culo passado que come\u00e7a sua grande acelera\u00e7\u00e3o.<\/p>\n\n\n\n<p>Na reconhecida publica\u00e7\u00e3o<em> <\/em><a href=\"https:\/\/journals.sagepub.com\/doi\/10.1177\/2053019614564785\" target=\"_blank\" rel=\"noreferrer noopener\"><em>The trajectory of the Anthropocene: The Great Acceleration<\/em><\/a>, de 2015, \u00e9 rastreada a origem deste per\u00edodo atrav\u00e9s da evolu\u00e7\u00e3o de uma s\u00e9rie de indicadores, como os gases de efeito estufa, a redu\u00e7\u00e3o da camada de oz\u00f4nio, as mudan\u00e7as clim\u00e1ticas, a eros\u00e3o de zonas costeiras, o ciclo do nitrog\u00eanio, cuja magnitude denota a emerg\u00eancia que atualmente atravessamos.<\/p>\n\n\n\n<p>Com o advento do neoliberalismo, o mercado se amplia para \u00e1reas antes proibidas, a desregulamenta\u00e7\u00e3o avan\u00e7a, o mundo torna-se plano: estamos nos anos da &#8220;hiperglobaliza\u00e7\u00e3o&#8221;, um termo cunhado pelo renomado economista de Harvard Dani Rodrik para descrever um per\u00edodo de grande conflito social. <a href=\"https:\/\/www.tandfonline.com\/doi\/full\/10.1080\/14747731.2020.1850073\" target=\"_blank\" rel=\"noreferrer noopener\">Andreas Novy (2022) readapta o trilema pol\u00edtico de Rodrik<\/a>, inserindo, para isso, a restri\u00e7\u00e3o ecol\u00f3gica.<\/p>\n\n\n\n<p>Todos estes autores evocam Karl Polanyi, um dos cr\u00edticos mais contundentes tanto do liberalismo desenfreado como do fascismo que emergiu no per\u00edodo entre guerras. Reler Polanyi em tempos de emerg\u00eancia clim\u00e1tica significa concentrar a an\u00e1lise na natureza e no lugar que ocupa o mercado na solu\u00e7\u00e3o do problema clim\u00e1tico ou em reverter a perda de biodiversidade. Isso tamb\u00e9m implica repensar o modo de produ\u00e7\u00e3o, bem como a globaliza\u00e7\u00e3o.<\/p>\n\n\n\n<p>Para ilustrar a seriedade do problema, poder\u00edamos detalhar as muitas esp\u00e9cies, animais e plantas que est\u00e3o em perigo de extin\u00e7\u00e3o. Tamb\u00e9m evidenciamos eventos extremos; o aquecimento global impulsiona cat\u00e1strofes ambientais que cada dia mostram-se mais virulentas. A emerg\u00eancia clim\u00e1tica se sobrep\u00f5e \u00e0 crise da biodiversidade; assim, diferentes tipos de choques se interrelacionam e a forma como s\u00e3o potenciados para gerar uma superposi\u00e7\u00e3o de crises (policrise).<\/p>\n\n\n\n<p>Retornando \u00e0 releitura que fez A. Novy de D. Rodrik, para o primeiro, o trilema pol\u00edtico apresenta tr\u00eas alternativas de organiza\u00e7\u00e3o s\u00f3cio-econ\u00f4mica: a globaliza\u00e7\u00e3o, que se relaciona com o neoliberalismo, uma sa\u00edda nacionalista que, no contexto latino-americano, vinculamos ao neodesenvolvimentiismo, ou uma transforma\u00e7\u00e3o s\u00f3cio-ecol\u00f3gica. Este \u00faltimo implica, por um lado, um processo de maior participa\u00e7\u00e3o na tomada de decis\u00f5es s\u00f3cio-econ\u00f4micas (democratiza\u00e7\u00e3o). Por outro, se inclina para o multilateralismo (governan\u00e7a global), embora enfatize a necessidade de mudar muitas das institui\u00e7\u00f5es que, devido ao neoliberalismo, empoderaram os investidores.<\/p>\n\n\n\n<p>Se considerarmos o pacote verde introduzido pela Uni\u00e3o Europeia, o crescente rep\u00fadio ao Tratado de Energia resulta em uma mudan\u00e7a institucional relevante. A introdu\u00e7\u00e3o de uma taxa de carbono de fronteira (CBAM, por sua sigla em ing\u00eas) marca o interesse de Bruxelas em se tornar um <em>soft power<\/em> &#8220;verde&#8221;. O atual processo de transforma\u00e7\u00e3o pode ser entendido como uma aposta para deixar para tr\u00e1s o ordoliberalismo, que poderia muito bem ser enquadrado como uma tentativa de recriar um liberalismo social e ambientalmente embutido.<\/p>\n\n\n\n<p>Outra \u00e9 a situa\u00e7\u00e3o na Am\u00e9rica Latina, cujos dirigentes negam as externalidades geradas pelo padr\u00e3o de produ\u00e7\u00e3o. Neoliberais e neo-desenvolvimentistas o consideram um custo que a sociedade deve assumir em prol do progresso. Poucos parecem dispostos a ouvir as queixas daqueles que sofrem com o avan\u00e7o da mega-minera\u00e7\u00e3o, da explora\u00e7\u00e3o de petr\u00f3leo, da agroind\u00fastria, da destrui\u00e7\u00e3o de florestas, da contamina\u00e7\u00e3o das \u00e1guas e do desaparecimento de esp\u00e9cies.<\/p>\n\n\n\n<p><strong>Ambos os modelos geram \u201czonas de sacrif\u00edcio\u201d<\/strong><\/p>\n\n\n\n<p>Ambos compartilham tens\u00f5es e crises, assim como reproduzem uma economia desencarnada que funciona fora da sociedade, o que explica a debilidade democr\u00e1tica evidente na regi\u00e3o e se assemelha \u00e0 realidade que Polanyi retratou na Grande Transforma\u00e7\u00e3o.<\/p>\n\n\n\n<p>Vista da perspectiva latino-americana, o &#8220;duplo movimento&#8221; que surgiu nos anos noventa imp\u00f4s o livre mercado enquanto expandia os direitos das comunidades ind\u00edgenas (com base no reconhecimento da resolu\u00e7\u00e3o 169 da Organiza\u00e7\u00e3o Internacional do Trabalho [OIT]). Em uma regi\u00e3o com mais de 45 milh\u00f5es de pessoas e mais de 800 grupos, o reconhecimento dos direitos ind\u00edgenas tornou-se uma prioridade pol\u00edtica. O advento da democracia tamb\u00e9m levantou a necessidade de avan\u00e7ar a agenda ambiental e, posteriormente, o reconhecimento dos direitos da natureza come\u00e7aria. Simultaneamente, por\u00e9m, tamb\u00e9m foi imposta uma nova configura\u00e7\u00e3o macroecon\u00f4mica, que permitiu \u00e0s elites arbitrar o capital e colocar seus excedentes em algum para\u00edso fiscal.<\/p>\n\n\n\n<p>Anos mais tarde, a entrada da China apenas consolidou o modelo de inser\u00e7\u00e3o. Mas isto n\u00e3o s\u00f3 apresenta maior volatilidade econ\u00f4mica, mas tamb\u00e9m imp\u00f5e fortes tens\u00f5es pol\u00edticas, e o ativismo ambiental torna-se uma atividade de alto risco para aqueles que lutam para preservar o meio ambiente.<\/p>\n\n\n\n<p>Mais recentemente, vimos a aprova\u00e7\u00e3o do Acordo Escaz\u00fa que, al\u00e9m de consagrar direitos como o acesso \u00e0 justi\u00e7a, o acesso \u00e0 informa\u00e7\u00e3o ambiental e a participa\u00e7\u00e3o na tomada de decis\u00f5es, imp\u00f5e ao Estado a obriga\u00e7\u00e3o de prevenir e investigar este tipo de ataques.&nbsp;<\/p>\n\n\n\n<p>H\u00e1 consenso de que o fortalecimento dos direitos dos povos ind\u00edgenas aumentaria as perspectivas de cumprimento, pois s\u00e3o as comunidades origin\u00e1rias que historicamente t\u00eam protegido a biodiversidade. E esta \u00e9 a primeira coisa que os setores conservadores atacam, como no Peru, onde ap\u00f3s o conflito institucional que terminou com a sa\u00edda de Pedro Castillo do governo, as elites est\u00e3o pressionando para <a href=\"https:\/\/aidesep.org.pe\/noticias\/en-plena-crisis-politica-comision-de-descentralizacion-del-congreso-pretende-aprobar-proyecto-de-ley-del-genocidio-piaci\/\" target=\"_blank\" rel=\"noreferrer noopener\">despojar de direitos essas comunidades e reduzir as \u00e1reas de reserva natural<\/a>. O projeto amea\u00e7a os direitos e a vida de povos que, at\u00e9 o momento, viveram isolados. Um avan\u00e7o semelhante foi visto sob o governo de Jair Bolsonaro, que permitiu o avan\u00e7o do extrativismo mais selvagem da Amaz\u00f4nia. A chegada de Lula ao governo viria para mudar esta tend\u00eancia, em cujo discurso de posse destacou: &#8220;<strong>Nossa meta \u00e9 atingir o desmatamento zero na Amaz\u00f4nia<\/strong>. N\u00e3o \u00e9 necess\u00e1rio cortar nenhuma \u00e1rvore nem invadir nossa biomassa&#8221;.<\/p>\n\n\n\n<p>O presente est\u00e1 repleto de tens\u00f5es e conflitos, com marchas e contramarchas. \u00c9 claro que a grande acelera\u00e7\u00e3o n\u00e3o pode continuar por tempo indefinido, pelo menos para aqueles que reconhecem os limites do planeta e o qu\u00e3o perto estamos do desastre. A urg\u00eancia da situa\u00e7\u00e3o deve nos levar a redefinir o pr\u00f3prio conceito de crescimento, a repensar o desinteresse da economia tradicional pela perda da biosfera e pela destrui\u00e7\u00e3o do meio ambiente.<\/p>\n","protected":false},"excerpt":{"rendered":"<p>Reler Polanyi em tempos de emerg\u00eancia clim\u00e1tica significa concentrar a an\u00e1lise na natureza e no lugar que o mercado ocupa na solu\u00e7\u00e3o do problema clim\u00e1tico ou reverter a perda de biodiversidade. <\/p>\n","protected":false},"author":213,"featured_media":14322,"comment_status":"closed","ping_status":"closed","sticky":false,"template":"","format":"standard","meta":{"_acf_changed":false,"episode_type":"","audio_file":"","cover_image":"","cover_image_id":"","duration":"","filesize":"","filesize_raw":"","date_recorded":"","explicit":"","block":"","itunes_episode_number":"","itunes_title":"","itunes_season_number":"","itunes_episode_type":"","footnotes":""},"categories":[16897,16897,16973,16751,16973,16751,14475,546],"tags":[],"gps":[],"class_list":{"0":"post-14346","1":"post","2":"type-post","3":"status-publish","4":"format-standard","5":"has-post-thumbnail","7":"category-cambio-climatico-pt-br","9":"category-crisis-climatica-pt-br","10":"category-medioambiente-pt-br","13":"category-mudanca-climatica","14":"category-sociedad-br"},"acf":[],"_links":{"self":[{"href":"https:\/\/latinoamerica21.com\/pt-br\/wp-json\/wp\/v2\/posts\/14346","targetHints":{"allow":["GET"]}}],"collection":[{"href":"https:\/\/latinoamerica21.com\/pt-br\/wp-json\/wp\/v2\/posts"}],"about":[{"href":"https:\/\/latinoamerica21.com\/pt-br\/wp-json\/wp\/v2\/types\/post"}],"author":[{"embeddable":true,"href":"https:\/\/latinoamerica21.com\/pt-br\/wp-json\/wp\/v2\/users\/213"}],"replies":[{"embeddable":true,"href":"https:\/\/latinoamerica21.com\/pt-br\/wp-json\/wp\/v2\/comments?post=14346"}],"version-history":[{"count":0,"href":"https:\/\/latinoamerica21.com\/pt-br\/wp-json\/wp\/v2\/posts\/14346\/revisions"}],"wp:featuredmedia":[{"embeddable":true,"href":"https:\/\/latinoamerica21.com\/pt-br\/wp-json\/wp\/v2\/media\/14322"}],"wp:attachment":[{"href":"https:\/\/latinoamerica21.com\/pt-br\/wp-json\/wp\/v2\/media?parent=14346"}],"wp:term":[{"taxonomy":"category","embeddable":true,"href":"https:\/\/latinoamerica21.com\/pt-br\/wp-json\/wp\/v2\/categories?post=14346"},{"taxonomy":"post_tag","embeddable":true,"href":"https:\/\/latinoamerica21.com\/pt-br\/wp-json\/wp\/v2\/tags?post=14346"},{"taxonomy":"gps","embeddable":true,"href":"https:\/\/latinoamerica21.com\/pt-br\/wp-json\/wp\/v2\/gps?post=14346"}],"curies":[{"name":"wp","href":"https:\/\/api.w.org\/{rel}","templated":true}]}}